{"id":27857,"date":"2024-08-21T13:25:53","date_gmt":"2024-08-21T13:25:53","guid":{"rendered":"https:\/\/kraios.app\/news\/saglik\/2024\/08\/21\/m-cicegi-hastaligi-su-anda-ulkemizde-yok\/"},"modified":"2024-08-21T13:25:53","modified_gmt":"2024-08-21T13:25:53","slug":"m-cicegi-hastaligi-su-anda-ulkemizde-yok","status":"publish","type":"post","link":"https:\/\/kraios.app\/news\/saglik\/2024\/08\/21\/m-cicegi-hastaligi-su-anda-ulkemizde-yok\/","title":{"rendered":"M \u00e7i\u00e7e\u011fi hastal\u0131\u011f\u0131 \u015fu anda \u00fclkemizde yok"},"content":{"rendered":"<p><\/p>\n<div>\n<p>Bakan Memi\u015fo\u011flu, Anadolu Yay\u0131nc\u0131lar Federasyonunun &#8220;Anadolu Sohbetleri&#8221; etkinli\u011finde medya kurulu\u015flar\u0131n\u0131n Ankara temsilcileriyle bir araya geldi, sorular\u0131 yan\u0131tlad\u0131.<\/p>\n<p>M \u00e7i\u00e7e\u011fi (MPox) hastal\u0131\u011f\u0131na ili\u015fkin soru \u00fczerine, bunun Afrika ve \u00f6zellikle Kongo Demokratik Cumhuriyeti&#8217;nde 20-30 senedir g\u00f6r\u00fclen bir hastal\u0131k oldu\u011funa i\u015faret eden Memi\u015fo\u011flu, DS\u00d6&#8217;n\u00fcn, daha \u00f6nce, Temmuz 2022&#8217;de M \u00e7i\u00e7e\u011fiyle ilgili &#8220;k\u00fcresel acil durum&#8221; ilan etti\u011fini ve May\u0131s 2023&#8217;te bu acil durumun sona erdirildi\u011fini an\u0131msatt\u0131.<\/p>\n<p>Hastal\u0131\u011f\u0131n mutasyona u\u011framas\u0131, s\u00f6z konusu b\u00f6lgelerde vaka say\u0131lar\u0131n\u0131n artmas\u0131 sonucu yeniden &#8220;uluslararas\u0131 \u00f6neme sahip bir halk sa\u011fl\u0131\u011f\u0131 acil durumu&#8221; ilan edildi\u011fini aktaran Memi\u015fo\u011flu, bunun endemik, yay\u0131labilir bir hastal\u0131\u011fa kar\u015f\u0131 \u00fclkelere \u00f6nlem almalar\u0131, haz\u0131rl\u0131k yapmalar\u0131 tavsiyesi anlam\u0131na geldi\u011fini anlatt\u0131.<\/p>\n<p>M \u00e7i\u00e7e\u011finin yak\u0131n ve uzun s\u00fcreli temasla bula\u015ft\u0131\u011f\u0131n\u0131 hat\u0131rlatan Memi\u015fo\u011flu, hastal\u0131\u011fa kar\u015f\u0131 gerekli haz\u0131rl\u0131klar\u0131 yapt\u0131klar\u0131n\u0131, bu konuda Bilim Kurulu&#8217;nun topland\u0131\u011f\u0131n\u0131 ve bilim insanlar\u0131n\u0131n \u00f6nerileri do\u011frultusunda M \u00e7i\u00e7e\u011fine kar\u015f\u0131 yap\u0131lmas\u0131 gerekenler, izolasyon ve izlenme s\u00fcre\u00e7lerinin yer ald\u0131\u011f\u0131 rehberin g\u00fcncellendi\u011fini an\u0131msatt\u0131.<\/p>\n<p><img decoding=\"async\" alt=\"\" src=\"https:\/\/www.aa.com.tr\/uploads\/userFiles\/c9f1ae26-3cf3-4ab4-9d72-230dedd01a4c\/20240821_2_65217773_104078021.jpg\"\/><\/p>\n<h3>&#8220;Toplumun korkmas\u0131n\u0131 gerektirecek bir durum yok&#8221;<\/h3>\n<p>Bakan Memi\u015fo\u011flu, bunlar haricinde de haz\u0131rl\u0131klar\u0131n\u0131n bulundu\u011funu vurgulayarak, s\u00f6zlerini \u015f\u00f6yle s\u00fcrd\u00fcrd\u00fc:<\/p>\n<p>&#8220;A\u015f\u0131s\u0131ndan testine kadar neler yap\u0131laca\u011f\u0131 konusunda bakanl\u0131k olarak alarmday\u0131z. Ama bu toplumun korkmas\u0131n\u0131, tedirgin olmas\u0131n\u0131 gerektirecek bir durum de\u011fil. Bunu \u00f6zellikle ifade etmek istiyorum. Sa\u011fl\u0131k sistemi olarak, sa\u011fl\u0131k altyap\u0131m\u0131z, insan g\u00fcc\u00fcm\u00fczle her duruma haz\u0131rl\u0131kl\u0131y\u0131z. Bu, Kovid-19 salg\u0131n\u0131nda da deprem s\u00fcrecinde de kendini test etti, d\u00fcnyan\u0131n \u00f6rnek sa\u011fl\u0131k hizmeti sunan bir \u00fclkesiyiz. Birinci, ikinci, \u00fc\u00e7\u00fcnc\u00fc basamak sa\u011fl\u0131k kurulu\u015flar\u0131m\u0131z bu konuda haz\u0131rl\u0131kl\u0131. Korkuya ve pani\u011fe gerek olmad\u0131\u011f\u0131n\u0131, s\u00fcrecin tedbir ve planlamalarla, yak\u0131n takiple, \u015fu andaki pozisyonumuzla devam edece\u011fini d\u00fc\u015f\u00fcn\u00fcyoruz.<\/p>\n<p>Bilim insanlar\u0131ndan ald\u0131\u011f\u0131m\u0131z bilgiler do\u011frultusunda, hastal\u0131k yak\u0131n temasla bula\u015ft\u0131\u011f\u0131, solunum yoluyla bula\u015fmayan bir vir\u00fcs oldu\u011fu i\u00e7in Kovid-19 gibi bir salg\u0131na sebebiyet vermeyece\u011fi, olsa dahi pandeminin olu\u015fmayaca\u011f\u0131 konusunda bir kanaat var. Tek t\u00fck g\u00f6r\u00fclebilir ama bu bir salg\u0131n olmaz. \u015eu anda ekstra bir tedbire ihtiyac\u0131m\u0131z olmad\u0131\u011f\u0131n\u0131 ifade etmek istiyorum.&#8221;<\/p>\n<p><img decoding=\"async\" alt=\"\" src=\"https:\/\/www.aa.com.tr\/uploads\/userFiles\/c9f1ae26-3cf3-4ab4-9d72-230dedd01a4c\/20240821_2_65217773_104078020.jpg\"\/><\/p>\n<h3>&#8220;M \u00e7i\u00e7e\u011fi hastal\u0131\u011f\u0131 \u015fu anda \u00fclkemizde yok&#8221;<\/h3>\n<p>M \u00e7i\u00e7e\u011finin \u00e7i\u00e7ek hastal\u0131\u011f\u0131yla ayn\u0131 soydan gelen bir vir\u00fcs oldu\u011funu, tedavilerinin birbirine benzedi\u011fini, \u00e7i\u00e7ek hastal\u0131\u011f\u0131n\u0131n d\u00fcnyada &#8220;eradike&#8221; edilmesi (hastal\u0131\u011f\u0131n d\u00fcnya genelinde kal\u0131c\u0131 olarak sona ermesi) nedeniyle T\u00fcrkiye&#8217;de 1980&#8217;den sonra \u00e7i\u00e7ek a\u015f\u0131s\u0131n\u0131n yap\u0131lmad\u0131\u011f\u0131n\u0131 anlatan Memi\u015fo\u011flu, \u00e7i\u00e7ek a\u015f\u0131s\u0131n\u0131n M \u00e7i\u00e7e\u011finin yeni varyantlar\u0131na kar\u015f\u0131 ne kadar koruyucu oldu\u011fu noktas\u0131nda bilim insanlar\u0131n\u0131n \u00e7al\u0131\u015ft\u0131\u011f\u0131n\u0131 ifade etti.<\/p>\n<p>Bakan Memi\u015fo\u011flu, &#8220;M \u00e7i\u00e7e\u011fi hastal\u0131\u011f\u0131 \u015fu anda \u00fclkemizde yok, g\u00f6r\u00fclmedi. Bu konuda hastane acillerimize gelip, &#8216;Ben M \u00e7i\u00e7e\u011fi mi oldum?&#8217; diye soran, \u015f\u00fcphe eden insanlar\u0131m\u0131z oluyor. Ama \u015funu bilin, biz testlerini yap\u0131yoruz, klini\u011fe bak\u0131yoruz ve bu hastal\u0131kla ilgili \u015fu ana kadar herhangi bir tan\u0131 hem test hem muayene anlam\u0131nda konulmad\u0131. E\u011fer b\u00f6yle bir tan\u0131 konulursa da bunu hemen bildirece\u011fiz, izolasyon da dahil gere\u011fini yapaca\u011f\u0131z. Ancak insanlar paniklemesinler, emin olun bu konuda sa\u011fl\u0131k\u00e7\u0131lar olarak her t\u00fcrl\u00fc tedbiri alm\u0131\u015f durumday\u0131z. \u0130n\u015fallah \u00fclkemize gelmez ama gelirse de gere\u011fini yapar\u0131z, bu konuda insanlar\u0131n rahat olmas\u0131n\u0131 istiyorum.&#8221; diye konu\u015ftu.<\/p>\n<h3>&#8220;\u015eu an i\u00e7in ekstra \u00f6nlem d\u00fc\u015f\u00fcnm\u00fcyoruz&#8221;<\/h3>\n<p>Sosyal medyada Afrika&#8217;dan e\u011fitim i\u00e7in T\u00fcrkiye&#8217;ye gelen \u00f6\u011frencilerle ilgili baz\u0131 olumsuz payla\u015f\u0131mlar yap\u0131ld\u0131\u011f\u0131, bu \u00f6\u011frencilere y\u00f6nelik bir tedbirin s\u00f6z konusu olup olmayaca\u011f\u0131 sorusu \u00fczerine Memi\u015fo\u011flu, &#8220;\u015eu anda b\u00f6yle bir tedbir s\u00f6z konusu de\u011fil, Afrikal\u0131 \u00f6\u011frencilere veya Afrikal\u0131lara ayr\u0131mc\u0131l\u0131kla ilgili bir \u015fey yapmayaca\u011f\u0131z. Ancak tabii ki vir\u00fcs\u00fcn, hastal\u0131\u011f\u0131n seyrine g\u00f6re politikalar\u0131m\u0131z\u0131 de\u011fi\u015ftirebiliriz ama \u015fu an i\u00e7in b\u00f6yle bir tedbire ihtiya\u00e7 duyulmuyor.&#8221; dedi.<\/p>\n<p>Kovid-19&#8217;da da benzer durumlar\u0131n ya\u015fand\u0131\u011f\u0131n\u0131, T\u00fcrkiye&#8217;de ilk vakan\u0131n \u00c7in&#8217;den gelen birinde g\u00f6r\u00fclece\u011fi d\u00fc\u015f\u00fcn\u00fcl\u00fcrken, Avrupa&#8217;dan gelen birinde \u00e7\u0131kt\u0131\u011f\u0131n\u0131 an\u0131msatan Memi\u015fo\u011flu, herkesin her yere seyahat etti\u011fi bir d\u00f6nemde, hastal\u0131\u011f\u0131n nereden gelece\u011finin \u00e7ok hesap edilemeyebilece\u011fini vurgulad\u0131.<\/p>\n<p>Bakan Memi\u015fo\u011flu, &#8220;Hastal\u0131\u011f\u0131n baz\u0131 b\u00f6lgelerdeki insidans\u0131 (g\u00f6r\u00fclme s\u0131kl\u0131\u011f\u0131) fazla olabilir, ona g\u00f6re de \u00f6nlemimizi alaca\u011f\u0131z ama \u015fu an i\u00e7in ekstra bir \u00f6nlem d\u00fc\u015f\u00fcnm\u00fcyoruz. Ama hep s\u00f6yl\u00fcyorum, bu t\u00fcr hastal\u0131klar\u0131 sa\u011fl\u0131kta yak\u0131n takip etmeniz gerekir. Anl\u0131k, saatlik, g\u00fcnl\u00fck de\u011fi\u015fimler olabilir \u00e7\u00fcnk\u00fc vir\u00fcs kendini de\u011fi\u015ftiren bir mikroorganizma.&#8221; ifadelerini kulland\u0131.<\/p>\n<p>PCR testlerine ili\u015fkin soru \u00fczerine Memi\u015fo\u011flu, &#8220;Hastal\u0131\u011fa ili\u015fkin 2022&#8217;deki su\u015flar elimizde var. Bunlarla ilgili PCR yapabiliriz, test yapabilecek kabiliyetimiz de var. E\u011fer yeni su\u015f e\u011fer olursa, onlar\u0131 da izole edip, \u00e7ok k\u0131sa zamanda test kiti yapabilecek, \u00fcretebilecek kabiliyetimiz var. Bunu herkese \u00f6zellikle ifade etmek istiyorum. Kovid-19&#8217;a y\u00f6nelik d\u00fcnyada a\u015f\u0131 \u00fcretebilen 7 \u00fclkeden biriyiz. Kovid-19 a\u015f\u0131s\u0131n\u0131 k\u0131sa s\u00fcrede \u00fcretebilen bir \u00fclkenin her t\u00fcrl\u00fc a\u015f\u0131y\u0131 da \u00fcretebilme kabiliyeti var.&#8221; yan\u0131t\u0131n\u0131 verdi.<\/p>\n<p>Ba\u011f\u0131\u015f\u0131klamaya y\u00f6nelik t\u00fcm a\u015f\u0131lar\u0131n T\u00fcrkiye&#8217;de \u00fcretilmesiyle ilgili bir \u00e7al\u0131\u015fmalar\u0131n\u0131n bulundu\u011funa dikkati \u00e7eken Memi\u015fo\u011flu, &#8220;Endemik olan bir hastal\u0131\u011f\u0131n a\u015f\u0131s\u0131n\u0131n tedarikiyle ilgili \u015fu anda \u00f6zel bir \u00e7aba harcam\u0131yoruz ama gerekti\u011finde bu a\u015f\u0131y\u0131 hem tedarik edebilecek hem de \u00fcretebilecek donan\u0131m\u0131m\u0131z da insan g\u00fcc\u00fcm\u00fcz de var. \u0130nsanlar bu konuda tedirgin olmas\u0131nlar.&#8221; a\u00e7\u0131klamas\u0131nda bulundu.<\/p>\n<h3>&#8220;\u00d6zellikle g\u00fcmr\u00fcklerimizde hassasiyet s\u00f6z konusu&#8221;<\/h3>\n<p>Bakan Memi\u015fo\u011flu, &#8220;M \u00e7i\u00e7e\u011fi hastal\u0131\u011f\u0131na ili\u015fkin yurt d\u0131\u015f\u0131ndan u\u00e7u\u015flarla ilgili havalimanlar\u0131nda olas\u0131 riskler, al\u0131nacak tedbirlerle ilgili bir \u00e7al\u0131\u015fma y\u00fcr\u00fct\u00fcld\u00fc m\u00fc? bu konuda isti\u015fareler yap\u0131ld\u0131 m\u0131?&#8221; \u015feklinde soru \u00fczerine, b\u00f6yle bir \u00e7al\u0131\u015fman\u0131n ger\u00e7ekle\u015ftirildi\u011fini bildirdi.<\/p>\n<p>M \u00e7i\u00e7e\u011fi rehberinin s\u0131n\u0131r kap\u0131lar\u0131ndaki g\u00f6revlilerin hassasiyetinin art\u0131r\u0131lmas\u0131 a\u00e7\u0131s\u0131ndan da \u00f6nem ta\u015f\u0131d\u0131\u011f\u0131n\u0131 vurgulayan Memi\u015fo\u011flu, hastal\u0131\u011f\u0131n ilk 4-5 g\u00fcn hi\u00e7bir belirti vermeyebildi\u011fini ama o esnada bula\u015fabildi\u011fini de aktard\u0131.<\/p>\n<p>Bakan Memi\u015fo\u011flu, \u015f\u00f6yle konu\u015ftu:<\/p>\n<p>&#8220;En az\u0131ndan ciltteki lezyonlar\u0131 tespit edebilecek, bu t\u00fcr giri\u015fleri kontrol edebilecek insanlara hastal\u0131\u011fa kar\u015f\u0131 daha hassas olmalar\u0131 i\u00e7in bildirimde bulunduk. \u00d6zellikle g\u00fcmr\u00fcklerimizde bu konuda bir hassasiyet s\u00f6z konusu. Ancak \u015fu an i\u00e7in \u00f6zel bir \u00f6nlem veya k\u0131s\u0131tlamaya gidilmeyecek. Ama tabii ki \u00f6zellikle giri\u015f kap\u0131lar\u0131ndaki g\u00f6revlilerin bu konuda daha hassas, dikkatli olmas\u0131na ili\u015fkin bir \u00e7al\u0131\u015fma yap\u0131ld\u0131. Yani \u015fu anda hi\u00e7bir \u00f6nlem almam\u0131\u015f de\u011filiz, gereken b\u00fct\u00fcn \u00f6nlemleri ald\u0131k ama k\u0131s\u0131tlamaya gitmedik. Arada fark var.&#8221;<\/p>\n<p>Hastal\u0131k semptom vermedi\u011finde tespit edilmesinin zor oldu\u011funu, hatta ilk 2-3 g\u00fcn testlerin bile pozitif \u00e7\u0131kmayabilece\u011fini anlatan Memi\u015fo\u011flu, bu nedenle T\u00fcrkiye&#8217;de gelecekte g\u00f6r\u00fclmesi s\u00f6z konusu olursa, bunun &#8220;zafiyet&#8221; olarak alg\u0131lanmamas\u0131 gerekti\u011finin alt\u0131n\u0131 \u00e7izdi.<\/p>\n<h3>Sa\u011fl\u0131k sistemine ba\u015fvurma oranlar\u0131<\/h3>\n<p>Hekime ba\u015fvurma oranlar\u0131na ili\u015fkin soruya kar\u015f\u0131l\u0131k Memi\u015fo\u011flu, T\u00fcrkiye&#8217;de 2002&#8217;de bir ki\u015finin senede ortalama iki kez sa\u011fl\u0131k sistemine ba\u015fvurdu\u011funu, bunun esas\u0131nda insanlar\u0131n sa\u011fl\u0131\u011fa ula\u015famad\u0131\u011f\u0131n\u0131 g\u00f6sterdi\u011fini dile getirdi.<\/p>\n<p>OECD&#8217;de bu oran\u0131n 6, Avrupa Birli\u011fi \u00fclkelerinde ise 5,8 oldu\u011funu aktaran Memi\u015fo\u011flu, Sa\u011fl\u0131kta D\u00f6n\u00fc\u015f\u00fcm Program\u0131&#8217;n\u0131n \u00f6zellikle insanlar\u0131n sa\u011fl\u0131k sistemine ula\u015fabilirli\u011fini sa\u011flamak hedefiyle olu\u015fturuldu\u011funu vurgulad\u0131.<\/p>\n<p>Bakan Memi\u015fo\u011flu, &#8220;\u015eu anda OECD ve Avrupa Birli\u011fi ortalamas\u0131 ayn\u0131 ama biz bu oran\u0131 11,2&#8217;ye \u00e7\u0131kartt\u0131k. Yani Avrupa Birli\u011fi veya OECD&#8217;nin ortalamas\u0131n\u0131n iki kat\u0131 neredeyse sa\u011fl\u0131k\u00e7\u0131ya ula\u015ft\u0131rabilir hale geldik. Yani esas\u0131nda \u00e7ok fazla miktarda ve \u00e7ok kolayla\u015ft\u0131 sa\u011fl\u0131\u011fa ula\u015fmak, sa\u011fl\u0131k\u00e7\u0131ya ula\u015fmak.&#8221; ifadesini kulland\u0131.<\/p>\n<p>Buna kar\u015f\u0131l\u0131k, ortalama ba\u015fvuru oranlar\u0131n\u0131n b\u00fcy\u00fck b\u00f6l\u00fcm\u00fcn\u00fcn e\u011fitim-ara\u015ft\u0131rma hastanelerine yap\u0131ld\u0131\u011f\u0131n\u0131, karaci\u011fer, kalp nakli yapan hastaneye sadece &#8220;Neyim var?&#8221; diye ba\u015fvuran ki\u015filerin de bulundu\u011funu anlatan Memi\u015fo\u011flu, \u015f\u00f6yle devam etti:<\/p>\n<p>&#8220;Sa\u011fl\u0131k sistemimizin birinci, ikinci ve \u00fc\u00e7\u00fcnc\u00fc basama\u011f\u0131 var ama toplum olarak, vatanda\u015f olarak al\u0131\u015fkanl\u0131\u011f\u0131m\u0131z daha \u00e7ok \u00fc\u00e7\u00fcnc\u00fc basama\u011f\u0131 kullanmak. Bunu art\u0131k de\u011fi\u015ftirmemiz laz\u0131m. Bu say\u0131y\u0131 sadece sa\u011fl\u0131k sistemine \u00e7ok ula\u015f\u0131labildi\u011fi a\u00e7\u0131s\u0131ndan d\u00fc\u015f\u00fcnmemiz laz\u0131m, bu bir al\u0131\u015fkanl\u0131k, sistemsel bir d\u00fczenleme gerektirir ayn\u0131 zamanda toplumsal bir bilin\u00e7 de gerektirir.<\/p>\n<p>T\u00fcrkiye&#8217;de aile hekimli\u011fi 2010&#8217;dan beri tam manas\u0131yla hizmet veriyor ama aile hekimli\u011fi daha \u00e7ok re\u00e7ete yazd\u0131rma veya \u00e7ocuklar\u0131m\u0131z\u0131, hamilelerimizi takip ettirmek i\u00e7in kullan\u0131l\u0131yor. Halbuki aile hekimli\u011fi esas\u0131nda birinci basamak tedavinin de yap\u0131ld\u0131\u011f\u0131, herkesin dan\u0131\u015fabilece\u011fi, sa\u011fl\u0131kla ilgili y\u00f6nlendirilece\u011fi yerdir.&#8221;<\/p>\n<p>Aile hekimlerinin koruyucu sa\u011fl\u0131k uygulamalar\u0131 da y\u00fcr\u00fctt\u00fc\u011f\u00fcn\u00fc belirten Memi\u015fo\u011flu, \u015fu an T\u00fcrkiye&#8217;de bulunan 450&#8217;ye yak\u0131n Sa\u011fl\u0131kl\u0131 Ya\u015fam Merkezi, 9 bine yak\u0131n da Aile Sa\u011fl\u0131\u011f\u0131 Merkezi&#8217;nde psikolo\u011fundan diyetisyenine ve koruyucu di\u015f hekimli\u011fine kadar bir\u00e7ok hizmetin verildi\u011fine dikkati \u00e7ekti.<\/p>\n<h3>&#8220;Birinci basamak sa\u011fl\u0131k kurulu\u015flar\u0131n\u0131, ikinci ve \u00fc\u00e7\u00fcnc\u00fc basamakla entegre edece\u011fiz&#8221;<\/h3>\n<p>Aile hekimlikleri ile hastanede yap\u0131lan testlerin neredeyse 60 parametresinin ayn\u0131 oldu\u011funu vurgulayan Memi\u015fo\u011flu, &#8220;Bu nedenle aile hekimli\u011fini kullanmak, g\u00fc\u00e7lendirmek istiyoruz. \u00c7\u00fcnk\u00fc ki\u015finin hastaneye gitmesini gerektirmeyecek bir hastal\u0131\u011f\u0131n\u0131 evine yak\u0131n, mahallesindeki aile hekimi veya sa\u011fl\u0131kl\u0131 ya\u015fam merkezleriyle y\u00f6netebiliriz. Ama bunu toplumun da talep etmesi ve insanlara bizim bu ortam\u0131 sa\u011flamam\u0131z gerekir. Bu \u00e7al\u0131\u015fmay\u0131 \u00f6nemsiyoruz, \u00f6zellikle do\u011fru yerde, do\u011fru zamanda, do\u011fru tedaviyi uygulamam\u0131z gerekir.&#8221; de\u011ferlendirmesinde bulundu.<\/p>\n<p>Memi\u015fo\u011flu, &#8220;Birinci basamak sa\u011fl\u0131k kurulu\u015flar\u0131n\u0131, ikinci ve \u00fc\u00e7\u00fcnc\u00fc basamak sa\u011fl\u0131k kurulu\u015flar\u0131yla entegre edece\u011fiz. Bu kurulu\u015flar\u0131n birbiriyle ba\u011flant\u0131l\u0131 \u00e7al\u0131\u015fmas\u0131n\u0131 sa\u011flayaca\u011f\u0131z.&#8221; diye konu\u015ftu.<\/p>\n<p>&#8220;Bu bir zorunluluk mu olacak? Yani ki\u015fi aile hekimine ba\u015fvurmadan hastaneye gidemeyecek mi?&#8221; \u015feklindeki soru \u00fczerine Memi\u015fo\u011flu, \u015funlar\u0131 s\u00f6yledi:<\/p>\n<p>&#8220;Bunu bir fark\u0131ndal\u0131k \u00e7al\u0131\u015fmas\u0131 olarak y\u00fcr\u00fctece\u011fiz, sa\u011fl\u0131kta zorunlulu\u011fu uygun g\u00f6rm\u00fcyoruz, bunun zorunlu olmas\u0131na y\u00f6nelik bir k\u0131s\u0131tlamay\u0131 \u015fu an i\u00e7in d\u00fc\u015f\u00fcnm\u00fcyoruz. Ama aile hekimli\u011fi kuvvetlendirildikten ve say\u0131s\u0131n\u0131 artt\u0131rd\u0131ktan sonra belli k\u0131s\u0131tlamalar olabilir. Ama \u015fu anda herhangi bir k\u0131s\u0131tlama de\u011fil, bunu te\u015fvik ve bilin\u00e7lendirmeyle beraber \u00f6d\u00fcllendirme de yapaca\u011f\u0131z. Yani hem hastay\u0131 hem de \u00e7al\u0131\u015fan\u0131m\u0131z\u0131, bu sistemi iyi \u00e7al\u0131\u015ft\u0131ran\u0131 \u00f6d\u00fcllendirecek \u015fekilde veya te\u015fvik edecek \u015fekilde bir program uygulayaca\u011f\u0131z.&#8221;<\/p>\n<h3>&#8220;Gereksiz test, ila\u00e7, film isteklerini azaltmam\u0131z gerekiyor&#8221;<\/h3>\n<p>Memi\u015fo\u011flu, MHRS&#8217;ye y\u00f6nelik getirilen onayl\u0131 randevu d\u00f6neminin toplumun ald\u0131\u011f\u0131 hastane randevusuna gelme oran\u0131n\u0131 7-8 puan art\u0131\u015fla y\u00fczde 90 d\u00fczeyine ula\u015ft\u0131rd\u0131\u011f\u0131n\u0131 bildirdi.<\/p>\n<p>Cildiye, g\u00f6z gibi baz\u0131 bran\u015flarda hala randevu noktas\u0131nda s\u0131k\u0131nt\u0131lar ya\u015fand\u0131\u011f\u0131n\u0131, 2023&#8217;te toplam 999 milyon 600 bin hasta muayenesi yap\u0131ld\u0131\u011f\u0131n\u0131 belirten Memi\u015fo\u011flu, \u015funlar\u0131 kaydetti:<\/p>\n<p>&#8220;Bunu optimize etmemiz laz\u0131m ve bunu birinci, ikinci, \u00fc\u00e7\u00fcnc\u00fc basama\u011f\u0131 entegre ederek yapt\u0131\u011f\u0131m\u0131z gibi gereksiz test, gereksiz ila\u00e7, gereksiz film isteklerini de azaltmam\u0131z gerekiyor. Bunun i\u00e7in de bakmaktan \u00e7ok sahiplenme ve tedaviyi \u00f6n planda tutmal\u0131y\u0131z. Yani sonu\u00e7-de\u011fer bazl\u0131 bir sisteme ge\u00e7ece\u011fiz. Yani sadece hastaya bakmak yetmez, hastan\u0131n bir daha ba\u015fka bir yere ba\u015fvurmas\u0131n\u0131n, ba\u015fka bir aray\u0131\u015f i\u00e7ine girmesinin \u00f6n\u00fcne ge\u00e7meye \u00e7al\u0131\u015faca\u011f\u0131z. Problemini gitti\u011fi yerde \u00e7\u00f6zmeye \u00e7al\u0131\u015faca\u011f\u0131z.&#8221;<\/p>\n<p>Sa\u011fl\u0131k Bakan\u0131 Kemal Memi\u015fo\u011flu, hekimle hasta aras\u0131ndaki alan\u0131n iyile\u015ftirilmesi, hekimlerin mutlu edilmesi, de\u011ferli k\u0131l\u0131nmas\u0131 gerekti\u011finin alt\u0131n\u0131 \u00e7izdi. Hastan\u0131n doktoruna g\u00fcvenmedi\u011fi, doktorun da hastaneden \u00e7ekindi\u011fi bir sistemin ba\u015far\u0131 \u015fans\u0131n\u0131n bulunmad\u0131\u011f\u0131na dikkati \u00e7eken Memi\u015fo\u011flu, bu konuda toplumsal fark\u0131ndal\u0131k a\u00e7\u0131s\u0131ndan medyaya da g\u00f6rev d\u00fc\u015ft\u00fc\u011f\u00fcn\u00fc vurgulad\u0131.<\/p>\n<h3>&#8220;10 re\u00e7etenin neredeyse 3&#8217;\u00fcnde antibiyotik var&#8221;<\/h3>\n<p>Memi\u015fo\u011flu, \u00f6ncelikli hedeflerinin do\u011fru zamanda, do\u011fru yerde, do\u011fru tedavinin organize edilmesi oldu\u011funu, bu konuda bilin\u00e7lendirmenin b\u00fcy\u00fck \u00f6nem ta\u015f\u0131d\u0131\u011f\u0131n\u0131 kaydetti.<\/p>\n<p>Gereksiz ila\u00e7 kullan\u0131m\u0131na ili\u015fkin de Memi\u015fo\u011flu, &#8220;Bakt\u0131\u011f\u0131m\u0131zda 10 re\u00e7etenin neredeyse 3&#8217;\u00fcnde antibiyotik var. Doktor, &#8216;Antibiyotik yazmayay\u0131m&#8217; dedi\u011finde bile hasta &#8216;Ben istiyorum&#8217; diyor. Bunlar\u0131 reorganize edip, neden, nas\u0131l yap\u0131ld\u0131\u011f\u0131n\u0131, sonucunun ne oldu\u011funu \u00f6l\u00e7erek, bir e\u011fitim, bilin\u00e7lendirme ve te\u015fvik sistemine d\u00f6nece\u011fiz.&#8221; diye konu\u015ftu.<\/p>\n<p>Hekimli\u011fin kendini insanl\u0131\u011fa adamak anlam\u0131na geldi\u011fini, bunu s\u0131k s\u0131k t\u0131p fak\u00fcltesindeki \u00f6\u011frencilerine de s\u00f6yledi\u011fini anlatan Memi\u015fo\u011flu, 6 \u015eubat depremlerinin hemen ard\u0131ndan \u0130stanbul&#8217;da havaliman\u0131na binlerce hekimin gitti\u011fine, T\u00fcrk hekimlerinin b\u00f6lgede g\u00f6rev almak i\u00e7in seferber oldu\u011funa dikkati \u00e7ekti.<\/p>\n<p>Koruyucu hekimli\u011fi \u00f6n plana \u00e7\u0131kartacaklar\u0131n\u0131 bildiren Memi\u015fo\u011flu, &#8220;Obezite, ba\u011f\u0131ml\u0131l\u0131k, hareketsizlik, do\u011furganl\u0131k oranlar\u0131n\u0131n d\u00fc\u015fmesi toplumumuzun en b\u00fcy\u00fck riskleri. Hekimlerin \u00f6zl\u00fck haklar\u0131yla beraber bu konulara da bakaca\u011f\u0131z.&#8221; dedi.<\/p>\n<p>                            <span class=\"detay-foto-editor\">&#13;<br \/>\n                                <a href=\"https:\/\/www.aa.com.tr\/tr\/p\/abonelik-talep-formu\/1001\" target=\"_blank\" style=\"font-size:12px; color:#444; text-decoration:none;\" rel=\"noopener\">&#13;<br \/>\n                                    Anadolu Ajans\u0131 web sitesinde, AA Haber Ak\u0131\u015f Sistemi (HAS) \u00fczerinden abonelere sunulan haberler, \u00f6zetlenerek yay\u0131mlanmaktad\u0131r. <b style=\"color:#1897F7\">Abonelik i\u00e7in l\u00fctfen ileti\u015fime ge\u00e7iniz.<\/b>&#13;<br \/>\n                                <\/a>&#13;<br \/>\n                            <\/span>\n                        <\/div>\n<p><script>\n\t  window.fbAsyncInit = function() {\n\t\tFB.init({\n\t\t  appId: '1855843514662870',\n\t\t  status : true, \/\/ check login status\n\t\t  cookie : true, \/\/ enable cookies to allow the server to access the session\n\t\t  xfbml  : true  \/\/ parse XFBML\n\t\t});\n\t  };<\/p>\n<p>\t  (function() {\n\t\tvar e = document.createElement('script');\n\t\te.src=\"https:\/\/connect.facebook.net\/tr_TR\/all.js\";\n\t\te.async = true;\n\t\tdocument.getElementById('fb-root').appendChild(e);\n\t  }());\n    <\/script><\/p>\n","protected":false},"excerpt":{"rendered":"<p>Bakan Memi\u015fo\u011flu, Anadolu Yay\u0131nc\u0131lar Federasyonunun &#8220;Anadolu Sohbetleri&#8221; etkinli\u011finde medya kurulu\u015flar\u0131n\u0131n Ankara temsilcileriyle bir araya geldi, sorular\u0131 yan\u0131tlad\u0131. M \u00e7i\u00e7e\u011fi (MPox) hastal\u0131\u011f\u0131na ili\u015fkin soru \u00fczerine, bunun Afrika ve \u00f6zellikle Kongo Demokratik Cumhuriyeti&#8217;nde 20-30 senedir g\u00f6r\u00fclen bir hastal\u0131k oldu\u011funa i\u015faret eden Memi\u015fo\u011flu, DS\u00d6&#8217;n\u00fcn, daha \u00f6nce, Temmuz 2022&#8217;de M \u00e7i\u00e7e\u011fiyle ilgili &#8220;k\u00fcresel acil durum&#8221; ilan etti\u011fini ve May\u0131s [&hellip;]<\/p>\n","protected":false},"author":1,"featured_media":27858,"comment_status":"","ping_status":"","sticky":false,"template":"","format":"standard","meta":[],"categories":[46],"tags":[],"_links":{"self":[{"href":"https:\/\/kraios.app\/news\/wp-json\/wp\/v2\/posts\/27857"}],"collection":[{"href":"https:\/\/kraios.app\/news\/wp-json\/wp\/v2\/posts"}],"about":[{"href":"https:\/\/kraios.app\/news\/wp-json\/wp\/v2\/types\/post"}],"author":[{"embeddable":true,"href":"https:\/\/kraios.app\/news\/wp-json\/wp\/v2\/users\/1"}],"replies":[{"embeddable":true,"href":"https:\/\/kraios.app\/news\/wp-json\/wp\/v2\/comments?post=27857"}],"version-history":[{"count":0,"href":"https:\/\/kraios.app\/news\/wp-json\/wp\/v2\/posts\/27857\/revisions"}],"wp:featuredmedia":[{"embeddable":true,"href":"https:\/\/kraios.app\/news\/wp-json\/wp\/v2\/media\/27858"}],"wp:attachment":[{"href":"https:\/\/kraios.app\/news\/wp-json\/wp\/v2\/media?parent=27857"}],"wp:term":[{"taxonomy":"category","embeddable":true,"href":"https:\/\/kraios.app\/news\/wp-json\/wp\/v2\/categories?post=27857"},{"taxonomy":"post_tag","embeddable":true,"href":"https:\/\/kraios.app\/news\/wp-json\/wp\/v2\/tags?post=27857"}],"curies":[{"name":"wp","href":"https:\/\/api.w.org\/{rel}","templated":true}]}}