{"id":27855,"date":"2024-08-20T12:30:27","date_gmt":"2024-08-20T12:30:27","guid":{"rendered":"https:\/\/kraios.app\/news\/saglik\/2024\/08\/20\/omurilik-erimesine-bagli-yurume-sorunlari-yasayan-gurbetci-kadin-turkiyede-sagligina-kavustu\/"},"modified":"2024-08-20T12:30:27","modified_gmt":"2024-08-20T12:30:27","slug":"omurilik-erimesine-bagli-yurume-sorunlari-yasayan-gurbetci-kadin-turkiyede-sagligina-kavustu","status":"publish","type":"post","link":"https:\/\/kraios.app\/news\/saglik\/2024\/08\/20\/omurilik-erimesine-bagli-yurume-sorunlari-yasayan-gurbetci-kadin-turkiyede-sagligina-kavustu\/","title":{"rendered":"Omurilik erimesine ba\u011fl\u0131 y\u00fcr\u00fcme sorunlar\u0131 ya\u015fayan gurbet\u00e7i kad\u0131n T\u00fcrkiye&#8217;de sa\u011fl\u0131\u011f\u0131na kavu\u015ftu"},"content":{"rendered":"<p><\/p>\n<div>\n<p>Ba\u015fkent Amsterdam&#8217;da ya\u015fayan G\u00fclten Durmu\u015f, 3 y\u0131l \u00f6nce ellerinde ve kollar\u0131nda, uyu\u015fma ba\u015fta olmak \u00fczere \u00e7e\u015fitli rahats\u0131zl\u0131klar ya\u015famaya ba\u015flad\u0131.<\/p>\n<p>Durmu\u015f&#8217;a, ba\u015fvurdu\u011fu bir hastanede, \u015fikayetlerinin psikolojik oldu\u011fu s\u00f6ylenerek antidepresan tedavisi uyguland\u0131. \u015eikayetleri artmaya devam edince bir ba\u015fka hastaneye ba\u015fvuran Durmu\u015f, orada da sinir s\u0131k\u0131\u015fmas\u0131 tan\u0131s\u0131yla el bile\u011finden ameliyat edildi.<\/p>\n<p>Zamanla, y\u00fcr\u00fcyemez, g\u00fcnl\u00fck ihtiya\u00e7lar\u0131n\u0131 kar\u015f\u0131layamaz duruma gelen Durmu\u015f, tekerlekli sandalyeye ba\u011fl\u0131 ya\u015fam\u0131n\u0131 s\u00fcrd\u00fcrmeye ba\u015flay\u0131nca, \u00e7areyi T\u00fcrkiye&#8217;de aramaya karar verdi.<\/p>\n<p><img decoding=\"async\" alt=\"\" src=\"https:\/\/admin.aa.com.tr\/uploads\/userFiles\/9c85db40-ef31-40fe-a989-05c7e506d5d0\/08_2024%2F20082024%2Fgulten2_.jpg\"\/><\/p>\n<p>Konya&#8217;daki \u00f6zel bir hastanenin Beyin ve Sinir Cerrahisi Klini\u011fi Sorumlusu Prof. Dr. Erdal Kalkan&#8217;a ula\u015fan Durmu\u015f&#8217;a, ileri tetkik ve inceleme sonucu, boyun seviyesinde omurilik erimesi tan\u0131s\u0131 konuldu.<\/p>\n<p>Durmu\u015f, ba\u015far\u0131l\u0131 ge\u00e7en omurilik ameliyat\u0131n\u0131n ard\u0131ndan, devam etti\u011fi fizik tedaviyle yeniden aya\u011fa kalkt\u0131.<\/p>\n<p><img decoding=\"async\" alt=\"\" src=\"https:\/\/www.aa.com.tr\/uploads\/userFiles\/9c85db40-ef31-40fe-a989-05c7e506d5d0\/08_2024%2F20082024%2Fgulten1_.jpg\"\/><\/p>\n<h3>&#8220;Tan\u0131y\u0131 koydu\u011fumuz andan itibaren cerrahisini de planlad\u0131k&#8221;<\/h3>\n<p>Prof. Dr. Kalkan, AA muhabirine, hastan\u0131n muayeneye, tekerlekli sandalyede, \u015fiddetli a\u011fr\u0131larla ve uyu\u015fmalarla geldi\u011fini s\u00f6yledi.<\/p>\n<p>Kol ve bacaklar\u0131nda ileri derecede kuvvet kayb\u0131 olan hastan\u0131n, boynundan hareketli MR&#8217;lar \u00e7ektiklerini anlatan Kalkan, \u015f\u00f6yle konu\u015ftu:<\/p>\n<p>&#8220;Tetkik sonu\u00e7lar\u0131nda omurili\u011fin boyun seviyesinde eridi\u011fini g\u00f6rd\u00fck. Buna &#8216;servikal spondilotik myelopati&#8217; denir. Bu hastal\u0131k, s\u00fcre\u00e7 i\u00e7inde giderek k\u00f6t\u00fcle\u015fiyor. Omurilikte meydana gelen hasar da geriye d\u00f6nmez. Son derece tehlikeli ve zaman\u0131nda m\u00fcdahale edilmesi gereken bir rahats\u0131zl\u0131kt\u0131r. Tan\u0131y\u0131 koydu\u011fumuz andan itibaren cerrahisini de planlad\u0131k. Omurilik s\u0131k\u0131\u015f\u0131kl\u0131\u011f\u0131n\u0131 kald\u0131rd\u0131k. Omurga kanal\u0131n\u0131, boynun arka taraf\u0131ndan yapt\u0131\u011f\u0131m\u0131z ameliyatla geni\u015flettik. Mini plak ve vidalar da kulland\u0131k.&#8221;<\/p>\n<p>Kalkan, ameliyat\u0131n ertesi g\u00fcn\u00fcnden itibaren, hastan\u0131n a\u011fr\u0131lar\u0131nda belirgin d\u00fczeyde azalma oldu\u011funa dikkati \u00e7ekerek, &#8220;Hastam\u0131z\u0131 3-4 g\u00fcn sonra taburcu ettik. Fizik tedavisine de bir an \u00f6nce ba\u015flamas\u0131n\u0131 \u00f6nerdik. Hastam\u0131z, ikinci hafta kontrol\u00fcnde art\u0131k bize y\u00fcr\u00fcyerek geldi ve y\u00fcz\u00fc g\u00fcl\u00fcyordu. Birinci ay kontrol\u00fcne de son derece mutlu geldi. Belirgin d\u00fczeyde iyile\u015fmesi mevcut. 2-3 ay daha fizik tedavi s\u00fcreci devam edecek.&#8221; ifadelerini kulland\u0131.<\/p>\n<h3>&#8220;Tekrar y\u00fcr\u00fcyemeyece\u011fimden \u00e7ok korkuyordum&#8221;<\/h3>\n<p>Durmu\u015f da yeniden aya\u011fa kalkabildi\u011fi i\u00e7in \u00e7ok mutlu oldu\u011funu belirterek, &#8220;Hi\u00e7bir \u015fey yapam\u0131yordum. Tekrar y\u00fcr\u00fcyemeyece\u011fimden \u00e7ok korkuyordum. Doktorum, &#8216;Birka\u00e7 ay daha gelmeseydiniz hi\u00e7bir \u015fey yapamazd\u0131k.&#8217; dedi. Yeniden hayata tutundum. Her \u015feyimi art\u0131k kendim yapabiliyorum. \u00c7ocuklar\u0131mla, e\u015fimle, mutlulukla, sevin\u00e7le g\u00fczel g\u00fcnler beni bekliyor.&#8221; diye konu\u015ftu.<\/p>\n<p>                            <span class=\"detay-foto-editor\">&#13;<br \/>\n                                <a href=\"https:\/\/www.aa.com.tr\/tr\/p\/abonelik-talep-formu\/1001\" target=\"_blank\" style=\"font-size:12px; color:#444; text-decoration:none;\" rel=\"noopener\">&#13;<br \/>\n                                    Anadolu Ajans\u0131 web sitesinde, AA Haber Ak\u0131\u015f Sistemi (HAS) \u00fczerinden abonelere sunulan haberler, \u00f6zetlenerek yay\u0131mlanmaktad\u0131r. <b style=\"color:#1897F7\">Abonelik i\u00e7in l\u00fctfen ileti\u015fime ge\u00e7iniz.<\/b>&#13;<br \/>\n                                <\/a>&#13;<br \/>\n                            <\/span>\n                        <\/div>\n<p><script>\n\t  window.fbAsyncInit = function() {\n\t\tFB.init({\n\t\t  appId: '1855843514662870',\n\t\t  status : true, \/\/ check login status\n\t\t  cookie : true, \/\/ enable cookies to allow the server to access the session\n\t\t  xfbml  : true  \/\/ parse XFBML\n\t\t});\n\t  };<\/p>\n<p>\t  (function() {\n\t\tvar e = document.createElement('script');\n\t\te.src=\"https:\/\/connect.facebook.net\/tr_TR\/all.js\";\n\t\te.async = true;\n\t\tdocument.getElementById('fb-root').appendChild(e);\n\t  }());\n    <\/script><\/p>\n","protected":false},"excerpt":{"rendered":"<p>Ba\u015fkent Amsterdam&#8217;da ya\u015fayan G\u00fclten Durmu\u015f, 3 y\u0131l \u00f6nce ellerinde ve kollar\u0131nda, uyu\u015fma ba\u015fta olmak \u00fczere \u00e7e\u015fitli rahats\u0131zl\u0131klar ya\u015famaya ba\u015flad\u0131. Durmu\u015f&#8217;a, ba\u015fvurdu\u011fu bir hastanede, \u015fikayetlerinin psikolojik oldu\u011fu s\u00f6ylenerek antidepresan tedavisi uyguland\u0131. \u015eikayetleri artmaya devam edince bir ba\u015fka hastaneye ba\u015fvuran Durmu\u015f, orada da sinir s\u0131k\u0131\u015fmas\u0131 tan\u0131s\u0131yla el bile\u011finden ameliyat edildi. Zamanla, y\u00fcr\u00fcyemez, g\u00fcnl\u00fck ihtiya\u00e7lar\u0131n\u0131 kar\u015f\u0131layamaz duruma gelen [&hellip;]<\/p>\n","protected":false},"author":1,"featured_media":27856,"comment_status":"","ping_status":"","sticky":false,"template":"","format":"standard","meta":[],"categories":[46],"tags":[],"_links":{"self":[{"href":"https:\/\/kraios.app\/news\/wp-json\/wp\/v2\/posts\/27855"}],"collection":[{"href":"https:\/\/kraios.app\/news\/wp-json\/wp\/v2\/posts"}],"about":[{"href":"https:\/\/kraios.app\/news\/wp-json\/wp\/v2\/types\/post"}],"author":[{"embeddable":true,"href":"https:\/\/kraios.app\/news\/wp-json\/wp\/v2\/users\/1"}],"replies":[{"embeddable":true,"href":"https:\/\/kraios.app\/news\/wp-json\/wp\/v2\/comments?post=27855"}],"version-history":[{"count":0,"href":"https:\/\/kraios.app\/news\/wp-json\/wp\/v2\/posts\/27855\/revisions"}],"wp:featuredmedia":[{"embeddable":true,"href":"https:\/\/kraios.app\/news\/wp-json\/wp\/v2\/media\/27856"}],"wp:attachment":[{"href":"https:\/\/kraios.app\/news\/wp-json\/wp\/v2\/media?parent=27855"}],"wp:term":[{"taxonomy":"category","embeddable":true,"href":"https:\/\/kraios.app\/news\/wp-json\/wp\/v2\/categories?post=27855"},{"taxonomy":"post_tag","embeddable":true,"href":"https:\/\/kraios.app\/news\/wp-json\/wp\/v2\/tags?post=27855"}],"curies":[{"name":"wp","href":"https:\/\/api.w.org\/{rel}","templated":true}]}}