{"id":27837,"date":"2024-08-18T10:21:27","date_gmt":"2024-08-18T10:21:27","guid":{"rendered":"https:\/\/kraios.app\/news\/saglik\/2024\/08\/18\/mobil-kanser-tarama-araciyla-erken-tani-icin-igdirin-kirsalini-geziyorlar\/"},"modified":"2024-08-18T10:21:27","modified_gmt":"2024-08-18T10:21:27","slug":"mobil-kanser-tarama-araciyla-erken-tani-icin-igdirin-kirsalini-geziyorlar","status":"publish","type":"post","link":"https:\/\/kraios.app\/news\/saglik\/2024\/08\/18\/mobil-kanser-tarama-araciyla-erken-tani-icin-igdirin-kirsalini-geziyorlar\/","title":{"rendered":"Mobil kanser tarama arac\u0131yla erken tan\u0131 i\u00e7in I\u011fd\u0131r&#8217;\u0131n k\u0131rsal\u0131n\u0131 geziyorlar"},"content":{"rendered":"<p><\/p>\n<div>\n<p>\u0130l Sa\u011fl\u0131k M\u00fcd\u00fcrl\u00fc\u011f\u00fcnce rahim a\u011fz\u0131, meme ve kolon kanseriyle m\u00fccadele i\u00e7in olu\u015fturulan mobil kanser tarama arac\u0131, temmuz ay\u0131nda hizmete ba\u015flad\u0131.<\/p>\n<p>M\u00fcd\u00fcrl\u00fck b\u00fcnyesindeki Sa\u011fl\u0131k Hizmetleri Ba\u015fkanl\u0131\u011f\u0131na ba\u011fl\u0131 ekipler, tarama arac\u0131yla, hastanelere ve tarama merkezlerinde ula\u015f\u0131m olana\u011f\u0131 olmayan k\u0131rsalda ya\u015fayan vatanda\u015flar\u0131n aya\u011f\u0131na kadar gidip tarama yap\u0131yor.<\/p>\n<p><img decoding=\"async\" alt=\"\" src=\"https:\/\/www.aa.com.tr\/uploads\/userFiles\/4f62407a-abf2-4464-9690-b6acbca575b5\/07_2024%2F00_AGUSTOS%2F04%2F20240818_2_65179871_103992169.jpg\"\/><\/p>\n<p>Genellikle k\u00f6y meydanlar\u0131na kurulan araca gelen vatanda\u015flar, burada \u00fccretsiz \u015fekilde doktor ve sa\u011fl\u0131k personellerinin deste\u011fiyle taramalar\u0131n\u0131 yapt\u0131rabiliyor.<\/p>\n<p>Taramalar sonucunda kanser tespit edilen vatanda\u015flar ise hastanelere y\u00f6nlendiriliyor.<\/p>\n<p><img decoding=\"async\" alt=\"\" src=\"https:\/\/www.aa.com.tr\/uploads\/userFiles\/4f62407a-abf2-4464-9690-b6acbca575b5\/07_2024%2F00_AGUSTOS%2F04%2F20240818_2_65179871_103992168.jpg\"\/><\/p>\n<p>Son olarak ekibin gitti\u011fi K\u00fcll\u00fck k\u00f6y\u00fcndeki sa\u011fl\u0131k oca\u011f\u0131na gelen kad\u0131nlar, burada kay\u0131tlar\u0131n\u0131 yapt\u0131r\u0131p daha sonra meydanda bekleyen tarama arac\u0131nda testlerini ger\u00e7ekle\u015ftirdi.<\/p>\n<p>Ekip, I\u011fd\u0131r n\u00fcfusunun b\u00fcy\u00fck \u00e7o\u011funlu\u011funu taramadan ge\u00e7irmeyi hedefliyor.<\/p>\n<p>Halk Sa\u011fl\u0131\u011f\u0131 Uzman\u0131 Dr. Aylin S\u00f6nmez G\u00fcn, AA muhabirine, kanserin s\u0131k g\u00f6r\u00fclmesi ve \u00f6ld\u00fcr\u00fcc\u00fcl\u00fc\u011f\u00fcn\u00fcn y\u00fcksek olmas\u0131 nedeniyle \u00f6nemli bir halk sa\u011fl\u0131\u011f\u0131 sorunu oldu\u011funu s\u00f6yledi.<\/p>\n<p>Sa\u011fl\u0131k Bakanl\u0131\u011f\u0131n\u0131n 2024-2028 Stratejik Plan\u0131&#8217;nda kanserle her t\u00fcrl\u00fc m\u00fccadelenin de yer ald\u0131\u011f\u0131n\u0131 belirten G\u00fcn, bu kapsamda, I\u011fd\u0131r&#8217;da kanser taramalar\u0131n\u0131 ve kanser takiplerini art\u0131rmak amac\u0131yla bir eylem plan\u0131 olu\u015fturuldu\u011funu belirtti.<\/p>\n<p><img decoding=\"async\" alt=\"\" src=\"https:\/\/www.aa.com.tr\/uploads\/userFiles\/4f62407a-abf2-4464-9690-b6acbca575b5\/07_2024%2F00_AGUSTOS%2F04%2F20240818_2_65179871_103992166.jpg\"\/><\/p>\n<p>Plan do\u011frultusunda \u00e7al\u0131\u015fmalar\u0131n y\u00fcr\u00fct\u00fcld\u00fc\u011f\u00fcn\u00fc dile getiren G\u00fcn, &#8220;Mobil arac\u0131m\u0131z\u0131n halk\u0131m\u0131zla bulu\u015fmas\u0131 ve sa\u011fl\u0131k \u00e7al\u0131\u015fanlar\u0131m\u0131z\u0131n gayreti neticesinde haziran ay\u0131na k\u0131yasla temmuzda rahim a\u011fz\u0131 kanseri i\u00e7in yap\u0131lan taramalarda y\u00fczde 351, kolon kanseri i\u00e7in yap\u0131lan taramalarda y\u00fczde 21 ve meme kanseri i\u00e7in yap\u0131lan taramalarda y\u00fczde 64 art\u0131\u015f sa\u011fland\u0131. Arac\u0131m\u0131z belli bir program do\u011frultusunda halk\u0131m\u0131zla bulu\u015fmaya devam edecektir.&#8221; dedi.<\/p>\n<h3>Hizmet vatanda\u015f\u0131n aya\u011f\u0131na kadar gidiyor<\/h3>\n<p>\u00c7al\u0131\u015fmalar\u0131 k\u0131rsal alanda yo\u011funla\u015ft\u0131rd\u0131klar\u0131n\u0131 fakat merkezlerde de \u00e7al\u0131\u015fma y\u00fcr\u00fcteceklerini dile getiren G\u00fcn, \u015funlar\u0131 kaydetti:<\/p>\n<p>&#8220;\u0130l ve il\u00e7e merkezlerine de ula\u015fmay\u0131 hedefliyoruz. Topyekun t\u00fcm halk\u0131m\u0131z\u0131 kanserle ilgili bilgilendirip taramalar\u0131n\u0131 yapmay\u0131 sa\u011flayaca\u011f\u0131z. Vatanda\u015flar \u00e7ok memnunlar, b\u00f6yle topluca bir yerde olmalar\u0131 hem halk\u0131n aras\u0131nda sinerji olu\u015fmas\u0131na, belki taramaya daha kolay ikna olmalar\u0131na katk\u0131da bulunuyor. Hizmeti onlara hem hat\u0131rlatm\u0131\u015f hem de hizmeti g\u00f6t\u00fcrm\u00fc\u015f oluyoruz.&#8221;<\/p>\n<p>Vatanda\u015flardan Zahide Parsak ise &#8220;Allah devletten, doktorlardan da hem\u015firelerden de raz\u0131 olsun. Kanser taramas\u0131 yapt\u0131rd\u0131k, sa\u011fl\u0131k\u00e7\u0131lar\u0131m\u0131z da yard\u0131mc\u0131 oldu. \u0130\u00e7imiz rahatlad\u0131, Allah korusun birinde kanser var ise art\u0131k o kendisini bilecek, erken te\u015fhis yapacak.&#8221; ifadelerini kulland\u0131.<\/p>\n<p>                            <span class=\"detay-foto-editor\">&#13;<br \/>\n                                <a href=\"https:\/\/www.aa.com.tr\/tr\/p\/abonelik-talep-formu\/1001\" target=\"_blank\" style=\"font-size:12px; color:#444; text-decoration:none;\" rel=\"noopener\">&#13;<br \/>\n                                    Anadolu Ajans\u0131 web sitesinde, AA Haber Ak\u0131\u015f Sistemi (HAS) \u00fczerinden abonelere sunulan haberler, \u00f6zetlenerek yay\u0131mlanmaktad\u0131r. <b style=\"color:#1897F7\">Abonelik i\u00e7in l\u00fctfen ileti\u015fime ge\u00e7iniz.<\/b>&#13;<br \/>\n                                <\/a>&#13;<br \/>\n                            <\/span>\n                        <\/div>\n<p><script>\n\t  window.fbAsyncInit = function() {\n\t\tFB.init({\n\t\t  appId: '1855843514662870',\n\t\t  status : true, \/\/ check login status\n\t\t  cookie : true, \/\/ enable cookies to allow the server to access the session\n\t\t  xfbml  : true  \/\/ parse XFBML\n\t\t});\n\t  };<\/p>\n<p>\t  (function() {\n\t\tvar e = document.createElement('script');\n\t\te.src=\"https:\/\/connect.facebook.net\/tr_TR\/all.js\";\n\t\te.async = true;\n\t\tdocument.getElementById('fb-root').appendChild(e);\n\t  }());\n    <\/script><\/p>\n","protected":false},"excerpt":{"rendered":"<p>\u0130l Sa\u011fl\u0131k M\u00fcd\u00fcrl\u00fc\u011f\u00fcnce rahim a\u011fz\u0131, meme ve kolon kanseriyle m\u00fccadele i\u00e7in olu\u015fturulan mobil kanser tarama arac\u0131, temmuz ay\u0131nda hizmete ba\u015flad\u0131. M\u00fcd\u00fcrl\u00fck b\u00fcnyesindeki Sa\u011fl\u0131k Hizmetleri Ba\u015fkanl\u0131\u011f\u0131na ba\u011fl\u0131 ekipler, tarama arac\u0131yla, hastanelere ve tarama merkezlerinde ula\u015f\u0131m olana\u011f\u0131 olmayan k\u0131rsalda ya\u015fayan vatanda\u015flar\u0131n aya\u011f\u0131na kadar gidip tarama yap\u0131yor. Genellikle k\u00f6y meydanlar\u0131na kurulan araca gelen vatanda\u015flar, burada \u00fccretsiz \u015fekilde doktor [&hellip;]<\/p>\n","protected":false},"author":1,"featured_media":27838,"comment_status":"","ping_status":"","sticky":false,"template":"","format":"standard","meta":[],"categories":[46],"tags":[],"_links":{"self":[{"href":"https:\/\/kraios.app\/news\/wp-json\/wp\/v2\/posts\/27837"}],"collection":[{"href":"https:\/\/kraios.app\/news\/wp-json\/wp\/v2\/posts"}],"about":[{"href":"https:\/\/kraios.app\/news\/wp-json\/wp\/v2\/types\/post"}],"author":[{"embeddable":true,"href":"https:\/\/kraios.app\/news\/wp-json\/wp\/v2\/users\/1"}],"replies":[{"embeddable":true,"href":"https:\/\/kraios.app\/news\/wp-json\/wp\/v2\/comments?post=27837"}],"version-history":[{"count":0,"href":"https:\/\/kraios.app\/news\/wp-json\/wp\/v2\/posts\/27837\/revisions"}],"wp:featuredmedia":[{"embeddable":true,"href":"https:\/\/kraios.app\/news\/wp-json\/wp\/v2\/media\/27838"}],"wp:attachment":[{"href":"https:\/\/kraios.app\/news\/wp-json\/wp\/v2\/media?parent=27837"}],"wp:term":[{"taxonomy":"category","embeddable":true,"href":"https:\/\/kraios.app\/news\/wp-json\/wp\/v2\/categories?post=27837"},{"taxonomy":"post_tag","embeddable":true,"href":"https:\/\/kraios.app\/news\/wp-json\/wp\/v2\/tags?post=27837"}],"curies":[{"name":"wp","href":"https:\/\/api.w.org\/{rel}","templated":true}]}}