{"id":27835,"date":"2024-08-18T09:56:47","date_gmt":"2024-08-18T09:56:47","guid":{"rendered":"https:\/\/kraios.app\/news\/saglik\/2024\/08\/18\/gozundeki-tumor-nedeniyle-acilar-icinde-kivranan-gazzeli-muhammed-tedavi-olmayi-bekliyor\/"},"modified":"2024-08-18T09:56:47","modified_gmt":"2024-08-18T09:56:47","slug":"gozundeki-tumor-nedeniyle-acilar-icinde-kivranan-gazzeli-muhammed-tedavi-olmayi-bekliyor","status":"publish","type":"post","link":"https:\/\/kraios.app\/news\/saglik\/2024\/08\/18\/gozundeki-tumor-nedeniyle-acilar-icinde-kivranan-gazzeli-muhammed-tedavi-olmayi-bekliyor\/","title":{"rendered":"G\u00f6z\u00fcndeki t\u00fcm\u00f6r nedeniyle ac\u0131lar i\u00e7inde k\u0131vranan Gazzeli Muhammed, tedavi olmay\u0131 bekliyor"},"content":{"rendered":"<p><\/p>\n<div>\n<p>\u0130srail&#8217;in abluka alt\u0131ndaki Gazze \u015eeridi&#8217;ne y\u00f6nelik sald\u0131r\u0131 ve ablukas\u0131 317 g\u00fcnd\u00fcr s\u00fcr\u00fcyor.<\/p>\n<p>Sald\u0131r\u0131lardan kurtulan sa\u011fl\u0131kl\u0131 insanlar\u0131n bile \u00e7ok zor \u015fartlar alt\u0131nda, hayatta kalma m\u00fccadelesi verdi\u011fi Gazze&#8217;de, tedavi olmay\u0131 bekleyen 10 bin kanser hastas\u0131n\u0131n s\u0131k\u0131nt\u0131s\u0131 ise her ge\u00e7en g\u00fcn art\u0131yor.<\/p>\n<p>Son olarak 15 A\u011fustos&#8217;ta D\u00fcnya Sa\u011fl\u0131k \u00d6rg\u00fct\u00fc (DS\u00d6), 11 kanser hastas\u0131 \u00e7ocu\u011fun Gazze d\u0131\u015f\u0131nda tedavi olabilmeleri i\u00e7in \u00e7\u0131k\u0131\u015flar\u0131n\u0131 uluslararas\u0131 kurumlar arac\u0131l\u0131\u011f\u0131yla organize etmi\u015fti. \u00c7ocuklar ve refakat\u00e7ilerinin Kerem Ebu Salim S\u0131n\u0131r Kap\u0131s\u0131&#8217;n\u0131 kullanarak Gazze \u015eeridi&#8217;nden \u00e7\u0131kart\u0131lmalar\u0131 planlan\u0131yor.<\/p>\n<p><img decoding=\"async\" alt=\"\" src=\"https:\/\/www.aa.com.tr\/uploads\/userFiles\/a54ea27f-6036-4f79-88c6-6bc9ba19a35d\/07%2F19%2F02%2FAA-35429750.jpg\"\/><\/p>\n<p>Karra&#8217;n\u0131n da s\u00f6z konusu kafileyle birlikte yurt d\u0131\u015f\u0131na \u00e7\u0131kmas\u0131 gerekirken, \u0130srail&#8217;in annesine \u00e7\u0131k\u0131\u015f izni vermemesi nedeniyle bu haktan mahrum edildi.<\/p>\n<p>Nas\u0131r Hastanesinde k\u0131s\u0131tl\u0131 imkanlarla tedavi g\u00f6ren Karra&#8217;n\u0131n g\u00f6z\u00fcndeki t\u00fcm\u00f6r\u00fcn bir an evvel tedavi edilmesi gerekiyor.<\/p>\n<h3>G\u00f6z\u00fcndeki t\u00fcm\u00f6r 2 hafta \u00f6nce \u00e7\u0131kt\u0131<\/h3>\n<p>K\u00fc\u00e7\u00fck Muhammed&#8217;in anneannesi Subhiyye Atiyye, Han Yunus&#8217;un do\u011fusunda ya\u015fad\u0131klar\u0131n\u0131 ancak, \u0130srail&#8217;in b\u00f6lgenin bo\u015falt\u0131lmas\u0131 y\u00f6n\u00fcnde uyar\u0131da bulunmas\u0131yla Muhammed&#8217;in \u00e7ilesinin de artt\u0131\u011f\u0131n\u0131 s\u00f6yledi.<\/p>\n<p>Muhammed&#8217;in sald\u0131r\u0131lardan \u00f6nce hayat\u0131n\u0131 normal bir \u015fekilde idame ettirdi\u011fini aktaran Atiyye, &#8220;Ne zamanki bir kamptan di\u011ferine, bir okuldan di\u011ferine g\u00f6\u00e7 etmeye ba\u015flad\u0131k \u00e7ocu\u011fun g\u00f6z\u00fc birden k\u00f6t\u00fcle\u015fmeye ba\u015flad\u0131. Yakla\u015f\u0131k 2 hafta \u00f6nce sol g\u00f6z\u00fcnde bir t\u00fcm\u00f6r \u00e7\u0131kt\u0131 ve t\u0131bbi imkans\u0131zl\u0131klar nedeniyle bu t\u00fcm\u00f6r b\u00fcy\u00fcmeye ve beyne bask\u0131 yapmaya ba\u015flad\u0131.&#8221; dedi.<\/p>\n<p><img decoding=\"async\" alt=\"\" src=\"https:\/\/www.aa.com.tr\/uploads\/userFiles\/a54ea27f-6036-4f79-88c6-6bc9ba19a35d\/07%2F19%2F02%2FAA-35429754.jpg\"\/><\/p>\n<p>Han Yunus&#8217;un do\u011fusundan Mevasi&#8217;ye, deniz kenar\u0131na g\u00f6\u00e7 ettiklerini anlatan Atiyye, kald\u0131klar\u0131 \u00e7ad\u0131r\u0131n naylondan ibaret oldu\u011funu, havan\u0131n da s\u0131cak olmas\u0131 ve \u0130srail&#8217;in att\u0131\u011f\u0131 f\u00fczeler ve \u00e7evrede olu\u015fan toz ve duman nedeniyle Muhammed&#8217;in durumunun k\u00f6t\u00fcle\u015fti\u011fini dile getirdi.<\/p>\n<h3>Biraz empati istiyoruz<\/h3>\n<p>Muhammed&#8217;in bir an evvel tedavi olmas\u0131 gerekti\u011fini vurgulayan Atiyye, vicdan sahibi insanlara ve Arap \u00fclkeleri ile liderlerine seslendi:<\/p>\n<p>&#8220;Durumu g\u00fcn ge\u00e7tik\u00e7e k\u00f6t\u00fcle\u015fiyor. Bu t\u00fcm\u00f6r beynine bask\u0131 yap\u0131yor. Di\u011fer g\u00f6z\u00fcnden de \u015fikayet etmeye ba\u015flad\u0131. Bu videoyu seyredenlerden bu \u00e7ocu\u011fun d\u0131\u015far\u0131da tedavisine yard\u0131mc\u0131 olmas\u0131n\u0131 istiyorum.<\/p>\n<p><img decoding=\"async\" alt=\"\" src=\"https:\/\/www.aa.com.tr\/uploads\/userFiles\/a54ea27f-6036-4f79-88c6-6bc9ba19a35d\/07%2F19%2F02%2FAA-35429752.jpg\"\/><\/p>\n<p>\u00c7ocuklar\u0131m\u0131z g\u00f6z\u00fcm\u00fcz\u00fcn \u00f6n\u00fcnde \u00f6l\u00fcyor, biraz olsun empati istiyoruz. S\u0131n\u0131r kap\u0131lar\u0131n\u0131 a\u00e7\u0131n ve bu \u00e7ocuklar d\u0131\u015far\u0131da tedavi olsun. Kanser hastalar\u0131n\u0131 tedavi edemiyoruz. Onlar\u0131 &#8216;tamam annecim&#8217; diyerek teskin etmekten ba\u015fka bir \u015fey yapam\u0131yoruz. Ba\u015fta Muhammed olmak \u00fczere kanser hastalar\u0131n\u0131n d\u0131\u015far\u0131da tedavi olmas\u0131n\u0131 sa\u011flay\u0131n.&#8221;<\/p>\n<p>Daha \u00f6nce de pek \u00e7ok gazetecinin kendisiyle r\u00f6portaj yapt\u0131\u011f\u0131n\u0131 hat\u0131rlatan Atiyye, &#8220;Yorulduk art\u0131k. Biz, videolar\u0131m\u0131z\u0131n Arap \u00fclkelerinde yay\u0131lmas\u0131n\u0131 de\u011fil, bu \u00fclkelerin harekete ge\u00e7mesini istiyoruz.&#8221; diye konu\u015ftu.<\/p>\n<p>                            <span class=\"detay-foto-editor\">&#13;<br \/>\n                                <a href=\"https:\/\/www.aa.com.tr\/tr\/p\/abonelik-talep-formu\/1001\" target=\"_blank\" style=\"font-size:12px; color:#444; text-decoration:none;\" rel=\"noopener\">&#13;<br \/>\n                                    Anadolu Ajans\u0131 web sitesinde, AA Haber Ak\u0131\u015f Sistemi (HAS) \u00fczerinden abonelere sunulan haberler, \u00f6zetlenerek yay\u0131mlanmaktad\u0131r. <b style=\"color:#1897F7\">Abonelik i\u00e7in l\u00fctfen ileti\u015fime ge\u00e7iniz.<\/b>&#13;<br \/>\n                                <\/a>&#13;<br \/>\n                            <\/span>\n                        <\/div>\n<p><script>\n\t  window.fbAsyncInit = function() {\n\t\tFB.init({\n\t\t  appId: '1855843514662870',\n\t\t  status : true, \/\/ check login status\n\t\t  cookie : true, \/\/ enable cookies to allow the server to access the session\n\t\t  xfbml  : true  \/\/ parse XFBML\n\t\t});\n\t  };<\/p>\n<p>\t  (function() {\n\t\tvar e = document.createElement('script');\n\t\te.src=\"https:\/\/connect.facebook.net\/tr_TR\/all.js\";\n\t\te.async = true;\n\t\tdocument.getElementById('fb-root').appendChild(e);\n\t  }());\n    <\/script><\/p>\n","protected":false},"excerpt":{"rendered":"<p>\u0130srail&#8217;in abluka alt\u0131ndaki Gazze \u015eeridi&#8217;ne y\u00f6nelik sald\u0131r\u0131 ve ablukas\u0131 317 g\u00fcnd\u00fcr s\u00fcr\u00fcyor. Sald\u0131r\u0131lardan kurtulan sa\u011fl\u0131kl\u0131 insanlar\u0131n bile \u00e7ok zor \u015fartlar alt\u0131nda, hayatta kalma m\u00fccadelesi verdi\u011fi Gazze&#8217;de, tedavi olmay\u0131 bekleyen 10 bin kanser hastas\u0131n\u0131n s\u0131k\u0131nt\u0131s\u0131 ise her ge\u00e7en g\u00fcn art\u0131yor. Son olarak 15 A\u011fustos&#8217;ta D\u00fcnya Sa\u011fl\u0131k \u00d6rg\u00fct\u00fc (DS\u00d6), 11 kanser hastas\u0131 \u00e7ocu\u011fun Gazze d\u0131\u015f\u0131nda tedavi olabilmeleri [&hellip;]<\/p>\n","protected":false},"author":1,"featured_media":27836,"comment_status":"","ping_status":"","sticky":false,"template":"","format":"standard","meta":[],"categories":[46],"tags":[],"_links":{"self":[{"href":"https:\/\/kraios.app\/news\/wp-json\/wp\/v2\/posts\/27835"}],"collection":[{"href":"https:\/\/kraios.app\/news\/wp-json\/wp\/v2\/posts"}],"about":[{"href":"https:\/\/kraios.app\/news\/wp-json\/wp\/v2\/types\/post"}],"author":[{"embeddable":true,"href":"https:\/\/kraios.app\/news\/wp-json\/wp\/v2\/users\/1"}],"replies":[{"embeddable":true,"href":"https:\/\/kraios.app\/news\/wp-json\/wp\/v2\/comments?post=27835"}],"version-history":[{"count":0,"href":"https:\/\/kraios.app\/news\/wp-json\/wp\/v2\/posts\/27835\/revisions"}],"wp:featuredmedia":[{"embeddable":true,"href":"https:\/\/kraios.app\/news\/wp-json\/wp\/v2\/media\/27836"}],"wp:attachment":[{"href":"https:\/\/kraios.app\/news\/wp-json\/wp\/v2\/media?parent=27835"}],"wp:term":[{"taxonomy":"category","embeddable":true,"href":"https:\/\/kraios.app\/news\/wp-json\/wp\/v2\/categories?post=27835"},{"taxonomy":"post_tag","embeddable":true,"href":"https:\/\/kraios.app\/news\/wp-json\/wp\/v2\/tags?post=27835"}],"curies":[{"name":"wp","href":"https:\/\/api.w.org\/{rel}","templated":true}]}}