{"id":27833,"date":"2024-08-18T09:41:58","date_gmt":"2024-08-18T09:41:58","guid":{"rendered":"https:\/\/kraios.app\/news\/saglik\/2024\/08\/18\/diyarbakirdaki-merkez-dudak-ve-damak-yarigi-olan-cocuklara-umut-oldu\/"},"modified":"2024-08-18T09:41:58","modified_gmt":"2024-08-18T09:41:58","slug":"diyarbakirdaki-merkez-dudak-ve-damak-yarigi-olan-cocuklara-umut-oldu","status":"publish","type":"post","link":"https:\/\/kraios.app\/news\/saglik\/2024\/08\/18\/diyarbakirdaki-merkez-dudak-ve-damak-yarigi-olan-cocuklara-umut-oldu\/","title":{"rendered":"Diyarbak\u0131r&#8217;daki merkez dudak ve damak yar\u0131\u011f\u0131 olan \u00e7ocuklara umut oldu"},"content":{"rendered":"<p><\/p>\n<div>\n<p>Di\u015f Hekimli\u011fi Fak\u00fcltesi Hastanesi&#8217;nde 17 Ocak&#8217;ta a\u00e7\u0131lan Dudak Damak Yar\u0131\u011f\u0131 Yenido\u011fan Ortodonti Merkezi, Diyarbak\u0131r ile b\u00f6lge illerine hizmet veriyor.<\/p>\n<p>Merkeze Diyarbak\u0131r ile \u015eanl\u0131urfa, \u015e\u0131rnak, Ad\u0131yaman, Gaziantep, Mardin, Batman, Siirt ve Bing\u00f6l gibi \u00e7evre illerden 272 aile \u00e7ocuklar\u0131n\u0131n tedavisi i\u00e7in ba\u015fvurdu. Bu \u00e7ocuklardan bir k\u0131sm\u0131n\u0131n tedavisi tamamland\u0131, bir k\u0131sm\u0131n\u0131n da tedavisi s\u00fcr\u00fcyor.<\/p>\n<p>Di\u015f Hekimli\u011fi Fak\u00fcltesi Dekan\u0131 Prof. Dr. Belgin G\u00fcls\u00fcn, AA muhabirine, do\u011fu\u015ftan dudak damak yar\u0131\u011f\u0131 olan \u00e7ocuklara umut olmak i\u00e7in merkezin hizmete girdi\u011fini s\u00f6yledi.<\/p>\n<p><img decoding=\"async\" alt=\"\" src=\"https:\/\/www.aa.com.tr\/uploads\/userFiles\/9c85db40-ef31-40fe-a989-05c7e506d5d0\/08_2024%2F18082024%2Fbelgin_.jpg\"\/><\/p>\n<p>B\u00f6lgede dudak damak yar\u0131\u011f\u0131 \u00e7ocuk say\u0131s\u0131n\u0131n fazla oldu\u011funu dile getiren G\u00fcls\u00fcn, bu \u00e7ocuklar\u0131n sosyal ortama girebilmesi ve di\u011fer \u00e7ocuklarla aralar\u0131nda farkl\u0131l\u0131k olmamas\u0131 amac\u0131yla merkezi a\u00e7maya karar verdiklerini belirtti.<\/p>\n<h3>&#8220;B\u00f6yle bebekleri olan anneler, babalar varsa kesinlikle \u00fcmitsizli\u011fe kap\u0131lmas\u0131nlar&#8221;<\/h3>\n<p>Merkezde, bebeklerin do\u011fumdan itibaren tedavilerinin yap\u0131ld\u0131\u011f\u0131n\u0131, tedavinin hastan\u0131n durumuna g\u00f6re 20 ya\u015f\u0131na kadar devam eden bir s\u00fcreci kapsad\u0131\u011f\u0131n\u0131 kaydeden G\u00fcls\u00fcn, merkezde hastalara en iyi hizmeti vermeye \u00e7al\u0131\u015ft\u0131klar\u0131n\u0131 dile getirdi.<\/p>\n<p><img decoding=\"async\" alt=\"\" src=\"https:\/\/www.aa.com.tr\/uploads\/userFiles\/9c85db40-ef31-40fe-a989-05c7e506d5d0\/08_2024%2F18082024%2Fdiyarbak%C4%B1r1_.jpg\"\/><\/p>\n<p>G\u00fcls\u00fcn, \u015f\u00f6yle konu\u015ftu:<\/p>\n<p>&#8220;\u015eu an T\u00fcrkiye&#8217;de a\u00e7\u0131lan iki merkezden biriyiz. Bu hastalar\u0131n ameliyat \u00f6ncesinde tedavilerini ve \u015fekillendirmelerini yap\u0131yoruz \u00e7\u00fcnk\u00fc bu hastalar, toplumdan izole edilebiliyor. Biraz uzun s\u00fcren bir s\u00fcre\u00e7 ama ameliyat\u0131n ba\u015far\u0131s\u0131 y\u00fczde 100. Biz de olumlu y\u00f6nde etkileyen \u015fekillendirme tedavisi yap\u0131yoruz. Yar\u0131k k\u0131s\u0131mlar burada tedaviyle birbirlerine yakla\u015ft\u0131r\u0131l\u0131yor. Daha sonraki a\u015famada yakla\u015ft\u0131r\u0131lan bu par\u00e7alar birle\u015ftirilip hasta di\u011fer \u00e7ocuklardan hi\u00e7bir \u015fekilde fark olmayacak \u015fekilde konu\u015fma, \u00e7i\u011fneme fonksiyonlar\u0131n\u0131 yerine getirebiliyor.&#8221;<\/p>\n<p>Merkezin b\u00f6lge i\u00e7in \u00f6nemli oldu\u011funu anlatan G\u00fcls\u00fcn, merkezi, dudak ve damak yar\u0131\u011f\u0131 \u015fekillendirme \u00fcss\u00fc olarak g\u00f6rd\u00fcklerini dile getirdi.<\/p>\n<p>G\u00fcls\u00fcn, &#8220;B\u00f6yle bebekleri olan anneler, babalar varsa kesinlikle \u00fcmitsizli\u011fe kap\u0131lmas\u0131nlar. Bu \u00e7ocuklar\u0131 do\u011fduklar\u0131 anda bile olsa hemen bize getirsinler. Hastalar\u0131n tedavi planlar\u0131 yap\u0131labilsin ve \u00e7ocuk rahat beslenebilsin diye burada gerekli plak i\u015flemleri yap\u0131l\u0131yor. \u00c7ok profesyonel bir ekibimiz var. Bu \u00e7ocuklar\u0131 sosyal hayata haz\u0131rlayabilmek i\u00e7in merkeze getirmelerini istiyoruz.&#8221; ifadelerini kulland\u0131.<\/p>\n<p>Merkez sayesinde ailelerin \u00e7ocuklar\u0131n\u0131 art\u0131k bat\u0131 illerine g\u00f6t\u00fcrmedi\u011fini belirten G\u00fcls\u00fcn, t\u00fcm b\u00f6lgeye hizmet verdiklerini s\u00f6yledi.<\/p>\n<p>Bu y\u0131l a\u00e7\u0131lan merkeze 272 ailenin \u00e7ocuklar\u0131n\u0131n tedavisi i\u00e7in ba\u015fvurdu\u011funu kaydeden G\u00fcls\u00fcn, \u015f\u00f6yle devam etti:<\/p>\n<p>&#8220;SGK \u00f6demelerini yapt\u0131\u011f\u0131 i\u00e7in de ailelere bir maliyet olu\u015fmamakta. Bu hastalar\u0131m\u0131z daha \u00f6nce tedavileri i\u00e7in Ankara ve \u0130stanbul gibi illere gidiyordu. \u015eu anda art\u0131k rahat bir \u015fekilde tedavi olabiliyor. 15 g\u00fcnde, ayda bir takibinin yap\u0131lmas\u0131 gereken hastalar var. Aileler de \u00e7ok memnun.&#8221;<\/p>\n<p><img decoding=\"async\" alt=\"\" src=\"https:\/\/www.aa.com.tr\/uploads\/userFiles\/9c85db40-ef31-40fe-a989-05c7e506d5d0\/08_2024%2F18082024%2Fnazl%C4%B1can_.jpg\"\/><\/p>\n<h3>&#8220;Tedavi olanlar\u0131 g\u00f6r\u00fcnce bize bir umut \u0131\u015f\u0131\u011f\u0131 oluyor&#8221;<\/h3>\n<p>Bing\u00f6l&#8217;den gelen anne Nazl\u0131can \u00c7a\u011fr\u0131bay ise hastanede do\u011fum sonras\u0131 \u00e7ocu\u011funun damak dudak yar\u0131\u011f\u0131 hastas\u0131 oldu\u011funu \u00f6\u011frendi\u011fini s\u00f6yledi.<\/p>\n<p>\u0130lk ba\u015flarda \u00e7ok \u00fcz\u00fcld\u00fc\u011f\u00fcn\u00fc anlatan \u00c7a\u011fr\u0131bay, bebe\u011fini tedavi i\u00e7in ara\u015ft\u0131rmalar sonucunda Diyarbak\u0131r&#8217;a getirdi\u011fini, merkezde doktorlar\u0131n sa\u011flad\u0131\u011f\u0131 motivasyon sayesinde moral buldu\u011funu belirtti.<\/p>\n<p>\u00c7a\u011fr\u0131bay, \u015funlar\u0131 kaydetti:<\/p>\n<p>&#8220;Hi\u00e7 bilmedi\u011fim bir hastal\u0131kt\u0131. \u00c7ocu\u011fum do\u011fdu\u011funda 21 g\u00fcn yo\u011fun bak\u0131mda kald\u0131. Ara\u015ft\u0131rd\u0131m, burada b\u00f6yle bir merkez oldu\u011funu \u00f6\u011frendim. Hemen buraya ba\u015fvurduk. Damakl\u0131\u011f\u0131 yap\u0131ld\u0131. Buradan \u00e7\u0131k\u0131p eve gitti\u011fimizde sanki yeni do\u011fmu\u015f gibiydi. Hocalar \u00e7ok ilgiliydi. Zorlu bir s\u00fcre\u00e7 ama sab\u0131r gerektiriyor. \u00c7ocu\u011fumu ameliyata haz\u0131rl\u0131yoruz. Tedavi olanlar\u0131 g\u00f6r\u00fcnce bize bir umut \u0131\u015f\u0131\u011f\u0131 oluyor. \u00d6n\u00fcm\u00fczdeki ay \u00e7ocu\u011fum dudak ameliyat\u0131 olacak. \u0130n\u015fallah hay\u0131rl\u0131 bir \u015fekilde bu s\u00fcreci atlat\u0131r\u0131z.&#8221;<\/p>\n<h3>&#8220;\u00c7ocu\u011fum \u015fu an iyile\u015fti&#8221;<\/h3>\n<p>Song\u00fcl Da\u011f da bebe\u011finin duda\u011f\u0131ndaki yar\u0131k nedeniyle hastaneye geldi\u011fini kaydederek, her anne gibi tedirgin oldu\u011funu s\u00f6yledi.<\/p>\n<p>Da\u011f, &#8220;\u0130lk duydu\u011fumda \u00e7ok k\u00f6t\u00fc oldum. 13 g\u00fcn \u00e7ocu\u011fum yo\u011fun bak\u0131mda kald\u0131. Yo\u011fun bak\u0131mdan sonra \u00e7ocu\u011fumu buraya getirdim. Ger\u00e7ekten \u00e7ok zor bir durum. Anne s\u00fct\u00fcn\u00fc hi\u00e7 almad\u0131. Hep mamayla \u00e7ocu\u011fumu besledim. B\u00f6yle bir yerin olmas\u0131 bizim i\u00e7in b\u00fcy\u00fck bir avantaj. \u00c7ocu\u011fum \u015fu an iyile\u015fti. \u00c7ok memnunum.&#8221; diye konu\u015ftu.<\/p>\n<p>                            <span class=\"detay-foto-editor\">&#13;<br \/>\n                                <a href=\"https:\/\/www.aa.com.tr\/tr\/p\/abonelik-talep-formu\/1001\" target=\"_blank\" style=\"font-size:12px; color:#444; text-decoration:none;\" rel=\"noopener\">&#13;<br \/>\n                                    Anadolu Ajans\u0131 web sitesinde, AA Haber Ak\u0131\u015f Sistemi (HAS) \u00fczerinden abonelere sunulan haberler, \u00f6zetlenerek yay\u0131mlanmaktad\u0131r. <b style=\"color:#1897F7\">Abonelik i\u00e7in l\u00fctfen ileti\u015fime ge\u00e7iniz.<\/b>&#13;<br \/>\n                                <\/a>&#13;<br \/>\n                            <\/span>\n                        <\/div>\n<p><script>\n\t  window.fbAsyncInit = function() {\n\t\tFB.init({\n\t\t  appId: '1855843514662870',\n\t\t  status : true, \/\/ check login status\n\t\t  cookie : true, \/\/ enable cookies to allow the server to access the session\n\t\t  xfbml  : true  \/\/ parse XFBML\n\t\t});\n\t  };<\/p>\n<p>\t  (function() {\n\t\tvar e = document.createElement('script');\n\t\te.src=\"https:\/\/connect.facebook.net\/tr_TR\/all.js\";\n\t\te.async = true;\n\t\tdocument.getElementById('fb-root').appendChild(e);\n\t  }());\n    <\/script><\/p>\n","protected":false},"excerpt":{"rendered":"<p>Di\u015f Hekimli\u011fi Fak\u00fcltesi Hastanesi&#8217;nde 17 Ocak&#8217;ta a\u00e7\u0131lan Dudak Damak Yar\u0131\u011f\u0131 Yenido\u011fan Ortodonti Merkezi, Diyarbak\u0131r ile b\u00f6lge illerine hizmet veriyor. Merkeze Diyarbak\u0131r ile \u015eanl\u0131urfa, \u015e\u0131rnak, Ad\u0131yaman, Gaziantep, Mardin, Batman, Siirt ve Bing\u00f6l gibi \u00e7evre illerden 272 aile \u00e7ocuklar\u0131n\u0131n tedavisi i\u00e7in ba\u015fvurdu. Bu \u00e7ocuklardan bir k\u0131sm\u0131n\u0131n tedavisi tamamland\u0131, bir k\u0131sm\u0131n\u0131n da tedavisi s\u00fcr\u00fcyor. Di\u015f Hekimli\u011fi Fak\u00fcltesi Dekan\u0131 [&hellip;]<\/p>\n","protected":false},"author":1,"featured_media":27834,"comment_status":"","ping_status":"","sticky":false,"template":"","format":"standard","meta":[],"categories":[46],"tags":[],"_links":{"self":[{"href":"https:\/\/kraios.app\/news\/wp-json\/wp\/v2\/posts\/27833"}],"collection":[{"href":"https:\/\/kraios.app\/news\/wp-json\/wp\/v2\/posts"}],"about":[{"href":"https:\/\/kraios.app\/news\/wp-json\/wp\/v2\/types\/post"}],"author":[{"embeddable":true,"href":"https:\/\/kraios.app\/news\/wp-json\/wp\/v2\/users\/1"}],"replies":[{"embeddable":true,"href":"https:\/\/kraios.app\/news\/wp-json\/wp\/v2\/comments?post=27833"}],"version-history":[{"count":0,"href":"https:\/\/kraios.app\/news\/wp-json\/wp\/v2\/posts\/27833\/revisions"}],"wp:featuredmedia":[{"embeddable":true,"href":"https:\/\/kraios.app\/news\/wp-json\/wp\/v2\/media\/27834"}],"wp:attachment":[{"href":"https:\/\/kraios.app\/news\/wp-json\/wp\/v2\/media?parent=27833"}],"wp:term":[{"taxonomy":"category","embeddable":true,"href":"https:\/\/kraios.app\/news\/wp-json\/wp\/v2\/categories?post=27833"},{"taxonomy":"post_tag","embeddable":true,"href":"https:\/\/kraios.app\/news\/wp-json\/wp\/v2\/tags?post=27833"}],"curies":[{"name":"wp","href":"https:\/\/api.w.org\/{rel}","templated":true}]}}