{"id":27831,"date":"2024-08-18T06:21:10","date_gmt":"2024-08-18T06:21:10","guid":{"rendered":"https:\/\/kraios.app\/news\/saglik\/2024\/08\/18\/turkiyede-2024te-maymun-cicegi-hastaligiyla-ilgili-bir-tani-konulmadi\/"},"modified":"2024-08-18T06:21:10","modified_gmt":"2024-08-18T06:21:10","slug":"turkiyede-2024te-maymun-cicegi-hastaligiyla-ilgili-bir-tani-konulmadi","status":"publish","type":"post","link":"https:\/\/kraios.app\/news\/saglik\/2024\/08\/18\/turkiyede-2024te-maymun-cicegi-hastaligiyla-ilgili-bir-tani-konulmadi\/","title":{"rendered":"T\u00fcrkiye&#8217;de 2024&#8217;te maymun \u00e7i\u00e7e\u011fi hastal\u0131\u011f\u0131yla ilgili bir tan\u0131 konulmad\u0131"},"content":{"rendered":"<p><\/p>\n<div>\n<p>Habert\u00fcrk TV&#8217;de g\u00fcndeme ili\u015fkin sorular\u0131 yan\u0131tlayan Memi\u015fo\u011flu, maymun \u00e7i\u00e7e\u011fi salg\u0131n\u0131n\u0131n 20 y\u0131ld\u0131r Kongo&#8217;da oldu\u011funu, yeni bir hastal\u0131k olmad\u0131\u011f\u0131n\u0131 s\u00f6yledi.<\/p>\n<p>D\u00fcnya Sa\u011fl\u0131k \u00d6rg\u00fct\u00fcn\u00fcn Temmuz 2022&#8217;de bug\u00fcnk\u00fc gibi acil durum ilan\u0131 yapt\u0131\u011f\u0131n\u0131 kaydeden Memi\u015fo\u011flu, May\u0131s 2023&#8217;e kadar bu ilan\u0131n devam etti\u011fini, o zaman da Avrupa ve T\u00fcrkiye&#8217;de birka\u00e7 vaka g\u00f6r\u00fcld\u00fc\u011f\u00fcn\u00fc an\u0131msatt\u0131.<\/p>\n<p>Memi\u015fo\u011flu, &#8220;\u015eu an bizde yok. \u015eimdi farkl\u0131 bir versiyonla 2024&#8217;te yeniden ayn\u0131 b\u00f6lgede g\u00f6r\u00fcl\u00fcyor. Bu hastal\u0131k normalde o b\u00f6lgede zaten g\u00f6r\u00fclen bir t\u00fcr. Bu, daha \u00e7abuk bula\u015ft\u0131\u011f\u0131, temas yoluyla bula\u015ft\u0131\u011f\u0131 s\u00f6ylenen bir \u00e7e\u015fidi. Bilim insanlar\u0131yla oturup konu\u015ftu\u011fumuzda T\u00fcrkiye&#8217;de 2024&#8217;te bu g\u00f6r\u00fclmedi. \u015eu ana kadar \u00fclkemizde bu son maymun \u00e7i\u00e7e\u011fi hastal\u0131\u011f\u0131yla ilgili bir tan\u0131 konulmad\u0131. Yani bizde \u015fu ana kadar yok, in\u015fallah da olmas\u0131n.&#8221; ifadelerini kulland\u0131.<\/p>\n<h3>&#8220;Alarmday\u0131z&#8221;<\/h3>\n<p>Memi\u015fo\u011flu, gerekli haz\u0131rl\u0131klar\u0131n yap\u0131ld\u0131\u011f\u0131n\u0131 belirterek, &#8220;Bu acil durumdan sonra bilim kurulumuzu olu\u015fturduk ve bu hastal\u0131kla ilgili e\u011fer \u00fclkemize gelirse nas\u0131l bir \u00f6nlem al\u0131nmas\u0131 gerekir, gelmeden nas\u0131l bir \u00f6nlem alaca\u011f\u0131z, gelirse ne yapaca\u011f\u0131z, bunlarla ilgili b\u00fct\u00fcn planlamalar\u0131m\u0131z\u0131 ve haz\u0131rl\u0131\u011f\u0131m\u0131z\u0131 yapt\u0131k. Bu bilim kurulu hastal\u0131kla m\u00fccadelenin rehberi asl\u0131nda. D\u00fcnya Sa\u011fl\u0131k \u00d6rg\u00fct\u00fc ilan\u0131nda bunu s\u00f6yl\u00fcyor. Haz\u0131rl\u0131kl\u0131 olun ama yay\u0131l\u0131p yay\u0131lmayaca\u011f\u0131 konusunda bir netlik yok \u00e7\u00fcnk\u00fc lokalize kal\u0131yor genelde Afrika&#8217;da bu hastal\u0131k. Tabii ki ba\u015fka yerlerde tek t\u00fck olacakt\u0131r ama salg\u0131n \u015feklinde olma ihtimali, bilim insanlar\u0131n\u0131n s\u00f6yledi\u011fi kadar\u0131yla Kovid gibi olmayaca\u011f\u0131n\u0131 herkes ifade ediyor. Kovid temasla de\u011fil tamamen solunum yoluyla bula\u015ft\u0131\u011f\u0131 i\u00e7in yayg\u0131n bir hastal\u0131k oldu.&#8221; diye konu\u015ftu.<\/p>\n<p>Vir\u00fcs\u00fcn yap\u0131s\u0131n\u0131n de\u011fi\u015febilece\u011fini veya ba\u015fka bir vir\u00fcs\u00fcn de salg\u0131n yapabilece\u011fini kaydeden Memi\u015fo\u011flu, &#8220;Biz sa\u011fl\u0131k sistemi olarak buna haz\u0131rl\u0131kl\u0131y\u0131z. T\u00fcm \u00f6nlemlerimizi almaya ba\u015flad\u0131k. Nas\u0131l Kovid&#8217;te ba\u015far\u0131l\u0131 olduysak, sa\u011fl\u0131k sistemimizle, insan g\u00fcc\u00fcm\u00fczle buna da haz\u0131rl\u0131kl\u0131y\u0131z. Testinden a\u015f\u0131s\u0131na kadar her t\u00fcrl\u00fc \u00f6nlemi al\u0131yoruz.&#8221; dedi.<\/p>\n<p>Memi\u015fo\u011flu, bilim insanlar\u0131n\u0131n, \u00e7i\u00e7ek a\u015f\u0131s\u0131 olanlar\u0131n bu hastal\u0131ktan y\u00fczde 85 korundu\u011fu y\u00f6n\u00fcnde a\u00e7\u0131klamalar\u0131 oldu\u011funu hat\u0131rlatarak, &#8220;1980&#8217;e kadar \u00fclkemizde zaten \u00e7i\u00e7ek a\u015f\u0131s\u0131 olmayan hemen hemen yok. Yine de her t\u00fcrl\u00fc \u00f6nlemi al\u0131yoruz. Hastal\u0131k nedir, nas\u0131l dola\u015f\u0131yor, nas\u0131l davranaca\u011f\u0131z, bunlar\u0131n hepsini bilim kurulumuzun rehberinde yay\u0131nlad\u0131k. Bu rehbere web sayfam\u0131z\u0131ndan ula\u015f\u0131labilir.&#8221; ifadelerini kulland\u0131.<\/p>\n<p>Hastal\u0131\u011f\u0131n ate\u015f ve ba\u015f a\u011fr\u0131s\u0131yla ba\u015flad\u0131\u011f\u0131n\u0131n bilindi\u011fini kaydeden Memi\u015fo\u011flu, Afrika&#8217;dan hikayesi olan bu t\u00fcr vakalar\u0131 takip etmeye \u00e7al\u0131\u015ft\u0131klar\u0131n\u0131 belirtti.<\/p>\n<p>Memi\u015fo\u011flu, &#8220;\u015eu an i\u00e7in alarm durumu yok. Milletimiz rahat etsin. Biz alarmday\u0131z, toplumun alarmda olmas\u0131n\u0131 gerektirecek bir husus yok. Son varyant\u0131n \u00f6ld\u00fcrme oran\u0131n\u0131n biraz daha y\u00fcksek oldu\u011funu g\u00f6steriyorlar. Ama tabii ki 15 bin vatanda\u015f etkilenmi\u015f Kongo&#8217;da. \u0130\u015fte 517, D\u00fcnya Sa\u011fl\u0131k \u00d6rg\u00fct\u00fcn\u00fcn s\u00f6ylemesine g\u00f6re \u00f6l\u00fc var. Ama genelde ba\u015fka hastal\u0131klar\u0131 olan d\u00fc\u015fk\u00fcn insanlarda \u00f6l\u00fcm oran\u0131n\u0131n y\u00fcksek oldu\u011funu ifade ediyorlar. O nedenle de takip ediliyor.&#8221; dedi.<\/p>\n<p>Hastal\u0131\u011f\u0131n a\u015f\u0131s\u0131 oldu\u011funun s\u00f6ylendi\u011fini kaydeden Memi\u015fo\u011flu, ancak son versiyonla ilgili net bir bilginin \u015fu anda kimsede olmad\u0131\u011f\u0131n\u0131 ifade etti.<\/p>\n<p>Memi\u015fo\u011flu, hastal\u0131klar\u0131n s\u0131\u011f\u0131nmac\u0131lar geldikten sonra \u00e7\u0131kt\u0131\u011f\u0131na dair tart\u0131\u015fmalar ya\u015fand\u0131\u011f\u0131n\u0131n hat\u0131rlat\u0131lmas\u0131 \u00fczerine, b\u00f6yle bir durumun olmad\u0131\u011f\u0131n\u0131 s\u00f6yledi.<\/p>\n<h3>&#8220;9 a\u015f\u0131y\u0131 kendimiz \u00fcretmeye ba\u015flayaca\u011f\u0131z&#8221;<\/h3>\n<p>A\u015f\u0131lar konusunda toplumun bilin\u00e7lenmesi gerekti\u011fine dikkati \u00e7eken Memi\u015fo\u011flu, &#8220;A\u015f\u0131lar\u0131m\u0131z\u0131 kendimiz \u00fcretece\u011fiz. 9 a\u015f\u0131y\u0131 kendimiz \u00fcretmeye ba\u015flayaca\u011f\u0131z. O zamanlar belki d\u0131\u015far\u0131dan temini daha kolay g\u00f6z\u00fckt\u00fc ama \u015fimdi bu a\u015f\u0131lar\u0131 yeniden yapaca\u011f\u0131z. \u0130nsan g\u00fcc\u00fc, insan kalitesi \u00e7ok iyi T\u00fcrkiye&#8217;nin. Altyap\u0131m\u0131z\u0131 da haz\u0131rl\u0131yoruz. \u0130n\u015fallah bu a\u015f\u0131lar\u0131n hepsini kendimiz \u00fcretir hale gelece\u011fiz.&#8221; dedi.<\/p>\n<p>Hekim a\u00e7\u0131\u011f\u0131 oldu\u011fundan s\u00f6z eden Memi\u015fo\u011flu, hekimlerle gurur duydu\u011funu belirterek, &#8220;\u00c7ok \u00f6zveriyle \u00e7al\u0131\u015f\u0131yorlar. Tabii ki istisnalar vard\u0131r ama ger\u00e7ekten inan\u0131lmaz bir sa\u011fl\u0131k hizmeti sunuyoruz. D\u00fcnya sa\u011fl\u0131kla ilgili ger\u00e7ekten bizi \u00f6rnek al\u0131yor.&#8221; diye konu\u015ftu.<\/p>\n<h3>&#8220;Hekimleri toplum olarak \u00fczd\u00fck&#8221;<\/h3>\n<p>Memi\u015fo\u011flu, MHRS&#8217;ye i\u015faret ederek, bunun bir hastanenin \u00e7al\u0131\u015fma takvimi gibi d\u00fc\u015f\u00fcn\u00fclmesi gerekti\u011fini s\u00f6yledi.<\/p>\n<p>Randevularla ilgili Memi\u015fo\u011flu, &#8220;Bu konuda baz\u0131 s\u0131k\u0131nt\u0131lar\u0131m\u0131z oldu\u011funu biliyorum. Hasta bir daha randevuya gidemiyor, ayn\u0131 doktoru bulam\u0131yor. Bazen ayn\u0131 doktoru bulamayabilirsiniz, o doktor ayr\u0131lm\u0131\u015f olabilir ama en az\u0131ndan o bran\u015fla ilgili bir organizasyonu yeniden yapaca\u011f\u0131z. Bunu aile hekiminin organize etmesini de sa\u011flayaca\u011f\u0131z. Aile hekimiyle hastaneler ve e\u011fitim ara\u015ft\u0131rma dedi\u011fimiz \u00fc\u00e7\u00fcnc\u00fc basamaklar birbiriyle haberli \u00e7al\u0131\u015facak. \u015eu anda entegre de\u011filler. Bunu 6 ay i\u00e7inde yapaca\u011f\u0131z. Aile hekimi gerekti\u011fi zaman, gerekli hasta i\u00e7in randevu alabilir hale gelecek.&#8221; dedi.<\/p>\n<p>Memi\u015fo\u011flu, hekimlerin T\u00fcrkiye&#8217;den gitti\u011fine y\u00f6nelik soruya kar\u015f\u0131l\u0131k da &#8220;Biz maalesef hekimleri son zamanlarda biraz dar\u0131ltt\u0131k, k\u00fcst\u00fcrd\u00fck, toplum olarak s\u00f6yl\u00fcyorum. Hekimleri toplum olarak \u00fczd\u00fck.&#8221; diye konu\u015ftu.<\/p>\n<h3>&#8220;Birka\u00e7 tane hari\u00e7 \u015fu anda ila\u00e7 s\u0131k\u0131nt\u0131m\u0131z yok&#8221;<\/h3>\n<p>&#8220;\u0130la\u00e7 s\u0131k\u0131nt\u0131m\u0131z var m\u0131?&#8221; sorusu y\u00f6neltilen Memi\u015fo\u011flu, &#8220;Hay\u0131r. Baz\u0131 ila\u00e7larla ilgili s\u0131k\u0131nt\u0131lar d\u00f6nem d\u00f6nem oluyor ama \u015f\u00f6yle bir \u015fey var. Biz bir ilac\u0131n ismiyle re\u00e7ete yazd\u0131\u011f\u0131m\u0131z i\u00e7in o ila\u00e7 aran\u0131yor. Bazen o ila\u00e7 olmuyor ama muadili var, ayn\u0131 etken maddeli. Onu tercih etmiyor vatanda\u015f. O zaman o ila\u00e7 yok diye alg\u0131 olu\u015fabiliyor. Birka\u00e7 tane hari\u00e7 \u015fu anda ila\u00e7 s\u0131k\u0131nt\u0131m\u0131z yok.&#8221; dedi.<\/p>\n<p>&#8220;SMA hastalar\u0131 i\u00e7in ila\u00e7lar\u0131n SGK kapsam\u0131na al\u0131nmas\u0131 gibi bir durum var m\u0131?&#8221; sorusuna Memi\u015fo\u011flu, bununla ilgili bir \u00e7al\u0131\u015fma yapt\u0131rd\u0131\u011f\u0131n\u0131 belirterek, \u015f\u00f6yle devam etti:<\/p>\n<p>&#8220;Maalesef bu \u00e7ocuklar ma\u011fdur ve muhta\u00e7lar, aileleri de \u00f6yle ve devlet bu SMA hastalar\u0131n\u0131n \u00e7o\u011funa ilac\u0131n\u0131 sa\u011fl\u0131yor. Ama bu ma\u011fduriyetten istifade eden bir k\u0131s\u0131m insan\u0131m\u0131z da olu\u015ftu maalesef. Bir bilim kurulumuz var, buna karar veriyor; ila\u00e7 yarayacak m\u0131 yaramayacak m\u0131? \u015eu \u00e7al\u0131\u015fman\u0131n talimat\u0131n\u0131 verdim; SMA hastalar\u0131nda ila\u00e7lar \u00e7ocuklara ne kadar fayda etti, ne kadar\u0131n\u0131n hayat\u0131n\u0131 kurtard\u0131, ne kadar\u0131n\u0131 d\u00fczeltti? Bunlar\u0131 ilan edece\u011fiz. SMA hastalar\u0131 bizim i\u00e7in devletimizin ila\u00e7lar\u0131n\u0131 \u00f6dedi\u011fi hasta t\u00fcr\u00fcd\u00fcr. Buna ama bilim kurulu, doktorlar\u0131m\u0131z karar verir. Maalesef bu konuda biraz kampanyalarla vesairelerle ipin ucu ka\u00e7m\u0131\u015f gibi g\u00f6r\u00fcn\u00fcyor. Bununla ilgili d\u00fczenleme yapaca\u011f\u0131z.&#8221;<\/p>\n<p>\u0130stanbul ve Ankara B\u00fcy\u00fck\u015fehir Belediyelerinin 30 ya\u015f alt\u0131 kad\u0131nlar i\u00e7in \u00fccretsiz HPV a\u015f\u0131s\u0131 uygulamas\u0131 yapt\u0131\u011f\u0131n\u0131n hat\u0131rlat\u0131lmas\u0131 \u00fczerine Memi\u015fo\u011flu, HPV a\u015f\u0131s\u0131n\u0131n \u00fcretimiyle ilgili bir \u00e7al\u0131\u015fmalar\u0131 oldu\u011funu kaydederek, &#8220;\u00dcretimine ba\u015flayaca\u011f\u0131z \u00e7ok yak\u0131nda ve yapaca\u011f\u0131z. (30 ya\u015f alt\u0131 kad\u0131nlara) Onu \u00f6neriyoruz ama neden kullan\u0131lmas\u0131 gerekti\u011fini, neden ihtiya\u00e7 duyuldu\u011funu iyi a\u00e7\u0131klamam\u0131z laz\u0131m.&#8221; dedi.<\/p>\n<p>Endonezya&#8217;n\u0131n Bali Adas\u0131&#8217;nda ge\u00e7irdi\u011fi trafik kazas\u0131nda yaralanan Tu\u011fcan I\u015f\u0131k&#8217;\u0131n T\u00fcrkiye&#8217;ye getirilmesinde \u0130BB Ba\u015fkan\u0131 Ekrem \u0130mamo\u011flu&#8217;nun devreye girdi\u011fi iddias\u0131n\u0131n sorulmas\u0131 \u00fczerine Memi\u015fo\u011flu, hastan\u0131n Sa\u011fl\u0131k Bakanl\u0131\u011f\u0131nca T\u00fcrkiye&#8217;ye getirildi\u011fini an\u0131msatarak, \u015funlar\u0131 kaydetti:<\/p>\n<p>&#8220;Sa\u011fl\u0131kta gere\u011fini yapar\u0131z. Farkl\u0131 bir \u015fey istediler. Herkesin istedi\u011fini yapacak durumda de\u011filiz. Gere\u011fi neyse onu yap\u0131yoruz. Bu arkada\u015f\u0131m\u0131z trafik kazas\u0131 ge\u00e7irmi\u015f. Kaburgada birka\u00e7 k\u0131r\u0131\u011f\u0131 var. Normal u\u00e7akla gelebilecek bir pozisyonda. Oradaki b\u00fcy\u00fckel\u00e7imiz ve hastaneyle bizzat g\u00f6r\u00fc\u015ft\u00fckten sonra birka\u00e7 g\u00fcn i\u00e7inde normal u\u00e7akla gelebilece\u011fini ifade ettiler. Biz de bunun \u00fczerine onu planlad\u0131k. THY&#8217;ye, b\u00fcy\u00fckel\u00e7imize te\u015fekk\u00fcr ediyorum. Ald\u0131k, \u0130stanbul Havaliman\u0131&#8217;na getirdik. (\u0130mamo\u011flu) Onun girip girmedi\u011fini bilmiyorum. Biletini vermi\u015f, ona ben kar\u0131\u015fm\u0131yorum. Bir hastan\u0131n \u00f6zel u\u00e7akla m\u0131 helikopterle mi yoksa normal u\u00e7akla m\u0131 gelip gelmeyece\u011fine hastan\u0131n klini\u011fine, doktoruna ve gere\u011fine g\u00f6re hareket ederiz. U\u00e7akla gelmesi gerekiyorsa, T\u00fcrk vatanda\u015f\u0131ysa Fizan&#8217;da olsa u\u00e7a\u011f\u0131 g\u00f6nderir ald\u0131rt\u0131r\u0131m. Bu kadar g\u00fc\u00e7l\u00fc bir devletim. Ama gerek yoksa o u\u00e7a\u011f\u0131n gidi\u015finin maliyetini 85 milyon \u00f6d\u00fcyor.&#8221;<\/p>\n<p>Hastan\u0131n Ba\u015fak\u015fehir \u00c7am ve Sakura \u015eehir Hastanesi&#8217;nde oldu\u011funu an\u0131msatan Memi\u015fo\u011flu, &#8220;D\u00fcn de onu ziyaret ettim, reklam\u0131n\u0131 yapmadan. Bir istekleri var m\u0131 diye sordum. Bug\u00fcn yar\u0131n taburcu edilecek. \u0130zmir&#8217;e yine biz nakledece\u011fiz.&#8221; dedi.<\/p>\n<h3>&#8220;Kuduz a\u015f\u0131lar\u0131 say\u0131sal anlamda \u00e7ok fazla kullan\u0131l\u0131yor&#8221;<\/h3>\n<p>Kuduz vaka say\u0131s\u0131 ve ba\u015f\u0131bo\u015f k\u00f6pek sorununa ili\u015fkin soruya kar\u015f\u0131l\u0131k Memi\u015fo\u011flu, kendi evinde de k\u00f6pek besledi\u011fini, \u00e7ipi olan k\u00f6pe\u011fin her \u015feyini takip etti\u011fini s\u00f6yledi.<\/p>\n<p>Memi\u015fo\u011flu, &#8220;A\u015f\u0131lar\u0131n vurulma oran\u0131na bakt\u0131\u011f\u0131m\u0131zda, kuduz a\u015f\u0131s\u0131n\u0131n \u00f6zellikle son 3-4 y\u0131ld\u0131r inan\u0131lmaz oranda kullan\u0131ld\u0131\u011f\u0131n\u0131 g\u00f6rd\u00fck. Kuduz a\u015f\u0131lar\u0131 say\u0131sal anlamda \u00e7ok fazla kullan\u0131l\u0131yor. Sahipsiz k\u00f6peklerin di\u015flemesi, \u0131s\u0131rmas\u0131, kedilerin vesaire. Onun i\u00e7in bir \u00f6nlem al\u0131nmas\u0131 gerekiyor, devlet de gere\u011fini yapm\u0131\u015f gibi g\u00f6z\u00fck\u00fcyor.&#8221; diye konu\u015ftu.<\/p>\n<p>Soru \u00fczerine, sa\u011fl\u0131kta \u015fiddetin yatay seyretti\u011fini kaydeden Memi\u015fo\u011flu, iyilik yaparken \u015fiddet g\u00f6rmeyi \u00e7\u00f6zemedi\u011fini, sa\u011fl\u0131k \u00e7al\u0131\u015fanlar\u0131na sahip \u00e7\u0131k\u0131lmas\u0131 gerekti\u011fini vurgulad\u0131.<\/p>\n<p>                            <span class=\"detay-foto-editor\">&#13;<br \/>\n                                <a href=\"https:\/\/www.aa.com.tr\/tr\/p\/abonelik-talep-formu\/1001\" target=\"_blank\" style=\"font-size:12px; color:#444; text-decoration:none;\" rel=\"noopener\">&#13;<br \/>\n                                    Anadolu Ajans\u0131 web sitesinde, AA Haber Ak\u0131\u015f Sistemi (HAS) \u00fczerinden abonelere sunulan haberler, \u00f6zetlenerek yay\u0131mlanmaktad\u0131r. <b style=\"color:#1897F7\">Abonelik i\u00e7in l\u00fctfen ileti\u015fime ge\u00e7iniz.<\/b>&#13;<br \/>\n                                <\/a>&#13;<br \/>\n                            <\/span>\n                        <\/div>\n<p><script>\n\t  window.fbAsyncInit = function() {\n\t\tFB.init({\n\t\t  appId: '1855843514662870',\n\t\t  status : true, \/\/ check login status\n\t\t  cookie : true, \/\/ enable cookies to allow the server to access the session\n\t\t  xfbml  : true  \/\/ parse XFBML\n\t\t});\n\t  };<\/p>\n<p>\t  (function() {\n\t\tvar e = document.createElement('script');\n\t\te.src=\"https:\/\/connect.facebook.net\/tr_TR\/all.js\";\n\t\te.async = true;\n\t\tdocument.getElementById('fb-root').appendChild(e);\n\t  }());\n    <\/script><\/p>\n","protected":false},"excerpt":{"rendered":"<p>Habert\u00fcrk TV&#8217;de g\u00fcndeme ili\u015fkin sorular\u0131 yan\u0131tlayan Memi\u015fo\u011flu, maymun \u00e7i\u00e7e\u011fi salg\u0131n\u0131n\u0131n 20 y\u0131ld\u0131r Kongo&#8217;da oldu\u011funu, yeni bir hastal\u0131k olmad\u0131\u011f\u0131n\u0131 s\u00f6yledi. D\u00fcnya Sa\u011fl\u0131k \u00d6rg\u00fct\u00fcn\u00fcn Temmuz 2022&#8217;de bug\u00fcnk\u00fc gibi acil durum ilan\u0131 yapt\u0131\u011f\u0131n\u0131 kaydeden Memi\u015fo\u011flu, May\u0131s 2023&#8217;e kadar bu ilan\u0131n devam etti\u011fini, o zaman da Avrupa ve T\u00fcrkiye&#8217;de birka\u00e7 vaka g\u00f6r\u00fcld\u00fc\u011f\u00fcn\u00fc an\u0131msatt\u0131. Memi\u015fo\u011flu, &#8220;\u015eu an bizde yok. \u015eimdi [&hellip;]<\/p>\n","protected":false},"author":1,"featured_media":27832,"comment_status":"","ping_status":"","sticky":false,"template":"","format":"standard","meta":[],"categories":[46],"tags":[],"_links":{"self":[{"href":"https:\/\/kraios.app\/news\/wp-json\/wp\/v2\/posts\/27831"}],"collection":[{"href":"https:\/\/kraios.app\/news\/wp-json\/wp\/v2\/posts"}],"about":[{"href":"https:\/\/kraios.app\/news\/wp-json\/wp\/v2\/types\/post"}],"author":[{"embeddable":true,"href":"https:\/\/kraios.app\/news\/wp-json\/wp\/v2\/users\/1"}],"replies":[{"embeddable":true,"href":"https:\/\/kraios.app\/news\/wp-json\/wp\/v2\/comments?post=27831"}],"version-history":[{"count":0,"href":"https:\/\/kraios.app\/news\/wp-json\/wp\/v2\/posts\/27831\/revisions"}],"wp:featuredmedia":[{"embeddable":true,"href":"https:\/\/kraios.app\/news\/wp-json\/wp\/v2\/media\/27832"}],"wp:attachment":[{"href":"https:\/\/kraios.app\/news\/wp-json\/wp\/v2\/media?parent=27831"}],"wp:term":[{"taxonomy":"category","embeddable":true,"href":"https:\/\/kraios.app\/news\/wp-json\/wp\/v2\/categories?post=27831"},{"taxonomy":"post_tag","embeddable":true,"href":"https:\/\/kraios.app\/news\/wp-json\/wp\/v2\/tags?post=27831"}],"curies":[{"name":"wp","href":"https:\/\/api.w.org\/{rel}","templated":true}]}}