{"id":27805,"date":"2024-08-15T08:52:58","date_gmt":"2024-08-15T08:52:58","guid":{"rendered":"https:\/\/kraios.app\/news\/saglik\/2024\/08\/15\/saglam-beyin-hucrelerinin-guclendirilmesiyle-2-yil-sonra-komadan-cikti\/"},"modified":"2024-08-15T08:52:58","modified_gmt":"2024-08-15T08:52:58","slug":"saglam-beyin-hucrelerinin-guclendirilmesiyle-2-yil-sonra-komadan-cikti","status":"publish","type":"post","link":"https:\/\/kraios.app\/news\/saglik\/2024\/08\/15\/saglam-beyin-hucrelerinin-guclendirilmesiyle-2-yil-sonra-komadan-cikti\/","title":{"rendered":"Sa\u011flam beyin h\u00fccrelerinin g\u00fc\u00e7lendirilmesiyle 2 y\u0131l sonra komadan \u00e7\u0131kt\u0131"},"content":{"rendered":"<p><\/p>\n<div>\n<p><strong>Sa\u011fl\u0131k Bilimleri \u00dcniversitesi G\u00fclhane E\u011fitim Ara\u015ft\u0131rma Hastanesi N\u00f6roloji Anabilim Dal\u0131 Ba\u015fkan\u0131 ve \u0130dari Sorumlusu Prof. Dr. \u00d6mer Karada\u015f<\/strong>, AA muhabirine yapt\u0131\u011f\u0131 a\u00e7\u0131klamada, ara\u00e7 i\u00e7i ve ara\u00e7 d\u0131\u015f\u0131 kazalar, beyin damar hastal\u0131klar\u0131, toksik maddelere maruz kalma, beyinde kanamalar ya da damar t\u0131kan\u0131kl\u0131\u011f\u0131n\u0131n beyin hasar\u0131na yol a\u00e7abildi\u011fini s\u00f6yledi.<\/p>\n<p>Beyin h\u00fccrelerinin \u00e7ok hassas oldu\u011funu, oksijensizli\u011fe \u00e7ok az dayanabildi\u011fini vurgulayan Karada\u015f, s\u00f6zlerini \u015f\u00f6yle s\u00fcrd\u00fcrd\u00fc:<\/p>\n<p>&#8220;Travmalarda, t\u00fcm beyin h\u00fccreleri \u00f6lm\u00fcyor, fonksiyonlar\u0131 bozuldu\u011fu i\u00e7in sanki \u00f6lm\u00fc\u015f gibi de\u011ferlendirilebiliyor. Sa\u011flam ya da fonksiyonu azalan beyin h\u00fccreleri g\u00fc\u00e7lendirildi\u011finde bu h\u00fccreler \u00f6len h\u00fccrelerin yerini al\u0131p aradaki fark\u0131 kapatabiliyor. Bu nedenle, \u00e7e\u015fitli nedenlere ba\u011fl\u0131 beyin hasar\u0131 geli\u015fen hastalarda mutlaka \u00f6lmeyen h\u00fccrelerin g\u00fc\u00e7lendirilmesi, hasar g\u00f6ren h\u00fccrelerin yenilenmesi ve fonksiyonlar\u0131n\u0131n yeniden kazand\u0131r\u0131lmas\u0131na y\u00f6nelik tedavilerin uygulanmas\u0131 \u00f6nem ta\u015f\u0131yor.&#8221;<\/p>\n<p><img decoding=\"async\" alt=\"\" src=\"https:\/\/www.aa.com.tr\/uploads\/userFiles\/7fc6ad83-e801-4dd2-b1c1-974abd5a6af0\/2024%2Fa%2F20240815_2_65140777_103897260.jpg\"\/><\/p>\n<p>Karada\u015f, kafa travmas\u0131na ba\u011fl\u0131 komaya giren hastalara uygulanan yenilik\u00e7i tedavilerle hasarl\u0131 beyin h\u00fccrelerinin g\u00fc\u00e7lendirilerek konu\u015fma, yemek yeme, hareket edebilme gibi temel fonksiyonlar\u0131 tekrar kazand\u0131rabildiklerini anlatt\u0131.<\/p>\n<p>Erken d\u00f6nemde ba\u015fvuran ve daha \u00e7ok gen\u00e7 hastalarda uygulanan medikal ve cihaz destekli tedaviler hakk\u0131nda ise Karada\u015f, &#8220;Yenilik\u00e7i ila\u00e7lar ve n\u00f6ronlar\u0131n uyar\u0131lmas\u0131n\u0131 sa\u011flayan cihazlar\u0131 kullanarak beyin h\u00fccrelerini aktive ediyor ve hasar g\u00f6ren h\u00fccrelerin g\u00fc\u00e7lenmesini sa\u011fl\u0131yoruz.&#8221; bilgisini verdi.<\/p>\n<h3>&#8220;Hastam\u0131z yata\u011fa ba\u011fl\u0131 durumdan \u00e7\u0131kt\u0131, mobil duruma ge\u00e7ti&#8221;<\/h3>\n<p><strong>16 ya\u015f\u0131ndayken ge\u00e7irdi\u011fi trafik kazas\u0131 sonucu kafa travmas\u0131 ge\u00e7iren ve komaya giren Zeki Can Akhun&#8217;<\/strong>a da medikal ve manyetik tedavilerin uyguland\u0131\u011f\u0131n\u0131 anlatan Karada\u015f, gen\u00e7 hastan\u0131n yakla\u015f\u0131k 2 y\u0131l sonra komadan \u00e7\u0131karak iyile\u015fme s\u00fcrecine girdi\u011fini s\u00f6yledi.<\/p>\n<p><img decoding=\"async\" alt=\"\" src=\"https:\/\/www.aa.com.tr\/uploads\/userFiles\/7fc6ad83-e801-4dd2-b1c1-974abd5a6af0\/2024%2Fa%2F20240815_2_65140777_103897264.jpg\"\/><\/p>\n<p>Karada\u015f, Akhun&#8217;un daha \u00f6nce tedavi g\u00f6rd\u00fc\u011f\u00fc hastanede beyin ameliyat\u0131 ge\u00e7irdi\u011fini ancak komadan \u00e7\u0131kamad\u0131\u011f\u0131n\u0131, ailenin bir y\u0131l \u00f6nce kendilerine ba\u015fvurdu\u011funu aktard\u0131.<\/p>\n<p>Gen\u00e7 ya\u015fta bitkisel hayata giren Akhun&#8217;un sa\u011fl\u0131k durumuna ili\u015fkin bilgi veren Karada\u015f, \u015funlar\u0131 anlatt\u0131:<\/p>\n<p>&#8220;Bize geldi\u011finde beyin kanamas\u0131 sebebiyle cerrahi m\u00fcdahaleyle kafatas\u0131n\u0131n bir k\u0131sm\u0131 al\u0131nm\u0131\u015ft\u0131, bitkisel hayat olarak isimlendirdi\u011fimiz koma halindeydi ve cihaza ba\u011fl\u0131 ya\u015f\u0131yordu. Hastam\u0131za, ilk olarak n\u00f6ronlar i\u00e7in gerekli vitamin, mineral i\u00e7erikli beslenme destekleri verildi, antioksidan tedaviler uyguland\u0131, cihaz destekli n\u00f6ron uyar\u0131m tedavileri yap\u0131ld\u0131. Bir y\u0131l s\u00fcren tedavi sonras\u0131 hastam\u0131z yata\u011fa ba\u011fl\u0131 durumdan \u00e7\u0131kt\u0131, mobil duruma ge\u00e7ti. Art\u0131k y\u00fcr\u00fcmeye ba\u015flad\u0131, ailesiyle ileti\u015fim kuruyor, az da olsa konu\u015fabiliyor.&#8221;<\/p>\n<p><img decoding=\"async\" alt=\"\" src=\"https:\/\/www.aa.com.tr\/uploads\/userFiles\/7fc6ad83-e801-4dd2-b1c1-974abd5a6af0\/2024%2Fa%2F20240815_2_65140777_103897265.jpg\"\/><\/p>\n<h3>&#8220;O\u011flumla ge\u00e7iremedi\u011fimiz 2,5 y\u0131l\u0131 dolu dolu birlikte ge\u00e7irmek istiyorum&#8221;<\/h3>\n<p>Zeki Can&#8217;\u0131n babas\u0131 \u0130brahim Akhun da o\u011flunun 2,5 y\u0131l \u00f6nce ge\u00e7irdi\u011fi trafik kazas\u0131nda camdan f\u0131rlad\u0131\u011f\u0131n\u0131 ve kafa travmas\u0131 ve beyin kanamas\u0131 sonras\u0131 3 ay yo\u011fun bak\u0131mda kald\u0131\u011f\u0131n\u0131 anlatt\u0131.<\/p>\n<p>Art\u0131k yap\u0131lacak bir \u015fey olmad\u0131\u011f\u0131n\u0131n belirtilmesi \u00fczerine o\u011fluna evde bakmaya \u00e7al\u0131\u015ft\u0131klar\u0131n\u0131 aktaran Akhun, s\u00f6zlerini \u015f\u00f6yle s\u00fcrd\u00fcrd\u00fc:<\/p>\n<p>&#8220;Tamamen yata\u011fa ba\u011f\u0131ml\u0131yd\u0131, makineye ba\u011fl\u0131yd\u0131. Bize, &#8216;Art\u0131k bitkisel hayatta, b\u00f6yle ya\u015fayacak, ileri gitmez geri gidebilir&#8217; dediler. Bu ac\u0131n\u0131n tarifi yok, Allah kimseyi \u00e7ocu\u011fuyla s\u0131namas\u0131n, imtihan etmesin. \u015eu an bile g\u00f6zlerim doluyor.&#8221;<\/p>\n<p><img decoding=\"async\" alt=\"\" src=\"https:\/\/www.aa.com.tr\/uploads\/userFiles\/7fc6ad83-e801-4dd2-b1c1-974abd5a6af0\/2024%2Fa%2F20240815_2_65140777_103897272.jpg\"\/><\/p>\n<p>G\u00fclhane E\u011fitim Ara\u015ft\u0131rma Hastanesinde uygulanan medikal tedaviden bir ay sonra o\u011flunun tepki vermeye ba\u015flad\u0131\u011f\u0131n\u0131, g\u00f6zleriyle onlar\u0131 takip etti\u011fini belirten baba Akhun, &#8220;\u00d6mer hoca, ilac\u0131n etkisini g\u00f6rd\u00fcklerini ve tedaviye devam edeceklerini s\u00f6yledi. Yakla\u015f\u0131k bir y\u0131ll\u0131k tedavi sonras\u0131 bug\u00fcnlere geldik. alg\u0131s\u0131 a\u00e7\u0131ld\u0131, tepki veriyor, konu\u015fma becerisi y\u00fczde 50 artt\u0131.&#8221; diye konu\u015ftu.<\/p>\n<p>Akhun, o\u011flunun ilk ad\u0131m\u0131n\u0131 att\u0131\u011f\u0131nda ve konu\u015ftu\u011funda ya\u015fad\u0131\u011f\u0131 mutlulu\u011fun tarifi olmad\u0131\u011f\u0131n\u0131 ifade ederek, \u015f\u00f6yle konu\u015ftu:<\/p>\n<p>&#8220;Eskiden tek bir kelime dahi konu\u015fam\u0131yordu, ilk kez bana &#8216;baba&#8217; dedi\u011finde ne yapaca\u011f\u0131m\u0131 bilemedim. Yava\u015f yava\u015f ge\u00e7mi\u015fi hat\u0131rlatmaya ba\u015flad\u0131k. Ailesini hat\u0131rl\u0131yor, biliyor ama son y\u0131llar\u0131 hen\u00fcz hat\u0131rlam\u0131yor.<\/p>\n<p><img decoding=\"async\" alt=\"\" src=\"https:\/\/www.aa.com.tr\/uploads\/userFiles\/7fc6ad83-e801-4dd2-b1c1-974abd5a6af0\/2024%2Fa%2F20240815_2_65140777_103897274.jpg\"\/><\/p>\n<p>\u0130lk ad\u0131m\u0131n\u0131 da burada att\u0131. \u00d6nce ellerini, sonra ayaklar\u0131n\u0131 oynatmaya ba\u015flad\u0131. Bunlar bile bize b\u00fcy\u00fck bir haz veriyordu. Y\u00fcr\u00fcmeye ba\u015flad\u0131ktan sonra d\u00fcnyalar bizim oldu. \u015eimdi yeni hayallerimiz var. O\u011flumla ge\u00e7iremedi\u011fimiz 2,5 y\u0131l\u0131 dolu dolu birlikte ge\u00e7irmek istiyorum. Bir karavan al\u0131p dolu dolu gezmek istiyoruz.&#8221;<\/p>\n<p>Aya\u011fa kalk\u0131p birka\u00e7 ad\u0131m atan Zeki Can Akhun da iyi oldu\u011funu belirterek, &#8220;Ta\u015f gibiyim.&#8221; dedi.<\/p>\n<p>                            <span class=\"detay-foto-editor\">&#13;<br \/>\n                                <a href=\"https:\/\/www.aa.com.tr\/tr\/p\/abonelik-talep-formu\/1001\" target=\"_blank\" style=\"font-size:12px; color:#444; text-decoration:none;\" rel=\"noopener\">&#13;<br \/>\n                                    Anadolu Ajans\u0131 web sitesinde, AA Haber Ak\u0131\u015f Sistemi (HAS) \u00fczerinden abonelere sunulan haberler, \u00f6zetlenerek yay\u0131mlanmaktad\u0131r. <b style=\"color:#1897F7\">Abonelik i\u00e7in l\u00fctfen ileti\u015fime ge\u00e7iniz.<\/b>&#13;<br \/>\n                                <\/a>&#13;<br \/>\n                            <\/span>\n                        <\/div>\n<p><script>\n\t  window.fbAsyncInit = function() {\n\t\tFB.init({\n\t\t  appId: '1855843514662870',\n\t\t  status : true, \/\/ check login status\n\t\t  cookie : true, \/\/ enable cookies to allow the server to access the session\n\t\t  xfbml  : true  \/\/ parse XFBML\n\t\t});\n\t  };<\/p>\n<p>\t  (function() {\n\t\tvar e = document.createElement('script');\n\t\te.src=\"https:\/\/connect.facebook.net\/tr_TR\/all.js\";\n\t\te.async = true;\n\t\tdocument.getElementById('fb-root').appendChild(e);\n\t  }());\n    <\/script><\/p>\n","protected":false},"excerpt":{"rendered":"<p>Sa\u011fl\u0131k Bilimleri \u00dcniversitesi G\u00fclhane E\u011fitim Ara\u015ft\u0131rma Hastanesi N\u00f6roloji Anabilim Dal\u0131 Ba\u015fkan\u0131 ve \u0130dari Sorumlusu Prof. Dr. \u00d6mer Karada\u015f, AA muhabirine yapt\u0131\u011f\u0131 a\u00e7\u0131klamada, ara\u00e7 i\u00e7i ve ara\u00e7 d\u0131\u015f\u0131 kazalar, beyin damar hastal\u0131klar\u0131, toksik maddelere maruz kalma, beyinde kanamalar ya da damar t\u0131kan\u0131kl\u0131\u011f\u0131n\u0131n beyin hasar\u0131na yol a\u00e7abildi\u011fini s\u00f6yledi. Beyin h\u00fccrelerinin \u00e7ok hassas oldu\u011funu, oksijensizli\u011fe \u00e7ok az dayanabildi\u011fini [&hellip;]<\/p>\n","protected":false},"author":1,"featured_media":27806,"comment_status":"","ping_status":"","sticky":false,"template":"","format":"standard","meta":[],"categories":[46],"tags":[],"_links":{"self":[{"href":"https:\/\/kraios.app\/news\/wp-json\/wp\/v2\/posts\/27805"}],"collection":[{"href":"https:\/\/kraios.app\/news\/wp-json\/wp\/v2\/posts"}],"about":[{"href":"https:\/\/kraios.app\/news\/wp-json\/wp\/v2\/types\/post"}],"author":[{"embeddable":true,"href":"https:\/\/kraios.app\/news\/wp-json\/wp\/v2\/users\/1"}],"replies":[{"embeddable":true,"href":"https:\/\/kraios.app\/news\/wp-json\/wp\/v2\/comments?post=27805"}],"version-history":[{"count":0,"href":"https:\/\/kraios.app\/news\/wp-json\/wp\/v2\/posts\/27805\/revisions"}],"wp:featuredmedia":[{"embeddable":true,"href":"https:\/\/kraios.app\/news\/wp-json\/wp\/v2\/media\/27806"}],"wp:attachment":[{"href":"https:\/\/kraios.app\/news\/wp-json\/wp\/v2\/media?parent=27805"}],"wp:term":[{"taxonomy":"category","embeddable":true,"href":"https:\/\/kraios.app\/news\/wp-json\/wp\/v2\/categories?post=27805"},{"taxonomy":"post_tag","embeddable":true,"href":"https:\/\/kraios.app\/news\/wp-json\/wp\/v2\/tags?post=27805"}],"curies":[{"name":"wp","href":"https:\/\/api.w.org\/{rel}","templated":true}]}}