{"id":27706,"date":"2024-07-26T15:59:40","date_gmt":"2024-07-26T15:59:40","guid":{"rendered":"https:\/\/kraios.app\/news\/saglik\/2024\/07\/26\/nakil-konusundaki-yetenegiyle-dunyanin-ilk-5-ulkesi-arasindayiz\/"},"modified":"2024-07-26T15:59:40","modified_gmt":"2024-07-26T15:59:40","slug":"nakil-konusundaki-yetenegiyle-dunyanin-ilk-5-ulkesi-arasindayiz","status":"publish","type":"post","link":"https:\/\/kraios.app\/news\/saglik\/2024\/07\/26\/nakil-konusundaki-yetenegiyle-dunyanin-ilk-5-ulkesi-arasindayiz\/","title":{"rendered":"Nakil konusundaki yetene\u011fiyle d\u00fcnyan\u0131n ilk 5 \u00fclkesi aras\u0131nday\u0131z"},"content":{"rendered":"<p><\/p>\n<div>\n<p>Sa\u011fl\u0131k Bakan\u0131 <strong>Kemal Memi\u015fo\u011flu<\/strong>, T\u00fcrkiye&#8217;nin y\u0131lda 5 bin <strong>organ nakliyle<\/strong> d\u00fcnyada ilk 5 \u00fclke aras\u0131nda yer ald\u0131\u011f\u0131n\u0131 bildirdi.<\/p>\n<p>Bakan Memi\u015fo\u011flu, Malatya \u0130n\u00f6n\u00fc \u00dcniversitenin ev sahipli\u011finde Alman Giesssen \u00dcniversitesi i\u015fbirli\u011finde Turgut \u00d6zal T\u0131p Merkezi Kongre ve K\u00fclt\u00fcr Merkezi&#8217;nde ger\u00e7ekle\u015ftirilen organ nakline ili\u015fkin programa \u00e7evrim i\u00e7i kat\u0131ld\u0131.<\/p>\n<p>Bakan Memi\u015fo\u011flu, konu\u015fmas\u0131nda, organ nakli konusunda T\u00fcrkiye&#8217;nin \u00e7ok ba\u015far\u0131l\u0131 oldu\u011funu, sa\u011fl\u0131k alt yap\u0131s\u0131 ve insan g\u00fcc\u00fc olarak da d\u00fcnyan\u0131n say\u0131l\u0131 \u00fclkeleri aras\u0131nda yer ald\u0131\u011f\u0131n\u0131 belirtti.<\/p>\n<p>\u00dclkenin geli\u015fmi\u015f karaci\u011fer nakli enstit\u00fclerinden birinin Malatya&#8217;da kuruldu\u011funu anlatan Memi\u015fo\u011flu, \u015f\u00f6yle devam etti:<\/p>\n<p>&#8220;B\u00fcy\u00fck \u00f6zveri ve \u00e7abayla kurulmu\u015f d\u00fcnyan\u0131n say\u0131l\u0131 merkezlerinden birisini olu\u015fturmu\u015f t\u00fcm arkada\u015flara \u00fclkem ad\u0131na te\u015fekk\u00fcr ediyorum. 76 b\u00f6brek, 52 karaci\u011fer, 15 kalp ve 2 akci\u011fer nakil merkeziyle ortalama senede 5 bin nakille, nakil konusundaki yetene\u011fiyle d\u00fcnyan\u0131n ilk 5 \u00fclkesi aras\u0131nday\u0131z. Bu konuda \u00e7ok yol kat eden \u00fclkemizde \u015fu an en b\u00fcy\u00fck hedeflerimizden birisi sadece canl\u0131dan nakil de\u011fil, daha \u00e7ok organ\u0131n\u0131 da ba\u011f\u0131\u015flayarak, kadavradan nakli artt\u0131rmak. Bizim sa\u011fl\u0131k sistemimizin en \u00f6nemli marka de\u011ferlerinden bir tanesi olan nakil sistemimizi kadavra ba\u011f\u0131\u015f\u0131yla da in\u015fallah ta\u00e7land\u0131raca\u011f\u0131z. Bu konuda t\u00fcm \u00e7abam\u0131z 2024-2028 stratejik plan\u0131m\u0131z kadavradan organ nakli konusunda \u00e7ok b\u00fcy\u00fck geli\u015fim sa\u011flamak. &#8220;<\/p>\n<p>Toplumun kadavradan organ naklini sahiplenmesini \u00e7ok \u00f6nemsediklerinin alt\u0131n\u0131 \u00e7izen Memi\u015fo\u011flu, &#8220;\u0130nsan g\u00fcc\u00fcyle T\u00fcrkiye \u015fu an d\u00fcnyadaki say\u0131l\u0131 merkezlerden birisi. \u0130yiliklerin en b\u00fcy\u00fc\u011f\u00fcn\u00fc yapan organ ba\u011f\u0131\u015f\u00e7\u0131lar\u0131m\u0131z ile onlar\u0131n yak\u0131nlar\u0131na te\u015fekk\u00fcr ediyorum. En ac\u0131 an\u0131nda ba\u015fka insanlar\u0131n ihtiya\u00e7lar\u0131n\u0131 ve ya\u015famlar\u0131n\u0131 kurtarma empatisi duyan b\u00fct\u00fcn organ ba\u011f\u0131\u015f\u00e7\u0131lar\u0131m\u0131za ve onlar\u0131n yak\u0131nlar\u0131na \u00e7ok te\u015fekk\u00fcr ediyorum.&#8221; dedi.<\/p>\n<p>\u0130n\u00f6n\u00fc \u00dcniversitesi Rekt\u00f6r\u00fc Prof. Dr. Ahmet K\u0131z\u0131lay, kongrenin temas\u0131n\u0131n \u00e7apraz karaci\u011fer nakli oldu\u011funu s\u00f6yledi.<\/p>\n<p>K\u0131z\u0131lay, \u00fcniversitelerinin 7&#8217;li karaci\u011fer nakliyle d\u00fcnya nakil tarihine ge\u00e7ti\u011fini dile getirdi.<\/p>\n<p>\u0130n\u00f6n\u00fc \u00dcniversitesi Turgut \u00d6zal T\u0131p Merkezi Karaci\u011fer Nakli Enstit\u00fcs\u00fc M\u00fcd\u00fcr\u00fc Prof. Dr. Sezai Y\u0131lmaz ise kentte ilk yap\u0131lan karaci\u011fer naklinden bu yana enstit\u00fcde verdikleri sa\u011fl\u0131k hizmetlerini anlatt\u0131.<\/p>\n<p>T\u00fcrk Alman Sa\u011fl\u0131k Vakf\u0131 Ba\u015fkan\u0131 Prof. Dr. Ya\u015far Birgin, Prof. Dr. Martin Kramer, Almanya B\u00fcy\u00fckel\u00e7ili\u011fi Savunma Ata\u015fesi Albay Frank Kammerer, T\u00fcrkiye Gazeteciler Cemiyet Ba\u015fkan\u0131 Vahap Munyar da selamlama konu\u015fmas\u0131 yapt\u0131.<\/p>\n<p>Konu\u015fmalar\u0131n ard\u0131ndan K\u0131z\u0131lay, \u00e7apraz organ nakilleri i\u00e7in algoritma geli\u015ftiren ABD Boston College&#8217;da g\u00f6rev yapan T\u00fcrk bilim insan\u0131 Prof. Dr. Tayfun S\u00f6nmez ve Prof. Dr. Utku \u00dcnver&#8217;e fahri doktora belgelerini teslim ederek, c\u00fcbbe giydirdi.<\/p>\n<p>Program\u0131n sonunda Sezai Y\u0131lmaz, ger\u00e7ekle\u015ftirdikleri 7&#8217;li \u00e7apraz karaci\u011fer nakli ile hayata tutunan hastalarla foto\u011fraf \u00e7ektirdi.<\/p>\n<p>                            <span class=\"detay-foto-editor\">&#13;<br \/>\n                                <a href=\"https:\/\/www.aa.com.tr\/tr\/p\/abonelik-talep-formu\/1001\" target=\"_blank\" style=\"font-size:12px; color:#444; text-decoration:none;\" rel=\"noopener\">&#13;<br \/>\n                                    Anadolu Ajans\u0131 web sitesinde, AA Haber Ak\u0131\u015f Sistemi (HAS) \u00fczerinden abonelere sunulan haberler, \u00f6zetlenerek yay\u0131mlanmaktad\u0131r. <b style=\"color:#1897F7\">Abonelik i\u00e7in l\u00fctfen ileti\u015fime ge\u00e7iniz.<\/b>&#13;<br \/>\n                                <\/a>&#13;<br \/>\n                            <\/span>\n                        <\/div>\n<p><script>\n\t  window.fbAsyncInit = function() {\n\t\tFB.init({\n\t\t  appId: '1855843514662870',\n\t\t  status : true, \/\/ check login status\n\t\t  cookie : true, \/\/ enable cookies to allow the server to access the session\n\t\t  xfbml  : true  \/\/ parse XFBML\n\t\t});\n\t  };<\/p>\n<p>\t  (function() {\n\t\tvar e = document.createElement('script');\n\t\te.src=\"https:\/\/connect.facebook.net\/tr_TR\/all.js\";\n\t\te.async = true;\n\t\tdocument.getElementById('fb-root').appendChild(e);\n\t  }());\n    <\/script><\/p>\n","protected":false},"excerpt":{"rendered":"<p>Sa\u011fl\u0131k Bakan\u0131 Kemal Memi\u015fo\u011flu, T\u00fcrkiye&#8217;nin y\u0131lda 5 bin organ nakliyle d\u00fcnyada ilk 5 \u00fclke aras\u0131nda yer ald\u0131\u011f\u0131n\u0131 bildirdi. Bakan Memi\u015fo\u011flu, Malatya \u0130n\u00f6n\u00fc \u00dcniversitenin ev sahipli\u011finde Alman Giesssen \u00dcniversitesi i\u015fbirli\u011finde Turgut \u00d6zal T\u0131p Merkezi Kongre ve K\u00fclt\u00fcr Merkezi&#8217;nde ger\u00e7ekle\u015ftirilen organ nakline ili\u015fkin programa \u00e7evrim i\u00e7i kat\u0131ld\u0131. Bakan Memi\u015fo\u011flu, konu\u015fmas\u0131nda, organ nakli konusunda T\u00fcrkiye&#8217;nin \u00e7ok ba\u015far\u0131l\u0131 oldu\u011funu, [&hellip;]<\/p>\n","protected":false},"author":1,"featured_media":27707,"comment_status":"","ping_status":"","sticky":false,"template":"","format":"standard","meta":[],"categories":[46],"tags":[],"_links":{"self":[{"href":"https:\/\/kraios.app\/news\/wp-json\/wp\/v2\/posts\/27706"}],"collection":[{"href":"https:\/\/kraios.app\/news\/wp-json\/wp\/v2\/posts"}],"about":[{"href":"https:\/\/kraios.app\/news\/wp-json\/wp\/v2\/types\/post"}],"author":[{"embeddable":true,"href":"https:\/\/kraios.app\/news\/wp-json\/wp\/v2\/users\/1"}],"replies":[{"embeddable":true,"href":"https:\/\/kraios.app\/news\/wp-json\/wp\/v2\/comments?post=27706"}],"version-history":[{"count":0,"href":"https:\/\/kraios.app\/news\/wp-json\/wp\/v2\/posts\/27706\/revisions"}],"wp:featuredmedia":[{"embeddable":true,"href":"https:\/\/kraios.app\/news\/wp-json\/wp\/v2\/media\/27707"}],"wp:attachment":[{"href":"https:\/\/kraios.app\/news\/wp-json\/wp\/v2\/media?parent=27706"}],"wp:term":[{"taxonomy":"category","embeddable":true,"href":"https:\/\/kraios.app\/news\/wp-json\/wp\/v2\/categories?post=27706"},{"taxonomy":"post_tag","embeddable":true,"href":"https:\/\/kraios.app\/news\/wp-json\/wp\/v2\/tags?post=27706"}],"curies":[{"name":"wp","href":"https:\/\/api.w.org\/{rel}","templated":true}]}}