{"id":27666,"date":"2024-07-21T10:03:32","date_gmt":"2024-07-21T10:03:32","guid":{"rendered":"https:\/\/kraios.app\/news\/saglik\/2024\/07\/21\/80-yasindaki-kadin-sigirdan-alinan-kalp-kapakcigi-ile-sagligina-kavustu\/"},"modified":"2024-07-21T10:03:32","modified_gmt":"2024-07-21T10:03:32","slug":"80-yasindaki-kadin-sigirdan-alinan-kalp-kapakcigi-ile-sagligina-kavustu","status":"publish","type":"post","link":"https:\/\/kraios.app\/news\/saglik\/2024\/07\/21\/80-yasindaki-kadin-sigirdan-alinan-kalp-kapakcigi-ile-sagligina-kavustu\/","title":{"rendered":"80 ya\u015f\u0131ndaki kad\u0131n s\u0131\u011f\u0131rdan al\u0131nan kalp kapak\u00e7\u0131\u011f\u0131 ile sa\u011fl\u0131\u011f\u0131na kavu\u015ftu"},"content":{"rendered":"<p><\/p>\n<div>\n<p>Y\u00fcr\u00fcme, uykusuzluk, a\u011fr\u0131 ve nefes problemi \u015fikayetiyle Kastamonu E\u011fitim ve Ara\u015ft\u0131rma Hastanesine ba\u015fvuran \u015eaziye Karag\u00f6z, ayn\u0131 zamanda Kastamonu \u00dcniversitesi T\u0131p Fak\u00fcltesi Kalp ve Damar Cerrahisi Anabilim Dal\u0131nda da doktor \u00f6\u011fretim \u00fcyeli\u011fi g\u00f6revini y\u00fcr\u00fcten Burak Tamtekin ve G\u00fclsen G\u00fcler Ersoy&#8217;un ger\u00e7ekle\u015ftirdi\u011fi bypass ve kalp kapak\u00e7\u0131\u011f\u0131 ameliyat\u0131 sonras\u0131nda sa\u011fl\u0131\u011f\u0131na kavu\u015ftu.<\/p>\n<p><img decoding=\"async\" alt=\"\" src=\"https:\/\/www.aa.com.tr\/uploads\/userFiles\/96f91bbd-282f-4a24-a12c-1b1092cfeb3b\/008_2024%2F05_Temmuz%2F15_Temmuz%2F09%2F20240721_2_64820359_103169471.jpg\"\/><\/p>\n<p>Tamtekin, AA muhabirine, Kastamonu&#8217;da yakla\u015f\u0131k 3 y\u0131lda 200&#8217;e yak\u0131n a\u00e7\u0131k kalp ameliyat\u0131 yapt\u0131klar\u0131n\u0131 s\u00f6yledi.<\/p>\n<p>Kalp kapak\u00e7\u0131\u011f\u0131 sorunu ya\u015fayan baz\u0131 hastalara da kapak\u00e7\u0131k ameliyat\u0131 ger\u00e7ekle\u015ftirdiklerini anlatan Tamtekin, &#8220;\u015eaziye teyzemize s\u0131\u011f\u0131rdan elde edilen kalp kapak\u00e7\u0131\u011f\u0131 ameliyat\u0131 yapt\u0131k. Kastamonu&#8217;da ger\u00e7ekle\u015ftirdi\u011fimiz ameliyatlarla \u015fu ana kadar 10 hastam\u0131za s\u0131\u011f\u0131r kalp kapak\u00e7\u0131\u011f\u0131 takt\u0131k. Canl\u0131, biyolojik kapak bunlar. Teyzemiz de bu hastalar\u0131m\u0131zdan \u00fc\u00e7\u00fcnc\u00fcs\u00fcyd\u00fc. \u015eu anda 10 hastam\u0131z da sa\u011fl\u0131kl\u0131 bir \u015fekilde hayat\u0131n\u0131 s\u00fcrd\u00fcrmekte.&#8221; dedi.<\/p>\n<p><img decoding=\"async\" alt=\"\" src=\"https:\/\/www.aa.com.tr\/uploads\/userFiles\/96f91bbd-282f-4a24-a12c-1b1092cfeb3b\/008_2024%2F05_Temmuz%2F15_Temmuz%2F09%2F20240721_2_64820359_103169472.jpg\"\/><\/p>\n<p>\u015eaziye Karag\u00f6z&#8217;\u00fcn aort damar\u0131n\u0131n kire\u00e7lenip darald\u0131\u011f\u0131n\u0131 ifade eden Tamtekin, &#8220;\u0130ki damar\u0131na bypass yapt\u0131\u011f\u0131m\u0131z teyzemize s\u0131\u011f\u0131rdan elde edilen canl\u0131 kapa\u011f\u0131 takt\u0131k. Teyzemiz ertesi g\u00fcn servise al\u0131nd\u0131 ve \u00e7ok \u00e7abuk taburcu edildi. Bug\u00fcn de evinde kendisini ziyaret ettik. Gayet de iyi g\u00f6z\u00fck\u00fcyor.&#8221; ifadelerini kulland\u0131.<\/p>\n<p><img decoding=\"async\" alt=\"\" src=\"https:\/\/www.aa.com.tr\/uploads\/userFiles\/96f91bbd-282f-4a24-a12c-1b1092cfeb3b\/008_2024%2F05_Temmuz%2F15_Temmuz%2F09%2F20240721_2_64820359_103169473.jpg\"\/><\/p>\n<p>Tamtekin, bu ameliyatlar\u0131n zaman a\u00e7\u0131s\u0131ndan b\u00fcy\u00fck avantajlar\u0131 oldu\u011funu vurgulayarak, \u015f\u00f6yle devam etti:<\/p>\n<p>&#8220;Diki\u015fsiz s\u0131\u011f\u0131rdan elde edilen bu kapaklar\u0131n en b\u00fcy\u00fck \u00f6zelli\u011fi ameliyat s\u00fcresini \u00e7ok k\u0131saltmas\u0131. Teyzemiz 80 ya\u015f\u0131nda hem kapak de\u011fi\u015fimi hem de bypass ameliyat\u0131n\u0131 yapt\u0131k. Normal \u015fartlarda eski kapaklar\u0131n \u00e7\u0131kar\u0131lmas\u0131 ve tak\u0131lmas\u0131 1 saate yak\u0131n s\u00fcre al\u0131rken eski kapa\u011f\u0131n \u00e7\u0131kar\u0131l\u0131p bunun tak\u0131lmas\u0131 yakla\u015f\u0131k 5 dakikam\u0131z\u0131 ald\u0131. Teyzemiz gibi ileri ya\u015f hastalarda ameliyat\u0131n k\u0131sa s\u00fcrmesi hastam\u0131z\u0131n erken taburcu olmas\u0131 ve y\u00fcr\u00fcmesi a\u00e7\u0131s\u0131ndan \u00f6nemli. O y\u00fczden uygun hastalarda bu kapa\u011f\u0131 kullan\u0131yoruz. Sosyal G\u00fcvenlik Kurumunun bu kapa\u011f\u0131 kar\u015f\u0131lamas\u0131 sebebiyle kapa\u011f\u0131 hastalar\u0131m\u0131za kolayl\u0131kla takabiliyoruz.&#8221;<\/p>\n<p><img decoding=\"async\" alt=\"\" src=\"https:\/\/www.aa.com.tr\/uploads\/userFiles\/96f91bbd-282f-4a24-a12c-1b1092cfeb3b\/008_2024%2F05_Temmuz%2F15_Temmuz%2F09%2F20240721_2_64820359_103169475.jpg\"\/><\/p>\n<p>Kapa\u011f\u0131n v\u00fccuda kolay uyum sa\u011flad\u0131\u011f\u0131n\u0131 anlatan Tamtekin, &#8220;S\u0131\u011f\u0131r ve domuz kapa\u011f\u0131 gibi baz\u0131 canl\u0131lar\u0131n organlar\u0131 insan yap\u0131s\u0131yla benzer. \u00c7o\u011fu organlarda bu ortak benzerli\u011fi insanlara kullanabiliyoruz. Bu kapa\u011f\u0131n en \u00f6nemli \u00f6zelli\u011fi diki\u015fsiz olmas\u0131. Kapak diki\u015flerinin olmamas\u0131 \u00e7ok b\u00fcy\u00fck avantaj, ameliyat s\u00fcresini k\u0131salt\u0131yor ve olu\u015fabilecek komplikasyonlar\u0131 ortadan kald\u0131r\u0131yor. Bu kapa\u011f\u0131n tak\u0131ld\u0131\u011f\u0131 hastan\u0131n \u00e7ok ciddi kan suland\u0131r\u0131c\u0131lar\u0131 kullanmas\u0131na gerek kalm\u0131yor.&#8221; diye konu\u015ftu.<\/p>\n<p><img decoding=\"async\" alt=\"\" src=\"https:\/\/www.aa.com.tr\/uploads\/userFiles\/96f91bbd-282f-4a24-a12c-1b1092cfeb3b\/008_2024%2F05_Temmuz%2F15_Temmuz%2F09%2F20240721_2_64820359_103169476.jpg\"\/><\/p>\n<p>\u015eaziye Karag\u00f6z, tansiyon rahats\u0131zl\u0131\u011f\u0131 i\u00e7in hastaneye gitti\u011fini belirterek, \u015funlar\u0131 kaydetti:<\/p>\n<p>&#8220;Gitti\u011fimizde kalp hastal\u0131\u011f\u0131 \u00e7\u0131kt\u0131, ameliyata ald\u0131lar. Ameliyattan \u00f6nce hi\u00e7 y\u00fcr\u00fcyemiyordum, kalbim s\u0131k\u0131\u015f\u0131yor, s\u0131rt\u0131m \u00e7ok a\u011fr\u0131yor ve nefesim s\u0131k\u0131\u015f\u0131yordu. Uyuyam\u0131yordum. \u015eimdi Allah&#8217;a \u015f\u00fck\u00fcrler olsun iyiyim, y\u00fcr\u00fcyorum, yemem i\u00e7mem iyi, a\u011fr\u0131m s\u0131z\u0131m yok. Ameliyattan sonra kalp kapak\u00e7\u0131\u011f\u0131mda hi\u00e7bir \u015fey fark etmedim. Ameliyattan sonra toparland\u0131m, kilo ald\u0131m. 80 ya\u015f\u0131nday\u0131m ameliyattan sonra gen\u00e7le\u015ftim.&#8221;<\/p>\n<p>                            <span class=\"detay-foto-editor\">&#13;<br \/>\n                                <a href=\"https:\/\/www.aa.com.tr\/tr\/p\/abonelik-talep-formu\/1001\" target=\"_blank\" style=\"font-size:12px; color:#444; text-decoration:none;\" rel=\"noopener\">&#13;<br \/>\n                                    Anadolu Ajans\u0131 web sitesinde, AA Haber Ak\u0131\u015f Sistemi (HAS) \u00fczerinden abonelere sunulan haberler, \u00f6zetlenerek yay\u0131mlanmaktad\u0131r. <b style=\"color:#1897F7\">Abonelik i\u00e7in l\u00fctfen ileti\u015fime ge\u00e7iniz.<\/b>&#13;<br \/>\n                                <\/a>&#13;<br \/>\n                            <\/span>\n                        <\/div>\n<p><script>\n\t  window.fbAsyncInit = function() {\n\t\tFB.init({\n\t\t  appId: '1855843514662870',\n\t\t  status : true, \/\/ check login status\n\t\t  cookie : true, \/\/ enable cookies to allow the server to access the session\n\t\t  xfbml  : true  \/\/ parse XFBML\n\t\t});\n\t  };<\/p>\n<p>\t  (function() {\n\t\tvar e = document.createElement('script');\n\t\te.src=\"https:\/\/connect.facebook.net\/tr_TR\/all.js\";\n\t\te.async = true;\n\t\tdocument.getElementById('fb-root').appendChild(e);\n\t  }());\n    <\/script><\/p>\n","protected":false},"excerpt":{"rendered":"<p>Y\u00fcr\u00fcme, uykusuzluk, a\u011fr\u0131 ve nefes problemi \u015fikayetiyle Kastamonu E\u011fitim ve Ara\u015ft\u0131rma Hastanesine ba\u015fvuran \u015eaziye Karag\u00f6z, ayn\u0131 zamanda Kastamonu \u00dcniversitesi T\u0131p Fak\u00fcltesi Kalp ve Damar Cerrahisi Anabilim Dal\u0131nda da doktor \u00f6\u011fretim \u00fcyeli\u011fi g\u00f6revini y\u00fcr\u00fcten Burak Tamtekin ve G\u00fclsen G\u00fcler Ersoy&#8217;un ger\u00e7ekle\u015ftirdi\u011fi bypass ve kalp kapak\u00e7\u0131\u011f\u0131 ameliyat\u0131 sonras\u0131nda sa\u011fl\u0131\u011f\u0131na kavu\u015ftu. Tamtekin, AA muhabirine, Kastamonu&#8217;da yakla\u015f\u0131k 3 y\u0131lda [&hellip;]<\/p>\n","protected":false},"author":1,"featured_media":27667,"comment_status":"","ping_status":"","sticky":false,"template":"","format":"standard","meta":[],"categories":[46],"tags":[],"_links":{"self":[{"href":"https:\/\/kraios.app\/news\/wp-json\/wp\/v2\/posts\/27666"}],"collection":[{"href":"https:\/\/kraios.app\/news\/wp-json\/wp\/v2\/posts"}],"about":[{"href":"https:\/\/kraios.app\/news\/wp-json\/wp\/v2\/types\/post"}],"author":[{"embeddable":true,"href":"https:\/\/kraios.app\/news\/wp-json\/wp\/v2\/users\/1"}],"replies":[{"embeddable":true,"href":"https:\/\/kraios.app\/news\/wp-json\/wp\/v2\/comments?post=27666"}],"version-history":[{"count":0,"href":"https:\/\/kraios.app\/news\/wp-json\/wp\/v2\/posts\/27666\/revisions"}],"wp:featuredmedia":[{"embeddable":true,"href":"https:\/\/kraios.app\/news\/wp-json\/wp\/v2\/media\/27667"}],"wp:attachment":[{"href":"https:\/\/kraios.app\/news\/wp-json\/wp\/v2\/media?parent=27666"}],"wp:term":[{"taxonomy":"category","embeddable":true,"href":"https:\/\/kraios.app\/news\/wp-json\/wp\/v2\/categories?post=27666"},{"taxonomy":"post_tag","embeddable":true,"href":"https:\/\/kraios.app\/news\/wp-json\/wp\/v2\/tags?post=27666"}],"curies":[{"name":"wp","href":"https:\/\/api.w.org\/{rel}","templated":true}]}}