{"id":27656,"date":"2024-07-18T10:58:13","date_gmt":"2024-07-18T10:58:13","guid":{"rendered":"https:\/\/kraios.app\/news\/saglik\/2024\/07\/18\/kolon-kanseri-sonrasi-losemiye-yakalanan-hastaya-yari-uyumlu-kok-hucre-nakledildi\/"},"modified":"2024-07-18T10:58:13","modified_gmt":"2024-07-18T10:58:13","slug":"kolon-kanseri-sonrasi-losemiye-yakalanan-hastaya-yari-uyumlu-kok-hucre-nakledildi","status":"publish","type":"post","link":"https:\/\/kraios.app\/news\/saglik\/2024\/07\/18\/kolon-kanseri-sonrasi-losemiye-yakalanan-hastaya-yari-uyumlu-kok-hucre-nakledildi\/","title":{"rendered":"Kolon kanseri sonras\u0131 l\u00f6semiye yakalanan hastaya yar\u0131 uyumlu k\u00f6k h\u00fccre nakledildi"},"content":{"rendered":"<p><\/p>\n<div>\n<p>Karaman&#8217;da ya\u015fayan 63 ya\u015f\u0131ndaki emekli imam Mustafa U\u011fuz, 5 y\u0131l \u00f6nce g\u00f6rd\u00fc\u011f\u00fc tedavi sonras\u0131nda kolon kanserini yendi. Daha sonra grip \u015fikayetiyle hastaneye giden U\u011fuz&#8217;a, l\u00f6semi te\u015fhisi konuldu.<\/p>\n<p>Necmettin Erbakan \u00dcniversitesi T\u0131p Fak\u00fcltesi Hastanesinde o\u011flundan yap\u0131lan yar\u0131 uyumlu k\u00f6k h\u00fccre nakliyle hayata tutunan U\u011fuz, zorlu s\u00fcreci AA muhabiriyle payla\u015ft\u0131.<\/p>\n<p><img decoding=\"async\" alt=\"\" src=\"https:\/\/www.aa.com.tr\/uploads\/userFiles\/96f91bbd-282f-4a24-a12c-1b1092cfeb3b\/008_2024%2F05_Temmuz%2F16_Temmuz%2F13%2F20240718_2_64781647_103088323.jpg\"\/><\/p>\n<h3>&#8220;\u0130radeliyim, azmin elinden kurtulu\u015f yok&#8221;<\/h3>\n<p>U\u011fuz, ikinci kez kanser oldu\u011funu \u00f6\u011frendi\u011finde hayat\u0131n\u0131n \u015fokunu ya\u015fad\u0131\u011f\u0131n\u0131 s\u00f6yledi.<\/p>\n<p>\u0130nsan\u0131n ikinci kez kansere yakaland\u0131\u011f\u0131n\u0131 \u00f6\u011frenmesinin \u00e7ok a\u011f\u0131r oldu\u011funu vurgulayan U\u011fuz, &#8220;Direkt hastaneye yat\u0131rd\u0131lar. E\u015fim ve o\u011flum \u00e7ok destek oldu, yan\u0131mdan ayr\u0131lmad\u0131lar. \u0130radeliyim, azmin elinden kurtulu\u015f yok. \u0130n\u015fallah azimle kurtulaca\u011f\u0131z.&#8221; diye konu\u015ftu.<\/p>\n<p>G\u00fclay U\u011fuz da e\u015fine s\u00fcrekli moral verdi\u011fini belirterek, &#8220;Ona, &#8216;Kolon kanserini atlatt\u0131n, Allah&#8217;\u0131n izniyle bunu da atlatacaks\u0131n.&#8217; dedim. Doktorlar\u0131m\u0131zdan \u00e7ok memnunuz, onlardan moral buluyordu. E\u015fimin her zaman yan\u0131nda olduk. Ailemizde kanser vakas\u0131 yoktu.&#8221; dedi.<\/p>\n<p><img decoding=\"async\" alt=\"\" src=\"https:\/\/www.aa.com.tr\/uploads\/userFiles\/96f91bbd-282f-4a24-a12c-1b1092cfeb3b\/008_2024%2F05_Temmuz%2F16_Temmuz%2F13%2F20240718_2_64781647_103088324.jpg\"\/><\/p>\n<h3>1 milyona yak\u0131n verici uyumlu \u00e7\u0131kmad\u0131<\/h3>\n<p>Hastanenin K\u00f6k H\u00fccre Nakli \u00dcnitesi Koordinat\u00f6r\u00fc Do\u00e7. Dr. Mustafa Merter, ba\u015fkas\u0131ndan k\u00f6k h\u00fccre nakillerini, hematolojik kanserli hastalara ba\u015far\u0131yla uygulad\u0131klar\u0131n\u0131 s\u00f6yledi.<\/p>\n<p>L\u00f6semi hastas\u0131 U\u011fuz&#8217;un da a\u011f\u0131r kemoterapiler sonras\u0131 hastal\u0131\u011f\u0131n\u0131 kontrol ettiklerini, sonras\u0131nda k\u00f6k h\u00fccre nakli yapmalar\u0131 gerekti\u011fini anlatan Merter, \u015f\u00f6yle konu\u015ftu:<\/p>\n<p>&#8220;Karde\u015fleri uyumlu \u00e7\u0131kmad\u0131. Bunun \u00fczerine \u00fclkemizin k\u00f6k h\u00fccre bankas\u0131nda bir milyona yak\u0131n verici tarand\u0131 ama orada da uyumlu bir verici bulamad\u0131k. Hastal\u0131\u011f\u0131n n\u00fcksetmemesi i\u00e7in de acelemiz oldu\u011fundan o\u011flundan yar\u0131 uyumlu k\u00f6k h\u00fccre nakli yapt\u0131k ve bu sayede \u015fifaya ula\u015fabildi. \u015eu anda da naklinin birinci ay\u0131nda, genel durumu da gayet iyi. Hastam\u0131z zamanla daha iyi olacak. Alt\u0131 ay sonra normal ya\u015fant\u0131s\u0131na d\u00f6nebilecek. Verici bulamad\u0131\u011f\u0131m\u0131z takdirde bu hastalar\u0131 6 ila 9 ay i\u00e7inde kaybediyoruz.&#8221;<\/p>\n<p><img decoding=\"async\" alt=\"\" src=\"https:\/\/www.aa.com.tr\/uploads\/userFiles\/96f91bbd-282f-4a24-a12c-1b1092cfeb3b\/008_2024%2F05_Temmuz%2F16_Temmuz%2F13%2F20240718_2_64781647_103088326.jpg\"\/><\/p>\n<h3>Nadir vakalardan<\/h3>\n<p>Merter, hastan\u0131n nadir vakalardan oldu\u011funa i\u015faret ederek, &#8220;Kolon kanseri ve sonras\u0131nda l\u00f6semi geli\u015fen vakalar nadir. L\u00f6seminin kendisi bir kere \u00e7ok nadir bir hastal\u0131k. 100 binde 5 g\u00f6r\u00fcl\u00fcyor ama hastam\u0131z gibi vakalar milyonda bir g\u00f6r\u00fclen, nadir bir durum. Yar\u0131 uyumlu nakil olan bu t\u00fcr hasta say\u0131s\u0131 \u00e7ok d\u00fc\u015f\u00fckt\u00fcr. Durumu akademik yay\u0131m ve sunum yapmay\u0131 d\u00fc\u015f\u00fcn\u00fcyoruz.&#8221; ifadesini kulland\u0131.<\/p>\n<p>                            <span class=\"detay-foto-editor\">&#13;<br \/>\n                                <a href=\"https:\/\/www.aa.com.tr\/tr\/p\/abonelik-talep-formu\/1001\" target=\"_blank\" style=\"font-size:12px; color:#444; text-decoration:none;\" rel=\"noopener\">&#13;<br \/>\n                                    Anadolu Ajans\u0131 web sitesinde, AA Haber Ak\u0131\u015f Sistemi (HAS) \u00fczerinden abonelere sunulan haberler, \u00f6zetlenerek yay\u0131mlanmaktad\u0131r. <b style=\"color:#1897F7\">Abonelik i\u00e7in l\u00fctfen ileti\u015fime ge\u00e7iniz.<\/b>&#13;<br \/>\n                                <\/a>&#13;<br \/>\n                            <\/span>\n                        <\/div>\n<p><script>\n\t  window.fbAsyncInit = function() {\n\t\tFB.init({\n\t\t  appId: '1855843514662870',\n\t\t  status : true, \/\/ check login status\n\t\t  cookie : true, \/\/ enable cookies to allow the server to access the session\n\t\t  xfbml  : true  \/\/ parse XFBML\n\t\t});\n\t  };<\/p>\n<p>\t  (function() {\n\t\tvar e = document.createElement('script');\n\t\te.src=\"https:\/\/connect.facebook.net\/tr_TR\/all.js\";\n\t\te.async = true;\n\t\tdocument.getElementById('fb-root').appendChild(e);\n\t  }());\n    <\/script><\/p>\n","protected":false},"excerpt":{"rendered":"<p>Karaman&#8217;da ya\u015fayan 63 ya\u015f\u0131ndaki emekli imam Mustafa U\u011fuz, 5 y\u0131l \u00f6nce g\u00f6rd\u00fc\u011f\u00fc tedavi sonras\u0131nda kolon kanserini yendi. Daha sonra grip \u015fikayetiyle hastaneye giden U\u011fuz&#8217;a, l\u00f6semi te\u015fhisi konuldu. Necmettin Erbakan \u00dcniversitesi T\u0131p Fak\u00fcltesi Hastanesinde o\u011flundan yap\u0131lan yar\u0131 uyumlu k\u00f6k h\u00fccre nakliyle hayata tutunan U\u011fuz, zorlu s\u00fcreci AA muhabiriyle payla\u015ft\u0131. &#8220;\u0130radeliyim, azmin elinden kurtulu\u015f yok&#8221; U\u011fuz, ikinci [&hellip;]<\/p>\n","protected":false},"author":1,"featured_media":27657,"comment_status":"","ping_status":"","sticky":false,"template":"","format":"standard","meta":[],"categories":[46],"tags":[],"_links":{"self":[{"href":"https:\/\/kraios.app\/news\/wp-json\/wp\/v2\/posts\/27656"}],"collection":[{"href":"https:\/\/kraios.app\/news\/wp-json\/wp\/v2\/posts"}],"about":[{"href":"https:\/\/kraios.app\/news\/wp-json\/wp\/v2\/types\/post"}],"author":[{"embeddable":true,"href":"https:\/\/kraios.app\/news\/wp-json\/wp\/v2\/users\/1"}],"replies":[{"embeddable":true,"href":"https:\/\/kraios.app\/news\/wp-json\/wp\/v2\/comments?post=27656"}],"version-history":[{"count":0,"href":"https:\/\/kraios.app\/news\/wp-json\/wp\/v2\/posts\/27656\/revisions"}],"wp:featuredmedia":[{"embeddable":true,"href":"https:\/\/kraios.app\/news\/wp-json\/wp\/v2\/media\/27657"}],"wp:attachment":[{"href":"https:\/\/kraios.app\/news\/wp-json\/wp\/v2\/media?parent=27656"}],"wp:term":[{"taxonomy":"category","embeddable":true,"href":"https:\/\/kraios.app\/news\/wp-json\/wp\/v2\/categories?post=27656"},{"taxonomy":"post_tag","embeddable":true,"href":"https:\/\/kraios.app\/news\/wp-json\/wp\/v2\/tags?post=27656"}],"curies":[{"name":"wp","href":"https:\/\/api.w.org\/{rel}","templated":true}]}}