{"id":27650,"date":"2024-07-17T10:54:33","date_gmt":"2024-07-17T10:54:33","guid":{"rendered":"https:\/\/kraios.app\/news\/saglik\/2024\/07\/17\/yutma-riskine-karsi-bebeklere-nazar-boncugu-kolye-takilmamali-uyarisi\/"},"modified":"2024-07-17T10:54:33","modified_gmt":"2024-07-17T10:54:33","slug":"yutma-riskine-karsi-bebeklere-nazar-boncugu-kolye-takilmamali-uyarisi","status":"publish","type":"post","link":"https:\/\/kraios.app\/news\/saglik\/2024\/07\/17\/yutma-riskine-karsi-bebeklere-nazar-boncugu-kolye-takilmamali-uyarisi\/","title":{"rendered":"&#8220;Yutma riskine kar\u015f\u0131 bebeklere nazar boncu\u011fu, kolye tak\u0131lmamal\u0131&#8221; uyar\u0131s\u0131"},"content":{"rendered":"<p><\/p>\n<div>\n<p>Ankara&#8217;da, yakas\u0131nda bulunan \u00e7engelli i\u011fneyi ucu a\u00e7\u0131k bir \u015fekilde yutan 10 ayl\u0131k k\u0131z bebek, getirildi\u011fi Ankara E\u011fitim ve Ara\u015ft\u0131rma Hastanesinde yap\u0131lan operasyonla kurtar\u0131ld\u0131.<\/p>\n<p>Bebe\u011fin operasyonunu ger\u00e7ekle\u015ftiren Ankara E\u011fitim ve Ara\u015ft\u0131rma Hastanesi \u00c7ocuk Cerrahisi Uzman\u0131 Do\u00e7. Dr. \u00c7al\u0131\u015fkan, AA muhabirine yapt\u0131\u011f\u0131 a\u00e7\u0131klamada, toplumda bebeklere, nazar boncuklar\u0131, alt\u0131n, baz\u0131 dualar, \u015fifal\u0131 oldu\u011fu d\u00fc\u015f\u00fcn\u00fclen ta\u015flar, kolye ve bilekliklerin tak\u0131ld\u0131\u011f\u0131na i\u015faret etti.<\/p>\n<p><img decoding=\"async\" alt=\"\" src=\"https:\/\/admin.aa.com.tr\/uploads\/userFiles\/4f62407a-abf2-4464-9690-b6acbca575b5\/07_2024%2F00_TEMMUZ%2F017%20temmuz%2F20240717_2_64765935_103054307.jpg\"\/><\/p>\n<p>Ancak bu nesneleri bebeklerin yutmas\u0131n\u0131n ciddi riskleri de ortaya \u00e7\u0131kard\u0131\u011f\u0131n\u0131 vurgulayan \u00c7al\u0131\u015fkan, ailelere, k\u00fc\u00e7\u00fck \u00e7ocuklar\u0131n\u0131 m\u00fcmk\u00fcn oldu\u011funca yabanc\u0131 cisimlerden uzak tutmalar\u0131 gerekti\u011fi uyar\u0131s\u0131nda bulundu.<\/p>\n<p>\u00c7al\u0131\u015fkan, &#8220;3 ya\u015f\u0131n alt\u0131ndaki hi\u00e7bir \u00e7ocukta, \u00fczerinde ta\u015f\u0131yabilece\u011fi nazar boncu\u011fu, do\u011fal ta\u015flardan kolye, k\u00fcpe gibi nesnelerin bulunmamas\u0131 gerekiyor. \u00c7\u00fcnk\u00fc \u00e7ocuklar k\u00fc\u00e7\u00fck boyutlu yabanc\u0131 cisimleri tan\u0131mak i\u00e7in a\u011f\u0131zlar\u0131na atabiliyor ve yutma sonucu bu nesneler soluk borular\u0131na ka\u00e7abiliyor.&#8221; dedi.<\/p>\n<h3>&#8220;Deterjanlar\u0131 \u00e7ocuklardan uzak tutun&#8221;<\/h3>\n<p>Bebeklerin bazen deterjan, temizleyici gibi \u00fcr\u00fcnleri de yutabildiklerine dikkati \u00e7eken \u00c7al\u0131\u015fkan, \u015funlar\u0131 kaydetti:<\/p>\n<p>&#8220;Deterjan, tuz ruhu, \u00e7ama\u015f\u0131r suyu gibi t\u00fcm paketli temizlik \u00fcr\u00fcnlerinin a\u011f\u0131zlar\u0131nda kilit vard\u0131r. Kilitsiz olan, a\u00e7\u0131k sat\u0131lan \u00fcr\u00fcnlerin kesinlikle al\u0131nmamas\u0131 gerekiyor. Bazen renksiz deterjanlar su \u015fi\u015felerine konulup dolaplarda saklanabiliyor. \u00c7ocuklar \u00e7ok merakl\u0131, her bulduklar\u0131 yeni \u015feyi denemek, tatmak istiyorlar. \u00c7ocuklar\u0131n, uzun d\u00f6nem hayatlar\u0131n\u0131 etkileyecek problemlerle kar\u015f\u0131la\u015fmamas\u0131 i\u00e7in ailelerin dikkat etmesi, deterjanlar\u0131 \u00e7ocuklardan uzak tutmas\u0131 gerekiyor.&#8221;<\/p>\n<p>                            <span class=\"detay-foto-editor\">&#13;<br \/>\n                                <a href=\"https:\/\/www.aa.com.tr\/tr\/p\/abonelik-talep-formu\/1001\" target=\"_blank\" style=\"font-size:12px; color:#444; text-decoration:none;\" rel=\"noopener\">&#13;<br \/>\n                                    Anadolu Ajans\u0131 web sitesinde, AA Haber Ak\u0131\u015f Sistemi (HAS) \u00fczerinden abonelere sunulan haberler, \u00f6zetlenerek yay\u0131mlanmaktad\u0131r. <b style=\"color:#1897F7\">Abonelik i\u00e7in l\u00fctfen ileti\u015fime ge\u00e7iniz.<\/b>&#13;<br \/>\n                                <\/a>&#13;<br \/>\n                            <\/span>\n                        <\/div>\n<p><script>\n\t  window.fbAsyncInit = function() {\n\t\tFB.init({\n\t\t  appId: '1855843514662870',\n\t\t  status : true, \/\/ check login status\n\t\t  cookie : true, \/\/ enable cookies to allow the server to access the session\n\t\t  xfbml  : true  \/\/ parse XFBML\n\t\t});\n\t  };<\/p>\n<p>\t  (function() {\n\t\tvar e = document.createElement('script');\n\t\te.src=\"https:\/\/connect.facebook.net\/tr_TR\/all.js\";\n\t\te.async = true;\n\t\tdocument.getElementById('fb-root').appendChild(e);\n\t  }());\n    <\/script><\/p>\n","protected":false},"excerpt":{"rendered":"<p>Ankara&#8217;da, yakas\u0131nda bulunan \u00e7engelli i\u011fneyi ucu a\u00e7\u0131k bir \u015fekilde yutan 10 ayl\u0131k k\u0131z bebek, getirildi\u011fi Ankara E\u011fitim ve Ara\u015ft\u0131rma Hastanesinde yap\u0131lan operasyonla kurtar\u0131ld\u0131. Bebe\u011fin operasyonunu ger\u00e7ekle\u015ftiren Ankara E\u011fitim ve Ara\u015ft\u0131rma Hastanesi \u00c7ocuk Cerrahisi Uzman\u0131 Do\u00e7. Dr. \u00c7al\u0131\u015fkan, AA muhabirine yapt\u0131\u011f\u0131 a\u00e7\u0131klamada, toplumda bebeklere, nazar boncuklar\u0131, alt\u0131n, baz\u0131 dualar, \u015fifal\u0131 oldu\u011fu d\u00fc\u015f\u00fcn\u00fclen ta\u015flar, kolye ve bilekliklerin [&hellip;]<\/p>\n","protected":false},"author":1,"featured_media":27651,"comment_status":"","ping_status":"","sticky":false,"template":"","format":"standard","meta":[],"categories":[46],"tags":[],"_links":{"self":[{"href":"https:\/\/kraios.app\/news\/wp-json\/wp\/v2\/posts\/27650"}],"collection":[{"href":"https:\/\/kraios.app\/news\/wp-json\/wp\/v2\/posts"}],"about":[{"href":"https:\/\/kraios.app\/news\/wp-json\/wp\/v2\/types\/post"}],"author":[{"embeddable":true,"href":"https:\/\/kraios.app\/news\/wp-json\/wp\/v2\/users\/1"}],"replies":[{"embeddable":true,"href":"https:\/\/kraios.app\/news\/wp-json\/wp\/v2\/comments?post=27650"}],"version-history":[{"count":0,"href":"https:\/\/kraios.app\/news\/wp-json\/wp\/v2\/posts\/27650\/revisions"}],"wp:featuredmedia":[{"embeddable":true,"href":"https:\/\/kraios.app\/news\/wp-json\/wp\/v2\/media\/27651"}],"wp:attachment":[{"href":"https:\/\/kraios.app\/news\/wp-json\/wp\/v2\/media?parent=27650"}],"wp:term":[{"taxonomy":"category","embeddable":true,"href":"https:\/\/kraios.app\/news\/wp-json\/wp\/v2\/categories?post=27650"},{"taxonomy":"post_tag","embeddable":true,"href":"https:\/\/kraios.app\/news\/wp-json\/wp\/v2\/tags?post=27650"}],"curies":[{"name":"wp","href":"https:\/\/api.w.org\/{rel}","templated":true}]}}