{"id":27648,"date":"2024-07-17T10:07:38","date_gmt":"2024-07-17T10:07:38","guid":{"rendered":"https:\/\/kraios.app\/news\/saglik\/2024\/07\/17\/saglik-sektorunu-turkiyenin-lokomotif-sektoru-haline-getirmek-istiyoruz\/"},"modified":"2024-07-17T10:07:38","modified_gmt":"2024-07-17T10:07:38","slug":"saglik-sektorunu-turkiyenin-lokomotif-sektoru-haline-getirmek-istiyoruz","status":"publish","type":"post","link":"https:\/\/kraios.app\/news\/saglik\/2024\/07\/17\/saglik-sektorunu-turkiyenin-lokomotif-sektoru-haline-getirmek-istiyoruz\/","title":{"rendered":"Sa\u011fl\u0131k sekt\u00f6r\u00fcn\u00fc, T\u00fcrkiye&#8217;nin lokomotif sekt\u00f6r\u00fc haline getirmek istiyoruz"},"content":{"rendered":"<p><\/p>\n<div>\n<p>Sa\u011fl\u0131k Bakan\u0131 Kemal Memi\u015fo\u011flu, &#8220;Sadece hizmet anlam\u0131nda de\u011fil, bilgisini, bilimini ve ayn\u0131 zamanda buna ba\u011fl\u0131 teknolojisini de \u00fcreten bir sa\u011fl\u0131k sekt\u00f6r\u00fcn\u00fc, T\u00fcrkiye&#8217;nin lokomotif sekt\u00f6r\u00fc haline getirmek istiyoruz, hep beraber. En iyisini yapmaya \u00e7al\u0131\u015f\u0131rken hep beraber isti\u015fareyle, ortak ak\u0131lla hareket etmek istiyoruz.&#8221; dedi.<\/p>\n<p>TBMM Sa\u011fl\u0131k, Aile, \u00c7al\u0131\u015fma ve Sosyal \u0130\u015fler Komisyonu, AK Parti Ankara Milletvekili Vedat Bilgin ba\u015fkanl\u0131\u011f\u0131nda topland\u0131.<\/p>\n<p>Komisyon Ba\u015fkan\u0131 Bilgin, a\u00e7\u0131l\u0131\u015f konu\u015fmas\u0131nda, komisyona ziyaretinden dolay\u0131 Bakan Memi\u015fo\u011flu&#8217;na te\u015fekk\u00fcr ederek komisyonun faaliyet alanlar\u0131 hakk\u0131nda bilgi verdi.<\/p>\n<p>Bilgin, &#8220;Bug\u00fcn Say\u0131n Bakan ve komisyon \u00fcyelerimizin, milletvekili arkada\u015flar\u0131m\u0131z\u0131n katk\u0131lar\u0131n\u0131 sadece tan\u0131\u015fma \u00e7er\u00e7evesi i\u00e7erisinde ele alaca\u011f\u0131z. Ama bundan sonra da toplant\u0131lar\u0131m\u0131za, bundan sonraki \u00e7al\u0131\u015fmalar\u0131m\u0131za Say\u0131n Bakan&#8217;\u0131n katk\u0131 verece\u011fini d\u00fc\u015f\u00fcn\u00fcyorum.&#8221; ifadesini kulland\u0131.<\/p>\n<p>Sa\u011fl\u0131k Bakan\u0131 Memi\u015fo\u011flu da a\u00e7\u0131l\u0131\u015f konu\u015fmas\u0131nda, T\u00fcrkiye&#8217;de \u00f6zellikle son 20 y\u0131lda sa\u011fl\u0131kta \u00e7ok b\u00fcy\u00fck bir de\u011fi\u015fim, geli\u015fim s\u00fcreci ya\u015fad\u0131\u011f\u0131na dikkati \u00e7ekti.<\/p>\n<p>T\u00fcrkiye&#8217;nin sa\u011fl\u0131k sistemindeki ba\u015far\u0131s\u0131n\u0131n Kovid-19&#8217;la m\u00fccadele s\u00fcrecinde, 6 \u015eubat 2023&#8217;te ya\u015fanan depremlerde g\u00f6r\u00fcld\u00fc\u011f\u00fcn\u00fc vurgulayan Memi\u015fo\u011flu, &#8220;Bug\u00fcn her yere ula\u015fan bir sa\u011fl\u0131k sistemimiz var. Tabii ki baz\u0131 sorunlar\u0131m\u0131z da var, bunlar\u0131n da \u00fcstesinden hep beraber gelece\u011fiz.&#8221; diye konu\u015ftu.<\/p>\n<h3>&#8220;Sa\u011fl\u0131k sekt\u00f6r\u00fcn\u00fc, T\u00fcrkiye&#8217;nin lokomotif sekt\u00f6r\u00fc haline getirmek istiyoruz&#8221;<\/h3>\n<p>Bakan Memi\u015fo\u011flu, her zaman daha iyisini yapabilmek i\u00e7in \u00e7al\u0131\u015facaklar\u0131n\u0131n alt\u0131n\u0131 \u00e7izerek, s\u00f6zlerini \u015f\u00f6yle s\u00fcrd\u00fcrd\u00fc:<\/p>\n<p>&#8220;Sadece hizmet anlam\u0131nda de\u011fil, esas\u0131nda bilgisini, bilimini ve ayn\u0131 zamanda buna ba\u011fl\u0131 teknolojisini de \u00fcreten bir sa\u011fl\u0131k sekt\u00f6r\u00fcn\u00fc, T\u00fcrkiye&#8217;nin lokomotif sekt\u00f6r\u00fc haline getirmek istiyoruz, hep beraber. Ama \u015funu da ifade etmek istiyorum, en iyisini yapmaya \u00e7al\u0131\u015f\u0131rken hep beraber, isti\u015fareyle, ortak ak\u0131lla hareket etmek istiyoruz. Sorunlar\u0131m\u0131z\u0131 hep birlikte \u00e7\u00f6zmek istiyoruz ve ne yapt\u0131\u011f\u0131n\u0131 sorgulayan bir Bakanl\u0131k olaca\u011f\u0131z. Onun i\u00e7in her zaman deste\u011finize, fikirlerinize, g\u00f6r\u00fc\u015flerinize ihtiyac\u0131m\u0131z olacak. Toplumun en u\u00e7 kademesindeki insanlar\u0131n da fikirlerini, g\u00f6r\u00fc\u015flerini alaca\u011f\u0131z. Daha iyi bir sa\u011fl\u0131k sistemimiz, hizmet sunumumuz olacak. En b\u00fcy\u00fck amac\u0131m\u0131z, \u00f6nce hasta memnuniyeti, sonra \u00e7al\u0131\u015fan memnuniyeti. \u0130nsanlar\u0131 hastalanmadan koruyacak bir sistemi daha etkin hale getirmeye \u00e7al\u0131\u015faca\u011f\u0131z.&#8221;<\/p>\n<p>Bakan Memi\u015fo\u011flu, komisyon \u00fcyelerine kendisini misafir ettikleri i\u00e7in te\u015fekk\u00fcrlerini ileterek, &#8220;Her t\u00fcrl\u00fc ele\u015ftiriye, olumlu ele\u015ftiriye ve yap\u0131c\u0131 fikirlere a\u00e7\u0131\u011f\u0131z. \u0130n\u015fallah bu konuda Allah bizi milletimize, devletimize, Say\u0131n Cumhurba\u015fkan\u0131&#8217;m\u0131za ve g\u00fcvenenlere mahcup etmesin.&#8221; ifadesini kulland\u0131.<\/p>\n<p>Memi\u015fo\u011flu&#8217;nun konu\u015fmas\u0131n\u0131n ard\u0131ndan soru-cevap b\u00f6l\u00fcm\u00fcne ge\u00e7ildi.<\/p>\n<p>                            <span class=\"detay-foto-editor\">&#13;<br \/>\n                                <a href=\"https:\/\/www.aa.com.tr\/tr\/p\/abonelik-talep-formu\/1001\" target=\"_blank\" style=\"font-size:12px; color:#444; text-decoration:none;\" rel=\"noopener\">&#13;<br \/>\n                                    Anadolu Ajans\u0131 web sitesinde, AA Haber Ak\u0131\u015f Sistemi (HAS) \u00fczerinden abonelere sunulan haberler, \u00f6zetlenerek yay\u0131mlanmaktad\u0131r. <b style=\"color:#1897F7\">Abonelik i\u00e7in l\u00fctfen ileti\u015fime ge\u00e7iniz.<\/b>&#13;<br \/>\n                                <\/a>&#13;<br \/>\n                            <\/span>\n                        <\/div>\n<p><script>\n\t  window.fbAsyncInit = function() {\n\t\tFB.init({\n\t\t  appId: '1855843514662870',\n\t\t  status : true, \/\/ check login status\n\t\t  cookie : true, \/\/ enable cookies to allow the server to access the session\n\t\t  xfbml  : true  \/\/ parse XFBML\n\t\t});\n\t  };<\/p>\n<p>\t  (function() {\n\t\tvar e = document.createElement('script');\n\t\te.src=\"https:\/\/connect.facebook.net\/tr_TR\/all.js\";\n\t\te.async = true;\n\t\tdocument.getElementById('fb-root').appendChild(e);\n\t  }());\n    <\/script><\/p>\n","protected":false},"excerpt":{"rendered":"<p>Sa\u011fl\u0131k Bakan\u0131 Kemal Memi\u015fo\u011flu, &#8220;Sadece hizmet anlam\u0131nda de\u011fil, bilgisini, bilimini ve ayn\u0131 zamanda buna ba\u011fl\u0131 teknolojisini de \u00fcreten bir sa\u011fl\u0131k sekt\u00f6r\u00fcn\u00fc, T\u00fcrkiye&#8217;nin lokomotif sekt\u00f6r\u00fc haline getirmek istiyoruz, hep beraber. En iyisini yapmaya \u00e7al\u0131\u015f\u0131rken hep beraber isti\u015fareyle, ortak ak\u0131lla hareket etmek istiyoruz.&#8221; dedi. TBMM Sa\u011fl\u0131k, Aile, \u00c7al\u0131\u015fma ve Sosyal \u0130\u015fler Komisyonu, AK Parti Ankara Milletvekili Vedat [&hellip;]<\/p>\n","protected":false},"author":1,"featured_media":27649,"comment_status":"","ping_status":"","sticky":false,"template":"","format":"standard","meta":[],"categories":[46],"tags":[],"_links":{"self":[{"href":"https:\/\/kraios.app\/news\/wp-json\/wp\/v2\/posts\/27648"}],"collection":[{"href":"https:\/\/kraios.app\/news\/wp-json\/wp\/v2\/posts"}],"about":[{"href":"https:\/\/kraios.app\/news\/wp-json\/wp\/v2\/types\/post"}],"author":[{"embeddable":true,"href":"https:\/\/kraios.app\/news\/wp-json\/wp\/v2\/users\/1"}],"replies":[{"embeddable":true,"href":"https:\/\/kraios.app\/news\/wp-json\/wp\/v2\/comments?post=27648"}],"version-history":[{"count":0,"href":"https:\/\/kraios.app\/news\/wp-json\/wp\/v2\/posts\/27648\/revisions"}],"wp:featuredmedia":[{"embeddable":true,"href":"https:\/\/kraios.app\/news\/wp-json\/wp\/v2\/media\/27649"}],"wp:attachment":[{"href":"https:\/\/kraios.app\/news\/wp-json\/wp\/v2\/media?parent=27648"}],"wp:term":[{"taxonomy":"category","embeddable":true,"href":"https:\/\/kraios.app\/news\/wp-json\/wp\/v2\/categories?post=27648"},{"taxonomy":"post_tag","embeddable":true,"href":"https:\/\/kraios.app\/news\/wp-json\/wp\/v2\/tags?post=27648"}],"curies":[{"name":"wp","href":"https:\/\/api.w.org\/{rel}","templated":true}]}}