{"id":27640,"date":"2024-07-16T11:03:54","date_gmt":"2024-07-16T11:03:54","guid":{"rendered":"https:\/\/kraios.app\/news\/saglik\/2024\/07\/16\/unicef-cocuklarin-asilanma-oranindaki-artisin-2023te-durdugunu-acikladi\/"},"modified":"2024-07-16T11:03:54","modified_gmt":"2024-07-16T11:03:54","slug":"unicef-cocuklarin-asilanma-oranindaki-artisin-2023te-durdugunu-acikladi","status":"publish","type":"post","link":"https:\/\/kraios.app\/news\/saglik\/2024\/07\/16\/unicef-cocuklarin-asilanma-oranindaki-artisin-2023te-durdugunu-acikladi\/","title":{"rendered":"UNICEF, \u00e7ocuklar\u0131n a\u015f\u0131lanma oran\u0131ndaki art\u0131\u015f\u0131n 2023&#8217;te durdu\u011funu a\u00e7\u0131klad\u0131"},"content":{"rendered":"<p><\/p>\n<div>\n<p>UNICEF ve DS\u00d6 taraf\u0131ndan \u00e7ocuklar\u0131n a\u015f\u0131lanma oran\u0131na ili\u015fkin veriler yay\u0131mland\u0131.<\/p>\n<p>S\u00f6z konusu veriler, \u00e7ocuklar i\u00e7in en \u00f6nemli ba\u011f\u0131\u015f\u0131kl\u0131k ara\u00e7lar\u0131ndan difteri, tetanoz ve bo\u011fmaca (DTP) a\u015f\u0131lar\u0131n\u0131n 3 dozunu da alm\u0131\u015f \u00e7ocuklar\u0131n\u0131n say\u0131s\u0131n\u0131n 2023&#8217;te 108 milyonla y\u00fczde 84 oran\u0131nda sabit kald\u0131\u011f\u0131n\u0131 g\u00f6sterdi.<\/p>\n<p>\u00d6te yandan tek doz bile a\u015f\u0131lanmayan \u00e7ocuklar\u0131n say\u0131s\u0131 2022&#8217;de 13,9 milyon iken 2023&#8217;te bu say\u0131, 14,5 milyona y\u00fckseldi.<\/p>\n<p>Bu durumun sebebinin sa\u011fl\u0131k hizmetlerindeki aksamalar, lojistik zorluklar, a\u015f\u0131ya ili\u015fkin teredd\u00fctler ve sa\u011fl\u0131k hizmetlerine eri\u015fimdeki e\u015fitsizlikler olabilece\u011fine dikkat \u00e7ekildi.<\/p>\n<h3>K\u0131zam\u0131k a\u015f\u0131lamas\u0131nda duraklama<\/h3>\n<p>Veriler ayr\u0131ca k\u0131zam\u0131k hastal\u0131\u011f\u0131na kar\u015f\u0131 a\u015f\u0131lama oranlar\u0131n\u0131n durdu\u011funu; yakla\u015f\u0131k 35 milyon \u00e7ocu\u011fun hi\u00e7 a\u015f\u0131lanmad\u0131\u011f\u0131n\u0131 ya da eksik a\u015f\u0131land\u0131\u011f\u0131n\u0131 g\u00f6sterdi.<\/p>\n<p>2023&#8217;te d\u00fcnya genelinde \u00e7ocuklar\u0131n sadece y\u00fczde 83&#8217;\u00fcn\u00fcn ilk doz k\u0131zam\u0131k a\u015f\u0131s\u0131n\u0131 oldu\u011fu belirtilirken bu rakamlar\u0131n, salg\u0131nlar\u0131n \u00f6nlenmesi i\u00e7in gereken y\u00fczde 95&#8217;lik oran\u0131n gerisinde kald\u0131\u011f\u0131 kaydedildi.<\/p>\n<p>Son 5 y\u0131lda, k\u0131zam\u0131k salg\u0131n\u0131n\u0131n 103 \u00fclkeyi etkiledi\u011fi, a\u015f\u0131laman\u0131n g\u00fc\u00e7l\u00fc oldu\u011fu 91 \u00fclkede salg\u0131n ya\u015fanmad\u0131\u011f\u0131 bildirildi.<\/p>\n<p>DS\u00d6 Genel Direkt\u00f6r\u00fc Tedros Adhanom Ghebreyesus, &#8220;Bu, \u00e7\u00f6z\u00fclebilir bir sorun. K\u0131zam\u0131k a\u015f\u0131s\u0131 en zor yerlere bile ula\u015ft\u0131r\u0131labilir. DS\u00d6, bu a\u00e7\u0131klar\u0131 kapatmak ve en fazla risk alt\u0131ndaki \u00e7ocuklar\u0131 korumak i\u00e7in \u00fclkeleri desteklemek \u00fczere t\u00fcm ortaklar\u0131yla birlikte \u00e7al\u0131\u015fmaya kararl\u0131d\u0131r.&#8221; ifadelerini kulland\u0131.<\/p>\n<p>UNICEF \u0130cra Direkt\u00f6r\u00fc Catherine Russell ise &#8220;Ba\u011f\u0131\u015f\u0131kl\u0131k a\u00e7\u0131\u011f\u0131n\u0131n kapat\u0131lmas\u0131, her \u00e7ocu\u011fun a\u015f\u0131lanmas\u0131n\u0131 ve genel sa\u011fl\u0131k hizmetlerinin g\u00fc\u00e7lendirilmesini sa\u011flamak i\u00e7in birinci basamak sa\u011fl\u0131k hizmetlerine ve toplum \u00e7al\u0131\u015fanlar\u0131na yat\u0131r\u0131m yapan h\u00fck\u00fcmetlerle birlikte k\u00fcresel bir \u00e7aba gerektirmektedir.&#8221; de\u011ferlendirmesini yapt\u0131.<\/p>\n<p>                            <span class=\"detay-foto-editor\">&#13;<br \/>\n                                <a href=\"https:\/\/www.aa.com.tr\/tr\/p\/abonelik-talep-formu\/1001\" target=\"_blank\" style=\"font-size:12px; color:#444; text-decoration:none;\" rel=\"noopener\">&#13;<br \/>\n                                    Anadolu Ajans\u0131 web sitesinde, AA Haber Ak\u0131\u015f Sistemi (HAS) \u00fczerinden abonelere sunulan haberler, \u00f6zetlenerek yay\u0131mlanmaktad\u0131r. <b style=\"color:#1897F7\">Abonelik i\u00e7in l\u00fctfen ileti\u015fime ge\u00e7iniz.<\/b>&#13;<br \/>\n                                <\/a>&#13;<br \/>\n                            <\/span>\n                        <\/div>\n<p><script>\n\t  window.fbAsyncInit = function() {\n\t\tFB.init({\n\t\t  appId: '1855843514662870',\n\t\t  status : true, \/\/ check login status\n\t\t  cookie : true, \/\/ enable cookies to allow the server to access the session\n\t\t  xfbml  : true  \/\/ parse XFBML\n\t\t});\n\t  };<\/p>\n<p>\t  (function() {\n\t\tvar e = document.createElement('script');\n\t\te.src=\"https:\/\/connect.facebook.net\/tr_TR\/all.js\";\n\t\te.async = true;\n\t\tdocument.getElementById('fb-root').appendChild(e);\n\t  }());\n    <\/script><\/p>\n","protected":false},"excerpt":{"rendered":"<p>UNICEF ve DS\u00d6 taraf\u0131ndan \u00e7ocuklar\u0131n a\u015f\u0131lanma oran\u0131na ili\u015fkin veriler yay\u0131mland\u0131. S\u00f6z konusu veriler, \u00e7ocuklar i\u00e7in en \u00f6nemli ba\u011f\u0131\u015f\u0131kl\u0131k ara\u00e7lar\u0131ndan difteri, tetanoz ve bo\u011fmaca (DTP) a\u015f\u0131lar\u0131n\u0131n 3 dozunu da alm\u0131\u015f \u00e7ocuklar\u0131n\u0131n say\u0131s\u0131n\u0131n 2023&#8217;te 108 milyonla y\u00fczde 84 oran\u0131nda sabit kald\u0131\u011f\u0131n\u0131 g\u00f6sterdi. \u00d6te yandan tek doz bile a\u015f\u0131lanmayan \u00e7ocuklar\u0131n say\u0131s\u0131 2022&#8217;de 13,9 milyon iken 2023&#8217;te bu say\u0131, [&hellip;]<\/p>\n","protected":false},"author":1,"featured_media":27641,"comment_status":"","ping_status":"","sticky":false,"template":"","format":"standard","meta":[],"categories":[46],"tags":[],"_links":{"self":[{"href":"https:\/\/kraios.app\/news\/wp-json\/wp\/v2\/posts\/27640"}],"collection":[{"href":"https:\/\/kraios.app\/news\/wp-json\/wp\/v2\/posts"}],"about":[{"href":"https:\/\/kraios.app\/news\/wp-json\/wp\/v2\/types\/post"}],"author":[{"embeddable":true,"href":"https:\/\/kraios.app\/news\/wp-json\/wp\/v2\/users\/1"}],"replies":[{"embeddable":true,"href":"https:\/\/kraios.app\/news\/wp-json\/wp\/v2\/comments?post=27640"}],"version-history":[{"count":0,"href":"https:\/\/kraios.app\/news\/wp-json\/wp\/v2\/posts\/27640\/revisions"}],"wp:featuredmedia":[{"embeddable":true,"href":"https:\/\/kraios.app\/news\/wp-json\/wp\/v2\/media\/27641"}],"wp:attachment":[{"href":"https:\/\/kraios.app\/news\/wp-json\/wp\/v2\/media?parent=27640"}],"wp:term":[{"taxonomy":"category","embeddable":true,"href":"https:\/\/kraios.app\/news\/wp-json\/wp\/v2\/categories?post=27640"},{"taxonomy":"post_tag","embeddable":true,"href":"https:\/\/kraios.app\/news\/wp-json\/wp\/v2\/tags?post=27640"}],"curies":[{"name":"wp","href":"https:\/\/api.w.org\/{rel}","templated":true}]}}