{"id":27636,"date":"2024-07-13T09:16:07","date_gmt":"2024-07-13T09:16:07","guid":{"rendered":"https:\/\/kraios.app\/news\/saglik\/2024\/07\/13\/yazin-artan-ishal-vakalarinda-antibiyotik-kullanilmamasi-uyarisi\/"},"modified":"2024-07-13T09:16:07","modified_gmt":"2024-07-13T09:16:07","slug":"yazin-artan-ishal-vakalarinda-antibiyotik-kullanilmamasi-uyarisi","status":"publish","type":"post","link":"https:\/\/kraios.app\/news\/saglik\/2024\/07\/13\/yazin-artan-ishal-vakalarinda-antibiyotik-kullanilmamasi-uyarisi\/","title":{"rendered":"Yaz\u0131n artan ishal vakalar\u0131nda antibiyotik kullan\u0131lmamas\u0131 uyar\u0131s\u0131"},"content":{"rendered":"<p><\/p>\n<div>\n<p>Do\u00e7. Dr. Do\u011fan, AA muhabirine, yaz aylar\u0131nda \u00e7ocuklarda en \u00e7ok akut ishal \u015fikayetiyle kar\u015f\u0131la\u015ft\u0131klar\u0131n\u0131 s\u00f6yledi.<\/p>\n<p>\u00c7ocuklarda g\u00fcnde 3&#8217;ten fazla d\u0131\u015fk\u0131laman\u0131n ishal olarak de\u011ferlendirildi\u011fini dile getiren Do\u011fan, ancak anne s\u00fct\u00fc veya mamayla beslenenlerde 6&#8217;n\u0131n \u00fczerinde d\u0131\u015fk\u0131laman\u0131n D\u00fcnya Sa\u011fl\u0131k \u00d6rg\u00fct\u00fcnce ishal kabul edildi\u011fini aktard\u0131.<\/p>\n<p>Mevsimsel olarak ishal vakalar\u0131nda art\u0131\u015f ya\u015fand\u0131\u011f\u0131n\u0131 belirten Do\u011fan, &#8220;Bunun sebebi kontamine sular, g\u0131dalar, tarihi ge\u00e7mi\u015f ila\u00e7lar, besin zehirlenmeleridir. Okullar\u0131n da kapal\u0131 olmas\u0131yla ishal \u015fikayetiyle gelenlerin s\u0131kl\u0131\u011f\u0131 acil servislerde artt\u0131.&#8221; dedi.<\/p>\n<p>\u0130shalin sebeplerine de\u011finen Do\u011fan, &#8220;Bunlar\u0131n ba\u015f\u0131nda enfeksiy\u00f6z nedenler geliyor, en s\u0131k nedeni vir\u00fcslerdir. Bunun yan\u0131nda bakteriler, parazitler, mantarlar, di\u011fer enfeksiy\u00f6z nedenlerdir. Enfekte olmayan nedenlerin ba\u015f\u0131nda da kontamine su ve su \u00fcr\u00fcnleri, kontamine havuz, g\u00f6l, dere sular\u0131, past\u00f6rize edilmemi\u015f s\u00fct ve s\u00fct \u00fcr\u00fcnleri, iyi pi\u015firilmemi\u015f ve iyi y\u0131kanmam\u0131\u015f sebze ve meyveler, tarihi ge\u00e7mi\u015f \u00fcr\u00fcnler, a\u00e7\u0131kta uzun s\u00fcre kalm\u0131\u015f g\u0131da \u00fcr\u00fcnleri, kontamine olmu\u015f kuyu sular\u0131 gibi durumlar gelmektedir.&#8221; diye konu\u015ftu.<\/p>\n<h3>&#8220;\u00c7ocuk a\u011fl\u0131yor ancak g\u00f6zya\u015f\u0131 yoksa v\u00fccutta s\u0131v\u0131 azalm\u0131\u015ft\u0131r&#8221;<\/h3>\n<p>\u0130shal olan \u00e7ocuklar\u0131n 24-48 saat boyunca evde bol s\u0131v\u0131 t\u00fcketip, do\u011fal beslenip dinlenmelerini \u00f6nerdiklerini vurgulayan Do\u011fan, \u015f\u00f6yle devam etti:<\/p>\n<p>&#8220;Fakat bunlar\u0131 yapmas\u0131na ra\u011fmen ailede veya \u00e7ocukta kusma varsa, her yedi\u011fini \u00e7\u0131kar\u0131yorsa, beslenemiyorsa, cildi kuruysa, mesela a\u011fl\u0131yor ama g\u00f6zya\u015f\u0131 yoksa, t\u00fck\u00fcr\u00fck salg\u0131s\u0131 iyice azalm\u0131\u015f, idrar yap\u0131m\u0131 azalm\u0131\u015fsa, cildinde alacal\u0131 g\u00f6r\u00fcn\u00fcm varsa, d\u00fc\u015fmeyen diren\u00e7li ate\u015fi varsa, bilinci bozulmu\u015fsa bu gibi durumlarda b\u00fcy\u00fck ihtimalle \u00e7ocu\u011fun s\u0131v\u0131 kayb\u0131 \u00e7ok fazlad\u0131r. En yak\u0131n sa\u011fl\u0131k kurulu\u015funa ba\u015fvurmas\u0131 gerekir. Bunlar v\u00fccutta s\u0131v\u0131n\u0131n t\u00fckendi\u011fini g\u00f6sterir. En \u00f6nemli belirtilerden biri, cildin hamur k\u0131vam\u0131nda olmas\u0131. Cildi buru\u015fturdu\u011fumuz zaman eski yerine gelmiyorsa yeteri kadar s\u0131v\u0131 yok demektir. \u0130shalde s\u0131v\u0131 kayb\u0131 ya\u015fand\u0131\u011f\u0131 i\u00e7in s\u0131v\u0131yla birlikte v\u00fccuttaki tuz \u00fcr\u00fcnlerinde de azalma ya\u015fan\u0131r. &#8220;<\/p>\n<p>\u0130shal tedavisinin en b\u00fcy\u00fck k\u0131sm\u0131n\u0131 ev tedavisinin olu\u015fturdu\u011funu anlatan Do\u011fan, s\u0131v\u0131y\u0131 yerine koymak i\u00e7in \u00e7ocuklara tuzlu ayran, ev yap\u0131m\u0131 limonata ve potasyum a\u00e7\u0131s\u0131ndan zengin muz, patates gibi g\u0131dalar verilmesi gerekti\u011fini dile getirdi.<\/p>\n<p>Do\u011fan, hastanede ciddi kusmalara kar\u015f\u0131 kusma ilac\u0131 verdiklerini, s\u0131v\u0131 kayb\u0131 i\u00e7in de damardan s\u0131v\u0131 tedavisi \u00f6nerdiklerini belirtti.<\/p>\n<h3>Ailelere antibiyotik uyar\u0131s\u0131<\/h3>\n<p>\u0130shalin en s\u0131k g\u00f6r\u00fclen nedeninin vir\u00fcsler ve besinler oldu\u011funa dikkati \u00e7eken Do\u011fan, \u015funlar\u0131 kaydetti:<\/p>\n<p>&#8220;Yap\u0131lan tetkikler sonucunda ishalin sebebi bakteri ise tedaviye antibiyotik ekliyoruz ama doktor \u00f6nerisi olmadan, en s\u0131k sebebi besinler ve vir\u00fcsler oldu\u011fu i\u00e7in antibiyotik m\u00fcmk\u00fcn oldu\u011funca kullanm\u0131yoruz. Fazla kullan\u0131lan antibiyotik, ba\u011f\u0131rsak mukozas\u0131n\u0131 bozarak ishali daha fazla art\u0131rmaktad\u0131r. Antibiyotik gerektiren durumlarda, daha \u00e7ok d\u00fc\u015fmeyen diren\u00e7li ate\u015f, \u00e7ocu\u011fun hasta g\u00f6r\u00fcn\u00fcm\u00fc, kanl\u0131 ishal ve buna ek olarak laboratuvar tetkikleri bizi y\u00f6nlendiriyor. Yoksa ailenin veya ba\u015fka ki\u015filerin verdi\u011fi antibiyotik, ishal s\u0131kl\u0131\u011f\u0131n\u0131 ve s\u00fcresini daha fazla art\u0131rmakta. Biz s\u0131v\u0131 tedavisinin yan\u0131nda probiyotik dedi\u011fimiz faydal\u0131 bakterileri i\u00e7eren \u00fcr\u00fcnler, \u00e7inko gibi destek \u00fcr\u00fcnleri \u00f6neriyoruz. \u0130shalin s\u0131kl\u0131\u011f\u0131n\u0131 ve s\u00fcresini azaltmaya yard\u0131mc\u0131 oluyor.&#8221;<\/p>\n<p>Do\u011fan, ishale kar\u015f\u0131 uygulanan a\u015f\u0131lar\u0131n hastal\u0131\u011f\u0131n \u00e7ok \u015fiddetli ge\u00e7mesini engelledi\u011fini, s\u00fcresini k\u0131saltt\u0131\u011f\u0131n\u0131, baz\u0131 \u00e7ocuklar\u0131 da tamamen korudu\u011funu belirtti.<\/p>\n<p>Ailelerin, kayna\u011f\u0131na \u00e7ok g\u00fcvenmedi\u011fi, temiz bulmad\u0131\u011f\u0131 su kaynaklar\u0131ndan \u00e7ocuklar\u0131n\u0131 uzak tutmas\u0131 gerekti\u011fini vurgulayan Do\u011fan, &#8220;Havuz, dere, g\u00f6l gibi su kaynaklar\u0131na ula\u015f\u0131m artt\u0131. Ba\u011f, bah\u00e7ede meyve, sebze sezonu a\u00e7\u0131ld\u0131. Sebze ve meyveler bol suyla y\u0131kamadan yenmemeli. A\u00e7\u0131kta uzun s\u00fcre \u00f6zellikle s\u0131cakta kalm\u0131\u015f besin \u00fcr\u00fcnlerinden, past\u00f6rize edilmemi\u015f \u00fcr\u00fcnlerden uzak durulmas\u0131n\u0131 \u00f6neriyoruz. Yemekten \u00f6nce ve sonra aile bireyleri, \u00e7ocuklar\u0131yla birlikte el y\u0131kamay\u0131 al\u0131\u015fkanl\u0131k haline getirmeli.&#8221; ifadelerini kulland\u0131.<\/p>\n<p>                            <span class=\"detay-foto-editor\">&#13;<br \/>\n                                <a href=\"https:\/\/www.aa.com.tr\/tr\/p\/abonelik-talep-formu\/1001\" target=\"_blank\" style=\"font-size:12px; color:#444; text-decoration:none;\" rel=\"noopener\">&#13;<br \/>\n                                    Anadolu Ajans\u0131 web sitesinde, AA Haber Ak\u0131\u015f Sistemi (HAS) \u00fczerinden abonelere sunulan haberler, \u00f6zetlenerek yay\u0131mlanmaktad\u0131r. <b style=\"color:#1897F7\">Abonelik i\u00e7in l\u00fctfen ileti\u015fime ge\u00e7iniz.<\/b>&#13;<br \/>\n                                <\/a>&#13;<br \/>\n                            <\/span>\n                        <\/div>\n<p><script>\n\t  window.fbAsyncInit = function() {\n\t\tFB.init({\n\t\t  appId: '1855843514662870',\n\t\t  status : true, \/\/ check login status\n\t\t  cookie : true, \/\/ enable cookies to allow the server to access the session\n\t\t  xfbml  : true  \/\/ parse XFBML\n\t\t});\n\t  };<\/p>\n<p>\t  (function() {\n\t\tvar e = document.createElement('script');\n\t\te.src=\"https:\/\/connect.facebook.net\/tr_TR\/all.js\";\n\t\te.async = true;\n\t\tdocument.getElementById('fb-root').appendChild(e);\n\t  }());\n    <\/script><\/p>\n","protected":false},"excerpt":{"rendered":"<p>Do\u00e7. Dr. Do\u011fan, AA muhabirine, yaz aylar\u0131nda \u00e7ocuklarda en \u00e7ok akut ishal \u015fikayetiyle kar\u015f\u0131la\u015ft\u0131klar\u0131n\u0131 s\u00f6yledi. \u00c7ocuklarda g\u00fcnde 3&#8217;ten fazla d\u0131\u015fk\u0131laman\u0131n ishal olarak de\u011ferlendirildi\u011fini dile getiren Do\u011fan, ancak anne s\u00fct\u00fc veya mamayla beslenenlerde 6&#8217;n\u0131n \u00fczerinde d\u0131\u015fk\u0131laman\u0131n D\u00fcnya Sa\u011fl\u0131k \u00d6rg\u00fct\u00fcnce ishal kabul edildi\u011fini aktard\u0131. Mevsimsel olarak ishal vakalar\u0131nda art\u0131\u015f ya\u015fand\u0131\u011f\u0131n\u0131 belirten Do\u011fan, &#8220;Bunun sebebi kontamine sular, g\u0131dalar, [&hellip;]<\/p>\n","protected":false},"author":1,"featured_media":27637,"comment_status":"","ping_status":"","sticky":false,"template":"","format":"standard","meta":[],"categories":[46],"tags":[],"_links":{"self":[{"href":"https:\/\/kraios.app\/news\/wp-json\/wp\/v2\/posts\/27636"}],"collection":[{"href":"https:\/\/kraios.app\/news\/wp-json\/wp\/v2\/posts"}],"about":[{"href":"https:\/\/kraios.app\/news\/wp-json\/wp\/v2\/types\/post"}],"author":[{"embeddable":true,"href":"https:\/\/kraios.app\/news\/wp-json\/wp\/v2\/users\/1"}],"replies":[{"embeddable":true,"href":"https:\/\/kraios.app\/news\/wp-json\/wp\/v2\/comments?post=27636"}],"version-history":[{"count":0,"href":"https:\/\/kraios.app\/news\/wp-json\/wp\/v2\/posts\/27636\/revisions"}],"wp:featuredmedia":[{"embeddable":true,"href":"https:\/\/kraios.app\/news\/wp-json\/wp\/v2\/media\/27637"}],"wp:attachment":[{"href":"https:\/\/kraios.app\/news\/wp-json\/wp\/v2\/media?parent=27636"}],"wp:term":[{"taxonomy":"category","embeddable":true,"href":"https:\/\/kraios.app\/news\/wp-json\/wp\/v2\/categories?post=27636"},{"taxonomy":"post_tag","embeddable":true,"href":"https:\/\/kraios.app\/news\/wp-json\/wp\/v2\/tags?post=27636"}],"curies":[{"name":"wp","href":"https:\/\/api.w.org\/{rel}","templated":true}]}}