{"id":27632,"date":"2024-07-12T09:31:23","date_gmt":"2024-07-12T09:31:23","guid":{"rendered":"https:\/\/kraios.app\/news\/saglik\/2024\/07\/12\/hamilelere-yazin-ogle-saatlerinde-disari-cikmamalari-uyarisi\/"},"modified":"2024-07-12T09:31:23","modified_gmt":"2024-07-12T09:31:23","slug":"hamilelere-yazin-ogle-saatlerinde-disari-cikmamalari-uyarisi","status":"publish","type":"post","link":"https:\/\/kraios.app\/news\/saglik\/2024\/07\/12\/hamilelere-yazin-ogle-saatlerinde-disari-cikmamalari-uyarisi\/","title":{"rendered":"Hamilelere yaz\u0131n \u00f6\u011fle saatlerinde d\u0131\u015far\u0131 \u00e7\u0131kmamalar\u0131 uyar\u0131s\u0131"},"content":{"rendered":"<p><\/p>\n<div>\n<p>Prof. Dr. Buyru, yapt\u0131\u011f\u0131 yaz\u0131l\u0131 a\u00e7\u0131klamada, s\u0131cak ve nemli havan\u0131n bebek bekleyen anne adaylar\u0131n\u0131 di\u011ferlerine g\u00f6re daha fazla etkiledi\u011fini belirtti.<\/p>\n<p>Gebeli\u011fe ba\u011fl\u0131 hormonal ve fizyolojik de\u011fi\u015fiklikler, al\u0131nan kilolar, kan ak\u0131\u015f\u0131n\u0131n artmas\u0131, solunum kapasitesinin azalmas\u0131, kalp h\u0131z\u0131n\u0131n fazla olmas\u0131n\u0131n s\u0131cakl\u0131k ve nemin daha fazla hissedilmesine yol a\u00e7t\u0131\u011f\u0131na dikkati \u00e7eken Buyru, s\u0131cak hava ve nemin hamilelerde halsizlik, terleme, g\u00fcnl\u00fck i\u015flerde, y\u00fcr\u00fcrken \u00e7ok \u00e7abuk yorulma ve soka\u011fa \u00e7\u0131kmak istememe gibi durumlara yol a\u00e7abilece\u011fini kaydetti.<\/p>\n<p>Buyru, hamilelere sentetik ve dar giysilerden ka\u00e7\u0131nmalar\u0131, keten, pamuklu ve bol k\u0131yafetler giymelerini tavsiye ederek, &#8220;En az 2 litre s\u0131v\u0131 t\u00fcketilmeli, \u0131l\u0131k du\u015f al\u0131nmal\u0131, g\u00fcne\u015fin dik geldi\u011fi 11.00-16.00 saatleri aras\u0131nda m\u00fcmk\u00fcn oldu\u011funca d\u0131\u015far\u0131 \u00e7\u0131k\u0131lmamal\u0131.&#8221; \u00f6nerisinde bulundu.<\/p>\n<p>Hamilelerin yaz aylar\u0131nda \u015fekerli ve gazl\u0131 i\u00e7eceklerden ka\u00e7\u0131nmas\u0131 gerekti\u011fini vurgulayan Buyru, g\u00fcne\u015fin etkisinin azalt\u0131lmas\u0131 ve ultraviyole etkisinin hissedilmemesi i\u00e7in koruma fakt\u00f6rl\u00fc g\u00fcne\u015f kremleri kullan\u0131lmas\u0131n\u0131 \u00f6nerdi.<\/p>\n<p>Prof. Dr. Faruk Buyru, hamilelerin yaz\u0131n egzersizi ihmal etmemesi gerekti\u011finin alt\u0131n\u0131 \u00e7izerek \u015f\u00f6yle devam etti:<\/p>\n<p>&#8220;Spor salonunda serinletilmi\u015f, nemi azalt\u0131lm\u0131\u015f bir ortamda egzersiz yapabilirler. Bunun yan\u0131 s\u0131ra gebelerin yaz\u0131n yapabilece\u011fi, imkan varsa denizde ya da uygun havuzlarda y\u00fczmeyi \u00f6neriyoruz. Hamilelerin &#8216;Mikrop bula\u015f\u0131r ya da enfeksiyon kapar\u0131m.&#8217; diye bundan ka\u00e7\u0131nmamalar\u0131 gerekir. Sadece deniz ya da temiz bir havuzdan \u00e7\u0131k\u0131nca enfeksiyon riskini azaltmak i\u00e7in mayolar\u0131n\u0131 de\u011fi\u015ftirip, kuru mayoyla oturmalar\u0131 gerekir.&#8221;<\/p>\n<p>T\u00fcp bebek tedavisine s\u0131cak havalar\u0131n olumsuz etkisinin olmad\u0131\u011f\u0131na i\u015faret eden Buyru, bu s\u00fcre\u00e7le ilgili herhangi bir mevsimsel fark olmad\u0131\u011f\u0131n\u0131, laboratuvarlar\u0131n yaz, k\u0131\u015f belirli s\u0131cakl\u0131k seviyesine ayarl\u0131 oldu\u011funu anlatt\u0131.<\/p>\n<p>                            <span class=\"detay-foto-editor\">&#13;<br \/>\n                                <a href=\"https:\/\/www.aa.com.tr\/tr\/p\/abonelik-talep-formu\/1001\" target=\"_blank\" style=\"font-size:12px; color:#444; text-decoration:none;\" rel=\"noopener\">&#13;<br \/>\n                                    Anadolu Ajans\u0131 web sitesinde, AA Haber Ak\u0131\u015f Sistemi (HAS) \u00fczerinden abonelere sunulan haberler, \u00f6zetlenerek yay\u0131mlanmaktad\u0131r. <b style=\"color:#1897F7\">Abonelik i\u00e7in l\u00fctfen ileti\u015fime ge\u00e7iniz.<\/b>&#13;<br \/>\n                                <\/a>&#13;<br \/>\n                            <\/span>\n                        <\/div>\n<p><script>\n\t  window.fbAsyncInit = function() {\n\t\tFB.init({\n\t\t  appId: '1855843514662870',\n\t\t  status : true, \/\/ check login status\n\t\t  cookie : true, \/\/ enable cookies to allow the server to access the session\n\t\t  xfbml  : true  \/\/ parse XFBML\n\t\t});\n\t  };<\/p>\n<p>\t  (function() {\n\t\tvar e = document.createElement('script');\n\t\te.src=\"https:\/\/connect.facebook.net\/tr_TR\/all.js\";\n\t\te.async = true;\n\t\tdocument.getElementById('fb-root').appendChild(e);\n\t  }());\n    <\/script><\/p>\n","protected":false},"excerpt":{"rendered":"<p>Prof. Dr. Buyru, yapt\u0131\u011f\u0131 yaz\u0131l\u0131 a\u00e7\u0131klamada, s\u0131cak ve nemli havan\u0131n bebek bekleyen anne adaylar\u0131n\u0131 di\u011ferlerine g\u00f6re daha fazla etkiledi\u011fini belirtti. Gebeli\u011fe ba\u011fl\u0131 hormonal ve fizyolojik de\u011fi\u015fiklikler, al\u0131nan kilolar, kan ak\u0131\u015f\u0131n\u0131n artmas\u0131, solunum kapasitesinin azalmas\u0131, kalp h\u0131z\u0131n\u0131n fazla olmas\u0131n\u0131n s\u0131cakl\u0131k ve nemin daha fazla hissedilmesine yol a\u00e7t\u0131\u011f\u0131na dikkati \u00e7eken Buyru, s\u0131cak hava ve nemin hamilelerde halsizlik, [&hellip;]<\/p>\n","protected":false},"author":1,"featured_media":27633,"comment_status":"","ping_status":"","sticky":false,"template":"","format":"standard","meta":[],"categories":[46],"tags":[],"_links":{"self":[{"href":"https:\/\/kraios.app\/news\/wp-json\/wp\/v2\/posts\/27632"}],"collection":[{"href":"https:\/\/kraios.app\/news\/wp-json\/wp\/v2\/posts"}],"about":[{"href":"https:\/\/kraios.app\/news\/wp-json\/wp\/v2\/types\/post"}],"author":[{"embeddable":true,"href":"https:\/\/kraios.app\/news\/wp-json\/wp\/v2\/users\/1"}],"replies":[{"embeddable":true,"href":"https:\/\/kraios.app\/news\/wp-json\/wp\/v2\/comments?post=27632"}],"version-history":[{"count":0,"href":"https:\/\/kraios.app\/news\/wp-json\/wp\/v2\/posts\/27632\/revisions"}],"wp:featuredmedia":[{"embeddable":true,"href":"https:\/\/kraios.app\/news\/wp-json\/wp\/v2\/media\/27633"}],"wp:attachment":[{"href":"https:\/\/kraios.app\/news\/wp-json\/wp\/v2\/media?parent=27632"}],"wp:term":[{"taxonomy":"category","embeddable":true,"href":"https:\/\/kraios.app\/news\/wp-json\/wp\/v2\/categories?post=27632"},{"taxonomy":"post_tag","embeddable":true,"href":"https:\/\/kraios.app\/news\/wp-json\/wp\/v2\/tags?post=27632"}],"curies":[{"name":"wp","href":"https:\/\/api.w.org\/{rel}","templated":true}]}}