{"id":27620,"date":"2024-07-08T12:19:19","date_gmt":"2024-07-08T12:19:19","guid":{"rendered":"https:\/\/kraios.app\/news\/saglik\/2024\/07\/08\/aile-hekimlikleri-ve-saglik-yasam-merkezlerini-guclendirecegiz\/"},"modified":"2024-07-08T12:19:19","modified_gmt":"2024-07-08T12:19:19","slug":"aile-hekimlikleri-ve-saglik-yasam-merkezlerini-guclendirecegiz","status":"publish","type":"post","link":"https:\/\/kraios.app\/news\/saglik\/2024\/07\/08\/aile-hekimlikleri-ve-saglik-yasam-merkezlerini-guclendirecegiz\/","title":{"rendered":"Aile hekimlikleri ve sa\u011fl\u0131k ya\u015fam merkezlerini g\u00fc\u00e7lendirece\u011fiz"},"content":{"rendered":"<p><\/p>\n<div>\n<p>Sa\u011fl\u0131k Bakan\u0131 Kemal Memi\u015fo\u011flu, \u00f6zellikle ya\u015fl\u0131lara, \u00e7ocuklara hizmetleri daha \u00e7abuk, daha erken ula\u015ft\u0131rabilecek aile hekimlikleri ve sa\u011fl\u0131kl\u0131 ya\u015fam merkezlerini g\u00fc\u00e7lendireceklerini belirterek, &#8220;Bu konudaki planlamalar\u0131 \u00e7ok yak\u0131n zamanda halk\u0131m\u0131za duyuraca\u011f\u0131z.&#8221; dedi.<\/p>\n<p>\u00c7e\u015fitli ziyaret ve incelemeleri kapsam\u0131nda d\u00fcn Rize&#8217;ye gelen Bakan Memi\u015fo\u011flu, Valili\u011fi ziyaret etti.<\/p>\n<p>Bakan Kemal Memi\u015fo\u011flu daha sonra Cumhurba\u015fkanl\u0131\u011f\u0131 Sa\u011fl\u0131k ve G\u0131da Politikalar\u0131 Kurulu Ba\u015fkanvekili Prof. Dr. Serkan Topalo\u011flu, Sa\u011fl\u0131k Bakan Yard\u0131mc\u0131s\u0131 \u015euayip Birinci, Rize Valisi \u0130hsan Selim Bayda\u015f, AK Parti Rize milletvekilleri Muhammed Avc\u0131 ve Harun Merto\u011flu, Belediye Ba\u015fkan\u0131 Rahmi Metin, Sa\u011fl\u0131k Bakanl\u0131\u011f\u0131 Sa\u011fl\u0131k Hizmetleri Genel M\u00fcd\u00fcr\u00fc Hasan Basri Velio\u011flu, \u0130l Sa\u011fl\u0131k M\u00fcd\u00fcr\u00fc Mustafa Tepe ve ilgili kurum m\u00fcd\u00fcrleriyle Valilikte d\u00fczenlenen de\u011ferlendirme toplant\u0131s\u0131na kat\u0131ld\u0131.<\/p>\n<p>Memi\u015fo\u011flu, toplant\u0131 sonras\u0131nda gazetecilere, Rize&#8217;nin sa\u011fl\u0131kla ilgili durumunu ve gelecekle ilgili taleplerini, vizyonunu de\u011ferlendirdiklerini s\u00f6yledi.<\/p>\n<p>Sahada incelemeler yapacaklar\u0131n\u0131 ifade eden Memi\u015fo\u011flu, &#8220;Tabii ki Say\u0131n Cumhurba\u015fkan\u0131&#8217;m\u0131z\u0131n liderli\u011finde d\u00fcnyan\u0131n en iyi sa\u011fl\u0131k hizmeti sunan \u00fclkelerinden birisiyiz. Rize Say\u0131n Cumhurba\u015fkan\u0131&#8217;m\u0131z\u0131n ve benim memleketim. Bu nedenle ikinci ziyaretimizi deprem b\u00f6lgesindeki Mara\u015f&#8217;tan sonra buraya yapt\u0131k.&#8221; dedi.<\/p>\n<p>Memi\u015fo\u011flu, \u00e7ok daha iyi sa\u011fl\u0131k hizmeti sunmak i\u00e7in \u00e7al\u0131\u015ft\u0131klar\u0131n\u0131 kaydederek, &#8220;Herkesin merak etti\u011fi \u015fehir hastanesini, belki T\u00fcrkiye&#8217;nin en g\u00fczel, en iyi \u015fehir hastanesini k\u0131sa zamanda milletimizin hizmetine sunaca\u011f\u0131z. Bu konuda Say\u0131n Cumhurba\u015fkan\u0131&#8217;m\u0131z\u0131n kesin talimat\u0131 var. Bu geli\u015fme Rize&#8217;de sa\u011fl\u0131kla ilgili problemlerin \u00e7ok b\u00fcy\u00fck oranda azalmas\u0131na, hatta bitmesine sebebiyet verecektir.&#8221; diye konu\u015ftu.<\/p>\n<h3>&#8220;Hastalanmadan \u00f6nce sa\u011fl\u0131\u011f\u0131m\u0131z\u0131 korumak \u00f6nceli\u011fimiz olmal\u0131&#8221;<\/h3>\n<p>Sa\u011fl\u0131k Bakanl\u0131\u011f\u0131 olarak Rize&#8217;de \u00e7\u00f6z\u00fclmeyecek hi\u00e7bir sa\u011fl\u0131k probleminin kalmamas\u0131 i\u00e7in m\u00fccadele ettiklerini vurgulayan Memi\u015fo\u011flu, \u015f\u00f6yle devam etti:<\/p>\n<p>&#8220;Rize&#8217;deki bir hastam\u0131z ba\u015fka bir yere sa\u011fl\u0131k hizmeti almak i\u00e7in muhta\u00e7 olmamal\u0131. \u0130n\u015fallah bunu sa\u011flayaca\u011f\u0131z. Daha iyi sa\u011fl\u0131k hizmeti sunaca\u011f\u0131z. Bunun yan\u0131nda \u00f6zellikle Rize&#8217;de aile hekimli\u011fini, temel sa\u011fl\u0131k hizmetlerini, hastalanmadan sa\u011fl\u0131\u011f\u0131m\u0131z\u0131 korumayla ilgili b\u00fcy\u00fck bir \u00e7aba harcamam\u0131z gerekti\u011fini de g\u00f6r\u00fcyorum. \u00d6zellikle ya\u015fl\u0131lar\u0131m\u0131za, \u00e7ocuklar\u0131m\u0131za hizmetleri daha \u00e7abuk, daha erken ula\u015ft\u0131rabilecek aile hekimlikleri ve sa\u011fl\u0131kl\u0131 ya\u015fam merkezlerini de g\u00fc\u00e7lendirece\u011fiz. Bu konudaki planlamalar\u0131 \u00e7ok yak\u0131n zamanda halk\u0131m\u0131za duyuraca\u011f\u0131z.&#8221;<\/p>\n<p>Memi\u015fo\u011flu, sa\u011fl\u0131\u011f\u0131n k\u0131ymetine dikkati \u00e7ekerek, &#8220;Esas hedefimiz hastalanmadan sa\u011fl\u0131\u011f\u0131m\u0131z\u0131 korumakt\u0131r. Kilomuza dikkat edece\u011fiz, ba\u011f\u0131ml\u0131l\u0131k olan al\u0131\u015fkanl\u0131klar\u0131m\u0131zdan, k\u00f6t\u00fc al\u0131\u015fkanl\u0131klar\u0131m\u0131zdan uzak duraca\u011f\u0131z. \u00d6zellikle topluma ve Rizelilere \u015funu ifade etmek istiyorum ki hastalanmadan \u00f6nce sa\u011fl\u0131\u011f\u0131m\u0131z\u0131 korumak \u00f6nceli\u011fimiz olmal\u0131. Bunu sa\u011flayacak olan temel sa\u011fl\u0131k hizmetleridir.&#8221; dedi.<\/p>\n<p>Bakan Memi\u015fo\u011flu, daha sonra AK Parti \u0130l Ba\u015fkanl\u0131\u011f\u0131n\u0131 ziyaret ederek \u0130l Ba\u015fkanvekili Yunus \u00c7oruh ve partililerle g\u00f6r\u00fc\u015ft\u00fc.<\/p>\n<p>Memi\u015fo\u011flu, daha sonra Rize Belediyesini ziyaret ederek Belediye Ba\u015fkan Rahmi Metin&#8217;den bilgi ald\u0131.<\/p>\n<p>                            <span class=\"detay-foto-editor\">&#13;<br \/>\n                                <a href=\"https:\/\/www.aa.com.tr\/tr\/p\/abonelik-talep-formu\/1001\" target=\"_blank\" style=\"font-size:12px; color:#444; text-decoration:none;\" rel=\"noopener\">&#13;<br \/>\n                                    Anadolu Ajans\u0131 web sitesinde, AA Haber Ak\u0131\u015f Sistemi (HAS) \u00fczerinden abonelere sunulan haberler, \u00f6zetlenerek yay\u0131mlanmaktad\u0131r. <b style=\"color:#1897F7\">Abonelik i\u00e7in l\u00fctfen ileti\u015fime ge\u00e7iniz.<\/b>&#13;<br \/>\n                                <\/a>&#13;<br \/>\n                            <\/span>\n                        <\/div>\n<p><script>\n\t  window.fbAsyncInit = function() {\n\t\tFB.init({\n\t\t  appId: '1855843514662870',\n\t\t  status : true, \/\/ check login status\n\t\t  cookie : true, \/\/ enable cookies to allow the server to access the session\n\t\t  xfbml  : true  \/\/ parse XFBML\n\t\t});\n\t  };<\/p>\n<p>\t  (function() {\n\t\tvar e = document.createElement('script');\n\t\te.src=\"https:\/\/connect.facebook.net\/tr_TR\/all.js\";\n\t\te.async = true;\n\t\tdocument.getElementById('fb-root').appendChild(e);\n\t  }());\n    <\/script><\/p>\n","protected":false},"excerpt":{"rendered":"<p>Sa\u011fl\u0131k Bakan\u0131 Kemal Memi\u015fo\u011flu, \u00f6zellikle ya\u015fl\u0131lara, \u00e7ocuklara hizmetleri daha \u00e7abuk, daha erken ula\u015ft\u0131rabilecek aile hekimlikleri ve sa\u011fl\u0131kl\u0131 ya\u015fam merkezlerini g\u00fc\u00e7lendireceklerini belirterek, &#8220;Bu konudaki planlamalar\u0131 \u00e7ok yak\u0131n zamanda halk\u0131m\u0131za duyuraca\u011f\u0131z.&#8221; dedi. \u00c7e\u015fitli ziyaret ve incelemeleri kapsam\u0131nda d\u00fcn Rize&#8217;ye gelen Bakan Memi\u015fo\u011flu, Valili\u011fi ziyaret etti. Bakan Kemal Memi\u015fo\u011flu daha sonra Cumhurba\u015fkanl\u0131\u011f\u0131 Sa\u011fl\u0131k ve G\u0131da Politikalar\u0131 Kurulu Ba\u015fkanvekili [&hellip;]<\/p>\n","protected":false},"author":1,"featured_media":27621,"comment_status":"","ping_status":"","sticky":false,"template":"","format":"standard","meta":[],"categories":[46],"tags":[],"_links":{"self":[{"href":"https:\/\/kraios.app\/news\/wp-json\/wp\/v2\/posts\/27620"}],"collection":[{"href":"https:\/\/kraios.app\/news\/wp-json\/wp\/v2\/posts"}],"about":[{"href":"https:\/\/kraios.app\/news\/wp-json\/wp\/v2\/types\/post"}],"author":[{"embeddable":true,"href":"https:\/\/kraios.app\/news\/wp-json\/wp\/v2\/users\/1"}],"replies":[{"embeddable":true,"href":"https:\/\/kraios.app\/news\/wp-json\/wp\/v2\/comments?post=27620"}],"version-history":[{"count":0,"href":"https:\/\/kraios.app\/news\/wp-json\/wp\/v2\/posts\/27620\/revisions"}],"wp:featuredmedia":[{"embeddable":true,"href":"https:\/\/kraios.app\/news\/wp-json\/wp\/v2\/media\/27621"}],"wp:attachment":[{"href":"https:\/\/kraios.app\/news\/wp-json\/wp\/v2\/media?parent=27620"}],"wp:term":[{"taxonomy":"category","embeddable":true,"href":"https:\/\/kraios.app\/news\/wp-json\/wp\/v2\/categories?post=27620"},{"taxonomy":"post_tag","embeddable":true,"href":"https:\/\/kraios.app\/news\/wp-json\/wp\/v2\/tags?post=27620"}],"curies":[{"name":"wp","href":"https:\/\/api.w.org\/{rel}","templated":true}]}}