{"id":27614,"date":"2024-07-04T13:29:40","date_gmt":"2024-07-04T13:29:40","guid":{"rendered":"https:\/\/kraios.app\/news\/saglik\/2024\/07\/04\/kalca-kiriklarina-multidisipliner-mudahale-olum-oranlarini-dusurdu\/"},"modified":"2024-07-04T13:29:40","modified_gmt":"2024-07-04T13:29:40","slug":"kalca-kiriklarina-multidisipliner-mudahale-olum-oranlarini-dusurdu","status":"publish","type":"post","link":"https:\/\/kraios.app\/news\/saglik\/2024\/07\/04\/kalca-kiriklarina-multidisipliner-mudahale-olum-oranlarini-dusurdu\/","title":{"rendered":"Kal\u00e7a k\u0131r\u0131klar\u0131na &#8220;multidisipliner m\u00fcdahale&#8221; \u00f6l\u00fcm oranlar\u0131n\u0131 d\u00fc\u015f\u00fcrd\u00fc"},"content":{"rendered":"<p><\/p>\n<div>\n<p>Prof. Dr. Ba\u015faran, yapt\u0131\u011f\u0131 yaz\u0131l\u0131 a\u00e7\u0131klamada, kal\u00e7a k\u0131r\u0131klar\u0131n\u0131n g\u00fcn\u00fcm\u00fczde halk sa\u011fl\u0131\u011f\u0131 sorunu olarak nitelendirildi\u011fini ifade ederek, ileri ya\u015flarda en s\u0131k hastaneye yat\u0131\u015f nedenlerinden birinin de bu durum oldu\u011funu vurgulad\u0131.<\/p>\n<p>Kemik erimesine ba\u011fl\u0131 kal\u00e7a k\u0131r\u0131\u011f\u0131 vakalar\u0131n\u0131n d\u00fcnya genelinde ciddi oranda artt\u0131\u011f\u0131na dikkati \u00e7eken Ba\u015faran, t\u00f6kezlemek gibi en ufak travmada bile kal\u00e7a kemi\u011finin k\u0131r\u0131labildi\u011fini ifade etti.<\/p>\n<p>Prof. Dr. Ba\u015faran, kal\u00e7a k\u0131r\u0131klar\u0131n\u0131n her ge\u00e7en y\u0131l daha da art\u0131\u011f\u0131na dikkati \u00e7ekerek, &#8220;1990-2000 y\u0131llar\u0131 aras\u0131 d\u00fcnyada y\u0131ll\u0131k kal\u00e7a k\u0131r\u0131\u011f\u0131 say\u0131s\u0131n\u0131n 1,3 milyon oldu\u011funu g\u00f6r\u00fcyoruz. 2050&#8217;de ise bu oran\u0131n 6,3 milyona \u00e7\u0131kmas\u0131 bekleniyor. Kad\u0131nlar\u0131n fizyolojik olarak baz\u0131 \u00f6zelliklerinden dolay\u0131 menopoz sonras\u0131 \u00f6strojen eksikli\u011fine ba\u011fl\u0131 kemiklerinde zay\u0131flama oluyor. Ayn\u0131 zamanda, kad\u0131nlar\u0131n kemikleri erkeklere g\u00f6re daha narin ve ince oldu\u011fu i\u00e7in k\u0131r\u0131k geli\u015fme riski daha fazla.&#8221; bilgisini verdi.<\/p>\n<h3>\u0130lac\u0131 d\u00fczenli egzersiz yapmak<\/h3>\n<p>Kal\u00e7a k\u0131r\u0131klar\u0131n\u0131n ya\u015fl\u0131l\u0131kta baz\u0131 \u015feyleri ihmal etmekten kaynakland\u0131\u011f\u0131n\u0131 vurgulayarak, bunlardan en \u00f6nemlisinin d\u00fczenli egzersiz yapmamak oldu\u011funu, kaslar\u0131n zay\u0131f olmas\u0131n\u0131n d\u00fc\u015fme riskini art\u0131rd\u0131\u011f\u0131n\u0131 kaydetti. <\/p>\n<p>Dengeli beslenmemek, D vitamini eksikli\u011fine kar\u015f\u0131 takviye almamak, kalsiyum ve proteinden zengin besinleri t\u00fcketmemenin de risk olu\u015fturdu\u011funun alt\u0131n\u0131 \u00e7izen Ba\u015faran, &#8220;Ya\u015fl\u0131l\u0131\u011f\u0131n getirdi\u011fi \u00e7e\u015fitli hastal\u0131klar var. Bunlar denge bozukluklar\u0131na neden olabiliyor ve ila\u00e7 kullan\u0131m\u0131 art\u0131yor. Bu ila\u00e7lara ba\u011fl\u0131 ani tansiyon, \u015feker d\u00fc\u015fmeleri olabiliyor. Bu da d\u00fc\u015fme riskini art\u0131r\u0131yor. \u00d6nerimiz insanlar\u0131n evini d\u00fc\u015fmeyecek \u015fekilde dizayn etmesi. \u00d6rne\u011fin koridorlar\u0131 ve y\u00fcr\u00fcme alanlar\u0131n\u0131 a\u00e7mas\u0131, banyolardaki \u0131slak zeminlerde kaymaz paspaslar kullanmas\u0131 gibi. Kronik hastal\u0131\u011f\u0131 olanlar\u0131n doktor kontrollerini ihmal etmemesi hayati \u00f6neme sahip.&#8221; ifadelerini kulland\u0131.<\/p>\n<h3>&#8220;Kal\u00e7a k\u0131r\u0131klar\u0131na art\u0131k multidisipliner yakla\u015f\u0131yoruz&#8221;<\/h3>\n<p>Ortopedi ve Travmatoloji Uzman\u0131 Prof. Dr. Ba\u015faran, eskiden kal\u00e7a k\u0131r\u0131klar\u0131 nedeniyle hastalar\u0131n hayat\u0131n\u0131 kaybetme riskinin daha fazla oldu\u011funu ancak bug\u00fcn t\u0131ptaki geli\u015fmelerle tedavide y\u00fcz g\u00fcld\u00fcr\u00fcc\u00fc sonu\u00e7lar al\u0131nd\u0131\u011f\u0131n\u0131 belirtti. <\/p>\n<p>\u00d6zellikle T\u00fcrkiye&#8217;de son zamanlarda bu konuda \u00f6nemli geli\u015fmeler ya\u015fand\u0131\u011f\u0131na i\u015faret eden Ba\u015faran, \u015f\u00f6yle devam etti:<\/p>\n<p>&#8220;Kal\u00e7a k\u0131r\u0131klar\u0131na art\u0131k multidisipliner yakla\u015f\u0131yoruz. Hastay\u0131 dahiliye, geriatri, kardiyoloji, g\u00f6\u011f\u00fcs hastal\u0131klar\u0131 bran\u015flar\u0131yla de\u011ferlendirip, h\u0131zl\u0131ca ameliyat etmeye \u00e7al\u0131\u015f\u0131yoruz. Bu de\u011ferlendirme hastada ek problemlerin \u00f6n\u00fcne ge\u00e7iyor. Ayr\u0131ca ameliyatta kullan\u0131lan implantlar\u0131n geli\u015fmesi de bize yard\u0131mc\u0131 oluyor. Hastalar\u0131 erken aya\u011fa kald\u0131rabiliyor, erken mobilize edebiliyoruz. Bu nedenle \u00f6l\u00fcm oranlar\u0131 d\u00fc\u015ft\u00fc. K\u0131r\u0131klarda hastalara ilk 24 saatte m\u00fcdahale \u00f6nemli. Ancak bazen hastalar\u0131n kan suland\u0131r\u0131c\u0131 ila\u00e7 kullanmas\u0131, ileri kalp yetmezli\u011fi bulunmas\u0131 gibi durumlarda ameliyat\u0131 erteleyebiliyoruz. Bu durumlarda hastan\u0131n genel durumunu daha \u00e7ok \u00f6nemsiyoruz. Bu durumlar d\u0131\u015f\u0131nda m\u00fcmk\u00fcn oldu\u011fu kadar ilk 24 saatte ameliyata almaya \u00e7al\u0131\u015f\u0131yoruz. Ameliyat sonras\u0131 iyi bir rehabilitasyonla da bu hastalar tekrar ayaklan\u0131yor.&#8221;<\/p>\n<p>Prof. Dr. Ba\u015faran, ameliyat sonras\u0131 hastalar\u0131n sa\u011fl\u0131kl\u0131 beslenmesinin, iyi bak\u0131m almas\u0131n\u0131n ve h\u0131zl\u0131 rehabilite edilmesinin \u00f6nemine de\u011finerek, ara\u015ft\u0131rmalar\u0131n iyi ge\u00e7en ameliyat sonras\u0131 bak\u0131m alan hastalarda \u00f6l\u00fcm oranlar\u0131n\u0131n ciddi d\u00fc\u015ft\u00fc\u011f\u00fcn\u00fc g\u00f6sterdi\u011fini kaydetti. <\/p>\n<p>                            <span class=\"detay-foto-editor\">&#13;<br \/>\n                                <a href=\"https:\/\/www.aa.com.tr\/tr\/p\/abonelik-talep-formu\/1001\" target=\"_blank\" style=\"font-size:12px; color:#444; text-decoration:none;\" rel=\"noopener\">&#13;<br \/>\n                                    Anadolu Ajans\u0131 web sitesinde, AA Haber Ak\u0131\u015f Sistemi (HAS) \u00fczerinden abonelere sunulan haberler, \u00f6zetlenerek yay\u0131mlanmaktad\u0131r. <b style=\"color:#1897F7\">Abonelik i\u00e7in l\u00fctfen ileti\u015fime ge\u00e7iniz.<\/b>&#13;<br \/>\n                                <\/a>&#13;<br \/>\n                            <\/span>\n                        <\/div>\n<p><script>\n\t  window.fbAsyncInit = function() {\n\t\tFB.init({\n\t\t  appId: '1855843514662870',\n\t\t  status : true, \/\/ check login status\n\t\t  cookie : true, \/\/ enable cookies to allow the server to access the session\n\t\t  xfbml  : true  \/\/ parse XFBML\n\t\t});\n\t  };<\/p>\n<p>\t  (function() {\n\t\tvar e = document.createElement('script');\n\t\te.src=\"https:\/\/connect.facebook.net\/tr_TR\/all.js\";\n\t\te.async = true;\n\t\tdocument.getElementById('fb-root').appendChild(e);\n\t  }());\n    <\/script><\/p>\n","protected":false},"excerpt":{"rendered":"<p>Prof. Dr. Ba\u015faran, yapt\u0131\u011f\u0131 yaz\u0131l\u0131 a\u00e7\u0131klamada, kal\u00e7a k\u0131r\u0131klar\u0131n\u0131n g\u00fcn\u00fcm\u00fczde halk sa\u011fl\u0131\u011f\u0131 sorunu olarak nitelendirildi\u011fini ifade ederek, ileri ya\u015flarda en s\u0131k hastaneye yat\u0131\u015f nedenlerinden birinin de bu durum oldu\u011funu vurgulad\u0131. Kemik erimesine ba\u011fl\u0131 kal\u00e7a k\u0131r\u0131\u011f\u0131 vakalar\u0131n\u0131n d\u00fcnya genelinde ciddi oranda artt\u0131\u011f\u0131na dikkati \u00e7eken Ba\u015faran, t\u00f6kezlemek gibi en ufak travmada bile kal\u00e7a kemi\u011finin k\u0131r\u0131labildi\u011fini ifade etti. Prof. [&hellip;]<\/p>\n","protected":false},"author":1,"featured_media":27615,"comment_status":"","ping_status":"","sticky":false,"template":"","format":"standard","meta":[],"categories":[46],"tags":[],"_links":{"self":[{"href":"https:\/\/kraios.app\/news\/wp-json\/wp\/v2\/posts\/27614"}],"collection":[{"href":"https:\/\/kraios.app\/news\/wp-json\/wp\/v2\/posts"}],"about":[{"href":"https:\/\/kraios.app\/news\/wp-json\/wp\/v2\/types\/post"}],"author":[{"embeddable":true,"href":"https:\/\/kraios.app\/news\/wp-json\/wp\/v2\/users\/1"}],"replies":[{"embeddable":true,"href":"https:\/\/kraios.app\/news\/wp-json\/wp\/v2\/comments?post=27614"}],"version-history":[{"count":0,"href":"https:\/\/kraios.app\/news\/wp-json\/wp\/v2\/posts\/27614\/revisions"}],"wp:featuredmedia":[{"embeddable":true,"href":"https:\/\/kraios.app\/news\/wp-json\/wp\/v2\/media\/27615"}],"wp:attachment":[{"href":"https:\/\/kraios.app\/news\/wp-json\/wp\/v2\/media?parent=27614"}],"wp:term":[{"taxonomy":"category","embeddable":true,"href":"https:\/\/kraios.app\/news\/wp-json\/wp\/v2\/categories?post=27614"},{"taxonomy":"post_tag","embeddable":true,"href":"https:\/\/kraios.app\/news\/wp-json\/wp\/v2\/tags?post=27614"}],"curies":[{"name":"wp","href":"https:\/\/api.w.org\/{rel}","templated":true}]}}