{"id":27600,"date":"2024-06-30T10:49:28","date_gmt":"2024-06-30T10:49:28","guid":{"rendered":"https:\/\/kraios.app\/news\/saglik\/2024\/06\/30\/yazin-akciger-embolisi-ve-kalp-krizi-riskine-karsi-sivi-tuketiminin-artirilmasi-oneriliyor\/"},"modified":"2024-06-30T10:49:28","modified_gmt":"2024-06-30T10:49:28","slug":"yazin-akciger-embolisi-ve-kalp-krizi-riskine-karsi-sivi-tuketiminin-artirilmasi-oneriliyor","status":"publish","type":"post","link":"https:\/\/kraios.app\/news\/saglik\/2024\/06\/30\/yazin-akciger-embolisi-ve-kalp-krizi-riskine-karsi-sivi-tuketiminin-artirilmasi-oneriliyor\/","title":{"rendered":"Yaz\u0131n akci\u011fer embolisi ve kalp krizi riskine kar\u015f\u0131 s\u0131v\u0131 t\u00fcketiminin art\u0131r\u0131lmas\u0131 \u00f6neriliyor"},"content":{"rendered":"<p><\/p>\n<div>\n<p>Akdeniz \u00dcniversitesi T\u0131p Fak\u00fcltesi Kalp ve Damar Cerrahisi Ana Bilim Dal\u0131 \u00d6\u011fretim \u00dcyesi Prof. Dr. \u0130lhan G\u00f6lba\u015f\u0131, AA muhabirine, bacak varislerine sahip ki\u015filerin k\u0131\u015f\u0131n olmasa da s\u0131cak havayla a\u011fr\u0131, \u00f6dem ve kramp \u015fikayetleri ya\u015fad\u0131\u011f\u0131n\u0131 belirtti.<\/p>\n<p><img decoding=\"async\" alt=\"\" src=\"https:\/\/www.aa.com.tr\/uploads\/userFiles\/9c85db40-ef31-40fe-a989-05c7e506d5d0\/06_2024%2F30062024%2Filhan_.jpg\"\/><\/p>\n<p>Yaz\u0131n s\u0131cakl\u0131\u011f\u0131n bacak toplardamarlar\u0131n\u0131n \u00e7aplar\u0131nda geni\u015flemeye neden oldu\u011funu belirten G\u00f6lba\u015f\u0131, \u015funlar\u0131 kaydetti:<\/p>\n<p>&#8220;Buna ba\u011fl\u0131 kapak\u00e7\u0131klar ka\u00e7\u0131rmaya ba\u015flar. Dolay\u0131s\u0131yla \u015fikayetlerde son derece art\u0131\u015f g\u00f6r\u00fcl\u00fcr. Bunun ciddi anlamda tehlike arz eden boyutu da vard\u0131r. B\u00fcy\u00fck varisli hastalarda bacak toplardamarda kan g\u00f6llenmeye ba\u015flar. E\u011fer bu ki\u015filer yeterince s\u0131v\u0131 t\u00fcketmiyorsa g\u00fcn i\u00e7erisinde o b\u00f6lgelerde p\u0131ht\u0131 olu\u015fmas\u0131na neden olurlar. P\u0131ht\u0131lar da akci\u011fere atar, hayati tehlike arz eder. Yaz\u0131n kalp krizinden \u00f6ld\u00fc san\u0131lan ki\u015filerin pek \u00e7o\u011fu akci\u011fer embolisinden kaybedilmektedir. Yaz\u0131n bacak toplardamarlar\u0131nda kan\u0131n g\u00f6llenmesi ve s\u0131v\u0131 kayb\u0131 ciddi p\u0131ht\u0131la\u015fmaya ve akci\u011fere emboli atmas\u0131na neden oluyor.&#8221;<\/p>\n<p>G\u00f6lba\u015f\u0131, yaz\u0131n baca\u011f\u0131 mutlaka s\u0131caktan korumak, g\u00fcn i\u00e7inde so\u011fuk suyla y\u0131kamak gerekti\u011fini vurgulayarak, varisi olanlar\u0131n ayakta sabit durmamas\u0131n\u0131n \u00f6nemine de\u011findi.<\/p>\n<h3>&#8220;Ciddi sigara t\u00fcketen gen\u00e7lerde yaz\u0131n kalp krizi riski artar&#8221;<\/h3>\n<p>G\u00fcn i\u00e7inde baca\u011f\u0131 yukar\u0131ya kald\u0131rarak dinlendirmek gerekti\u011fini anlatan G\u00f6lba\u015f\u0131, &#8220;Susuz kald\u0131\u011f\u0131m\u0131zda bacak varislerinin i\u00e7indeki damarlarda p\u0131ht\u0131 e\u011filimi son derece artar. Onun i\u00e7in yaz\u0131n mutlaka g\u00fcn i\u00e7inde en az 2 litre su t\u00fcketmemiz gerekiyor. \u00d6zellikle yaz\u0131n ya\u015fl\u0131lardaki \u00f6l\u00fcmlerin en \u00f6nemli sebeplerinden biri akci\u011fer embolisidir. Ya\u015fl\u0131larda d\u0131\u015far\u0131dan g\u00f6r\u00fcl\u00fcr b\u00fcy\u00fck varisler olmasa dahi p\u0131ht\u0131la\u015fma e\u011filimi son derece y\u00fcksektir. Susuz kald\u0131klar\u0131nda kan\u0131n ak\u0131\u015fkanl\u0131\u011f\u0131 azal\u0131r, p\u0131ht\u0131la\u015fma e\u011filimi artar.&#8221; diye konu\u015ftu.<\/p>\n<p>G\u00f6lba\u015f\u0131, yaz\u0131n \u00f6zellikle ya\u015fl\u0131lara da bol s\u0131v\u0131 t\u00fcketmesini \u00f6nererek, g\u00fcne\u015fin dik geldi\u011fi saatlerde d\u0131\u015far\u0131da bulunmamaya \u00f6zen g\u00f6sterilmesini istedi.<\/p>\n<p>S\u0131cak havan\u0131n kalp krizi riskini de tetikledi\u011fini anlatan G\u00f6lba\u015f\u0131, \u015f\u00f6yle devam etti:<\/p>\n<p>&#8220;Y\u00fcksek tansiyona ba\u011fl\u0131 \u00e7ok \u00e7e\u015fitli beyin kanamas\u0131 riskini de tetikler. \u00d6zellikle 60&#8217;l\u0131 ya\u015flar\u0131n \u00fczerindekilerde s\u0131cak havalarda beyin kanamas\u0131, aort damar\u0131 y\u0131rt\u0131lmas\u0131, derin toplardamarlarda p\u0131ht\u0131la\u015fma, buna ba\u011fl\u0131 akci\u011fer embolisi gibi komplikasyonlar \u00e7ok s\u0131k g\u00f6r\u00fcl\u00fcyor. Varisi olan gen\u00e7ler de risk alt\u0131nda. Ciddi sigara t\u00fcketimi olan gen\u00e7lerde s\u0131cak havada kalp krizi riski son derece art\u0131yor. Onun i\u00e7in m\u00fcmk\u00fcn oldu\u011funca yaz\u0131n sigara t\u00fcketimini azaltmalar\u0131, su t\u00fcketimini art\u0131rmalar\u0131 gerekiyor. M\u00fcmk\u00fcn oldu\u011funca serin yerlerde bulunmal\u0131lar.&#8221;<\/p>\n<p>Prof. Dr. \u0130lhan G\u00f6lba\u015f\u0131, bacak varislerinin tedavisini lazer ya da operasyonla rahat\u00e7a yapabildiklerini s\u00f6zlerine ekledi.<\/p>\n<p>                            <span class=\"detay-foto-editor\">&#13;<br \/>\n                                <a href=\"https:\/\/www.aa.com.tr\/tr\/p\/abonelik-talep-formu\/1001\" target=\"_blank\" style=\"font-size:12px; color:#444; text-decoration:none;\" rel=\"noopener\">&#13;<br \/>\n                                    Anadolu Ajans\u0131 web sitesinde, AA Haber Ak\u0131\u015f Sistemi (HAS) \u00fczerinden abonelere sunulan haberler, \u00f6zetlenerek yay\u0131mlanmaktad\u0131r. <b style=\"color:#1897F7\">Abonelik i\u00e7in l\u00fctfen ileti\u015fime ge\u00e7iniz.<\/b>&#13;<br \/>\n                                <\/a>&#13;<br \/>\n                            <\/span>\n                        <\/div>\n<p><script>\n\t  window.fbAsyncInit = function() {\n\t\tFB.init({\n\t\t  appId: '1855843514662870',\n\t\t  status : true, \/\/ check login status\n\t\t  cookie : true, \/\/ enable cookies to allow the server to access the session\n\t\t  xfbml  : true  \/\/ parse XFBML\n\t\t});\n\t  };<\/p>\n<p>\t  (function() {\n\t\tvar e = document.createElement('script');\n\t\te.src=\"https:\/\/connect.facebook.net\/tr_TR\/all.js\";\n\t\te.async = true;\n\t\tdocument.getElementById('fb-root').appendChild(e);\n\t  }());\n    <\/script><\/p>\n","protected":false},"excerpt":{"rendered":"<p>Akdeniz \u00dcniversitesi T\u0131p Fak\u00fcltesi Kalp ve Damar Cerrahisi Ana Bilim Dal\u0131 \u00d6\u011fretim \u00dcyesi Prof. Dr. \u0130lhan G\u00f6lba\u015f\u0131, AA muhabirine, bacak varislerine sahip ki\u015filerin k\u0131\u015f\u0131n olmasa da s\u0131cak havayla a\u011fr\u0131, \u00f6dem ve kramp \u015fikayetleri ya\u015fad\u0131\u011f\u0131n\u0131 belirtti. Yaz\u0131n s\u0131cakl\u0131\u011f\u0131n bacak toplardamarlar\u0131n\u0131n \u00e7aplar\u0131nda geni\u015flemeye neden oldu\u011funu belirten G\u00f6lba\u015f\u0131, \u015funlar\u0131 kaydetti: &#8220;Buna ba\u011fl\u0131 kapak\u00e7\u0131klar ka\u00e7\u0131rmaya ba\u015flar. Dolay\u0131s\u0131yla \u015fikayetlerde son [&hellip;]<\/p>\n","protected":false},"author":1,"featured_media":27601,"comment_status":"","ping_status":"","sticky":false,"template":"","format":"standard","meta":[],"categories":[46],"tags":[],"_links":{"self":[{"href":"https:\/\/kraios.app\/news\/wp-json\/wp\/v2\/posts\/27600"}],"collection":[{"href":"https:\/\/kraios.app\/news\/wp-json\/wp\/v2\/posts"}],"about":[{"href":"https:\/\/kraios.app\/news\/wp-json\/wp\/v2\/types\/post"}],"author":[{"embeddable":true,"href":"https:\/\/kraios.app\/news\/wp-json\/wp\/v2\/users\/1"}],"replies":[{"embeddable":true,"href":"https:\/\/kraios.app\/news\/wp-json\/wp\/v2\/comments?post=27600"}],"version-history":[{"count":0,"href":"https:\/\/kraios.app\/news\/wp-json\/wp\/v2\/posts\/27600\/revisions"}],"wp:featuredmedia":[{"embeddable":true,"href":"https:\/\/kraios.app\/news\/wp-json\/wp\/v2\/media\/27601"}],"wp:attachment":[{"href":"https:\/\/kraios.app\/news\/wp-json\/wp\/v2\/media?parent=27600"}],"wp:term":[{"taxonomy":"category","embeddable":true,"href":"https:\/\/kraios.app\/news\/wp-json\/wp\/v2\/categories?post=27600"},{"taxonomy":"post_tag","embeddable":true,"href":"https:\/\/kraios.app\/news\/wp-json\/wp\/v2\/tags?post=27600"}],"curies":[{"name":"wp","href":"https:\/\/api.w.org\/{rel}","templated":true}]}}