{"id":27477,"date":"2024-06-12T18:00:52","date_gmt":"2024-06-12T18:00:52","guid":{"rendered":"https:\/\/kraios.app\/news\/saglik\/2024\/06\/12\/kucuk-hucreli-akciger-kanserinde-20-yil-sonra-umut-isigi\/"},"modified":"2024-06-12T18:00:52","modified_gmt":"2024-06-12T18:00:52","slug":"kucuk-hucreli-akciger-kanserinde-20-yil-sonra-umut-isigi","status":"publish","type":"post","link":"https:\/\/kraios.app\/news\/saglik\/2024\/06\/12\/kucuk-hucreli-akciger-kanserinde-20-yil-sonra-umut-isigi\/","title":{"rendered":"K\u00fc\u00e7\u00fck h\u00fccreli akci\u011fer kanserinde 20 y\u0131l sonra umut \u0131\u015f\u0131\u011f\u0131"},"content":{"rendered":"<p><\/p>\n<div>\n<p>Amerikan Kanser Kongresinde payla\u015f\u0131lan bilimsel \u00e7al\u0131\u015fmayla <strong>k\u00fc\u00e7\u00fck h\u00fccreli akci\u011fer kanserlerinde<\/strong> uygulanan <strong>ak\u0131ll\u0131 tedavi y\u00f6nteminin<\/strong> hastal\u0131\u011f\u0131n tekrarlama riskini y\u00fczde 27 oran\u0131nda azaltt\u0131\u011f\u0131 ortaya konuldu.<\/p>\n<p>D\u00fcnya Aferez Birli\u011fi Ba\u015fkan\u0131 Prof. Dr. Fevzi Altunta\u015f, bas\u0131n mensuplar\u0131yla bir araya gelerek 31 May\u0131s-4 Haziran&#8217;da \u015eikago&#8217;da d\u00fczenlenen Amerikan Kanser Kongresinde (<strong>ASCO2024<\/strong>) payla\u015f\u0131lan yeni geli\u015fmelere ili\u015fkin de\u011ferlendirmelerde bulundu.<\/p>\n<p>Kongrenin ana temas\u0131n\u0131n bu sene &#8220;kanser y\u00f6netimi&#8221; oldu\u011funu ifade eden Altunta\u015f, &#8220;Art\u0131k \u00f6n\u00fcm\u00fczdeki s\u00fcre\u00e7te sadece kanser tedavisi de\u011fil, kanser y\u00f6netimine odaklanmal\u0131y\u0131z. Hastan\u0131n, hastal\u0131\u011f\u0131n \u00f6nlenmesinden yas dan\u0131\u015fmanl\u0131\u011f\u0131na kadar b\u00fct\u00fcn bir s\u00fcrecinin her a\u015famas\u0131n\u0131 geli\u015ftirmeliyiz.&#8221; diye konu\u015ftu.<\/p>\n<p>Sa\u011fl\u0131k alan\u0131nda klinik ara\u015ft\u0131rmalara kat\u0131lmak ve bunu te\u015fvik etmek gerekti\u011fini dile getiren Altunta\u015f, kongrede kanserle m\u00fccadelede yeni bir ilaca dair geli\u015fmelerin de konu\u015fuldu\u011funu aktard\u0131.<\/p>\n<p>D\u00fcnyan\u0131n kanser tedavisinde farkl\u0131 noktaya gitti\u011fine dikkati \u00e7eken Altunta\u015f, &#8220;\u00d6n\u00fcm\u00fczdeki s\u00fcre\u00e7te bunun klinik yans\u0131malar\u0131n\u0131 g\u00f6rece\u011fiz.&#8221; dedi.<\/p>\n<p>Kongrede lenfoma kanserinin tedavisine ili\u015fkin yeni geli\u015fmelerin de ele al\u0131nd\u0131\u011f\u0131n\u0131 belirten Altunta\u015f, yenilik\u00e7i tedavilerle ba\u015far\u0131 oran\u0131n\u0131n y\u00fczde 80&#8217;lere kadar \u00e7\u0131kt\u0131\u011f\u0131n\u0131 vurgulad\u0131.<\/p>\n<p>Altunta\u015f, &#8220;Kanser hastalar\u0131n\u0131n ya\u015fam s\u00fcreleri uzamakta, ya\u015fam kaliteleri her ge\u00e7en g\u00fcn artmaktad\u0131r. L\u00f6semi, lenfoma gibi hematolojik kanserlerde ba\u015far\u0131 oranlar\u0131 artm\u0131\u015ft\u0131r.&#8221; diye konu\u015ftu.<\/p>\n<h3>\u0130mm\u00fcnoterapinin akci\u011fer kanseri tekrarlama riskini azaltt\u0131\u011f\u0131 belirlendi<\/h3>\n<p>Ankara Hematoloji ve Onkoloji Derne\u011fi Genel Sekreteri Do\u00e7. Dr. Cengiz Kara\u00e7in de kongrede akci\u011fer kanseri tedavisine y\u00f6nelik &#8220;ADRIATIC&#8221; isimli bilimsel \u00e7al\u0131\u015fman\u0131n sonu\u00e7lar\u0131n\u0131n payla\u015f\u0131ld\u0131\u011f\u0131 bilgisini verdi.<\/p>\n<p>K\u00fc\u00e7\u00fck h\u00fccreli akci\u011fer kanserli hastalara y\u00f6nelik yakla\u015f\u0131k 20 y\u0131ld\u0131r herhangi bir yeni geli\u015fmenin ya\u015fanmad\u0131\u011f\u0131na i\u015faret eden Kara\u00e7in, \u015funlar\u0131 kaydetti:<\/p>\n<p>&#8220;\u00c7ok \u00e7al\u0131\u015fma yap\u0131l\u0131yordu ama pozitif sonu\u00e7lanan \u00e7al\u0131\u015fma yoktu, ta ki bu y\u0131lki ASCO&#8217;daki \u00e7al\u0131\u015fma a\u00e7\u0131klanana kadar. ADRIATIC \u00e7al\u0131\u015fmas\u0131nda, k\u00fc\u00e7\u00fck h\u00fccreli akci\u011fer kanserli hastalarda g\u00fcn\u00fcm\u00fcz standartlar\u0131nda &#8216;kemoradyoterapi&#8217; dedi\u011fimiz kemoterapiyle \u0131\u015f\u0131n tedavisini birlikte uyguluyoruz. Bu \u00e7al\u0131\u015fma, &#8216;Bu tedavi tamamland\u0131ktan sonra ak\u0131ll\u0131 tedavi gibi imm\u00fcnoterapinin, hastal\u0131\u011f\u0131n tekrarlamas\u0131n\u0131 \u00f6nlemede bir faydas\u0131 var m\u0131?&#8217; sorusuna cevap arad\u0131. Bu ilac\u0131n uygulanmas\u0131 bu riski y\u00fczde 27 oran\u0131nda azaltt\u0131. \u0130statistiksel anlamda da klinik anlamda da anlaml\u0131yd\u0131. Bu geli\u015fme hem hastalar\u0131m\u0131z hem bizler i\u00e7in son 20 y\u0131lda ilk pozitif sunulmu\u015f \u00e7al\u0131\u015fma olarak hepimizin y\u00fcz\u00fcn\u00fc g\u00fcld\u00fcrd\u00fc.&#8221;<\/p>\n<p>                            <span class=\"detay-foto-editor\">&#13;<br \/>\n                                <a href=\"https:\/\/www.aa.com.tr\/tr\/p\/abonelik-talep-formu\/1001\" target=\"_blank\" style=\"font-size:12px; color:#444; text-decoration:none;\" rel=\"noopener\">&#13;<br \/>\n                                    Anadolu Ajans\u0131 web sitesinde, AA Haber Ak\u0131\u015f Sistemi (HAS) \u00fczerinden abonelere sunulan haberler, \u00f6zetlenerek yay\u0131mlanmaktad\u0131r. <b style=\"color:#1897F7\">Abonelik i\u00e7in l\u00fctfen ileti\u015fime ge\u00e7iniz.<\/b>&#13;<br \/>\n                                <\/a>&#13;<br \/>\n                            <\/span>\n                        <\/div>\n<p><script>\n\t  window.fbAsyncInit = function() {\n\t\tFB.init({\n\t\t  appId: '1855843514662870',\n\t\t  status : true, \/\/ check login status\n\t\t  cookie : true, \/\/ enable cookies to allow the server to access the session\n\t\t  xfbml  : true  \/\/ parse XFBML\n\t\t});\n\t  };<\/p>\n<p>\t  (function() {\n\t\tvar e = document.createElement('script');\n\t\te.src=\"https:\/\/connect.facebook.net\/tr_TR\/all.js\";\n\t\te.async = true;\n\t\tdocument.getElementById('fb-root').appendChild(e);\n\t  }());\n    <\/script><\/p>\n","protected":false},"excerpt":{"rendered":"<p>Amerikan Kanser Kongresinde payla\u015f\u0131lan bilimsel \u00e7al\u0131\u015fmayla k\u00fc\u00e7\u00fck h\u00fccreli akci\u011fer kanserlerinde uygulanan ak\u0131ll\u0131 tedavi y\u00f6nteminin hastal\u0131\u011f\u0131n tekrarlama riskini y\u00fczde 27 oran\u0131nda azaltt\u0131\u011f\u0131 ortaya konuldu. D\u00fcnya Aferez Birli\u011fi Ba\u015fkan\u0131 Prof. Dr. Fevzi Altunta\u015f, bas\u0131n mensuplar\u0131yla bir araya gelerek 31 May\u0131s-4 Haziran&#8217;da \u015eikago&#8217;da d\u00fczenlenen Amerikan Kanser Kongresinde (ASCO2024) payla\u015f\u0131lan yeni geli\u015fmelere ili\u015fkin de\u011ferlendirmelerde bulundu. Kongrenin ana temas\u0131n\u0131n bu [&hellip;]<\/p>\n","protected":false},"author":1,"featured_media":27478,"comment_status":"","ping_status":"","sticky":false,"template":"","format":"standard","meta":[],"categories":[46],"tags":[],"_links":{"self":[{"href":"https:\/\/kraios.app\/news\/wp-json\/wp\/v2\/posts\/27477"}],"collection":[{"href":"https:\/\/kraios.app\/news\/wp-json\/wp\/v2\/posts"}],"about":[{"href":"https:\/\/kraios.app\/news\/wp-json\/wp\/v2\/types\/post"}],"author":[{"embeddable":true,"href":"https:\/\/kraios.app\/news\/wp-json\/wp\/v2\/users\/1"}],"replies":[{"embeddable":true,"href":"https:\/\/kraios.app\/news\/wp-json\/wp\/v2\/comments?post=27477"}],"version-history":[{"count":0,"href":"https:\/\/kraios.app\/news\/wp-json\/wp\/v2\/posts\/27477\/revisions"}],"wp:featuredmedia":[{"embeddable":true,"href":"https:\/\/kraios.app\/news\/wp-json\/wp\/v2\/media\/27478"}],"wp:attachment":[{"href":"https:\/\/kraios.app\/news\/wp-json\/wp\/v2\/media?parent=27477"}],"wp:term":[{"taxonomy":"category","embeddable":true,"href":"https:\/\/kraios.app\/news\/wp-json\/wp\/v2\/categories?post=27477"},{"taxonomy":"post_tag","embeddable":true,"href":"https:\/\/kraios.app\/news\/wp-json\/wp\/v2\/tags?post=27477"}],"curies":[{"name":"wp","href":"https:\/\/api.w.org\/{rel}","templated":true}]}}