{"id":27349,"date":"2024-05-25T10:05:25","date_gmt":"2024-05-25T10:05:25","guid":{"rendered":"https:\/\/kraios.app\/news\/saglik\/2024\/05\/25\/akciger-nakli-bekleyen-genc-bobrek-taslarindan-iki-doktorun-es-zamanli-ameliyatiyla-kurtuldu\/"},"modified":"2024-05-25T10:05:25","modified_gmt":"2024-05-25T10:05:25","slug":"akciger-nakli-bekleyen-genc-bobrek-taslarindan-iki-doktorun-es-zamanli-ameliyatiyla-kurtuldu","status":"publish","type":"post","link":"https:\/\/kraios.app\/news\/saglik\/2024\/05\/25\/akciger-nakli-bekleyen-genc-bobrek-taslarindan-iki-doktorun-es-zamanli-ameliyatiyla-kurtuldu\/","title":{"rendered":"Akci\u011fer nakli bekleyen gen\u00e7, b\u00f6brek ta\u015flar\u0131ndan iki doktorun e\u015f zamanl\u0131 ameliyat\u0131yla kurtuldu"},"content":{"rendered":"<p><\/p>\n<div>\n<p>Do\u011fu\u015ftan Akdeniz anemisi nedeniyle 10 y\u0131l \u00f6nce ablas\u0131ndan al\u0131nan ilikle hayata tutunan 17 ya\u015f\u0131ndaki K\u0131rmaz, akci\u011fer yetmezli\u011fi nedeniyle tedavi g\u00f6rd\u00fc\u011f\u00fc Ankara&#8217;da nakil listesine al\u0131nd\u0131.<\/p>\n<p>Tetkiklerinde her iki b\u00f6bre\u011finde de \u00e7ok say\u0131da ta\u015f tespit edilen K\u0131rmaz, Konya \u015eehir Hastanesine y\u00f6nlendirildi.<\/p>\n<p>Hastanenin \u00e7ocuk \u00fcrolojisi uzmanlar\u0131 Bilge ve Ali Sezer, hastay\u0131 yormamak i\u00e7in birlikte ameliyathaneye girdi.<\/p>\n<h3>B\u00f6brek sa\u011fl\u0131\u011f\u0131 i\u00e7in bir an \u00f6nce m\u00fcdahale edilmesi gerekiyordu<\/h3>\n<p>Yapt\u0131klar\u0131 m\u00fcdahaleyle olas\u0131 b\u00f6brek yetmezli\u011finin de \u00f6n\u00fcne ge\u00e7en doktor \u00e7iftten Bilge T\u00fcredi Sezer, AA muhabirine, Esmanur&#8217;un ciddi ek hastal\u0131klar\u0131 nedeniyle Ankara&#8217;da takip edildi\u011fini, her iki b\u00f6bre\u011fi ve idrar kanallar\u0131nda \u00e7ok say\u0131da ta\u015f tespit edilince Konya&#8217;ya y\u00f6nlendirildi\u011fini s\u00f6yledi.<\/p>\n<p><img decoding=\"async\" alt=\"\" src=\"https:\/\/www.aa.com.tr\/uploads\/userFiles\/4f62407a-abf2-4464-9690-b6acbca575b5\/07_2024%2F03_MAYIS%2F20240525_2_64016961_101282265.jpg\"\/><\/p>\n<p>Esmanur&#8217;un akci\u011fer yetmezli\u011fi nedeniyle genel anestezi a\u00e7\u0131s\u0131ndan y\u00fcksek riskli bir hasta oldu\u011funu vurgulayan Sezer, &#8220;Anestezi ihtiyac\u0131n\u0131 azaltmak i\u00e7in tek seansta iki b\u00f6bre\u011fine de m\u00fcdahale etme karar\u0131 ald\u0131k. B\u00f6brek ta\u015flar\u0131 ila\u00e7 tedavisinin m\u00fcmk\u00fcn oldu\u011fu bir durumda de\u011fildi. \u00c7ok say\u0131da ve b\u00fcy\u00fck boyutta ta\u015f vard\u0131. \u0130ki b\u00f6brekte de olmas\u0131 nedeniyle b\u00f6brek yetmezli\u011fi riski a\u00e7\u0131s\u0131ndan bir an \u00f6nce m\u00fcdahale etmemiz gerekiyordu. Esmanur gibi ciddi ek hastal\u0131\u011f\u0131 olan ve \u00f6zellikli hastalar\u0131 e\u015fimle birlikte de\u011ferlendirip operasyonlara birlikte giriyoruz.&#8221; diye konu\u015ftu.<\/p>\n<h3>&#8220;Bu normalde iki ayr\u0131 ameliyat, iki ayr\u0131 seansta yap\u0131lan bir cerrahi&#8221;<\/h3>\n<p>Doktor Ali Sezer de Esmanur&#8217;un sa\u011fl\u0131\u011f\u0131 i\u00e7in zaman kaybetmek istemediklerini belirterek, operasyonla ilgili \u015funlar\u0131 payla\u015ft\u0131:<\/p>\n<p>&#8220;\u0130drar yolundan sol b\u00f6bre\u011fe Bilge Han\u0131m m\u00fcdahale ederken ben de e\u015f zamanl\u0131 olarak sa\u011f b\u00f6bre\u011fine s\u0131rttan girerek lazerle ta\u015f k\u0131rma i\u015flemi yapt\u0131m. Bu normalde iki ayr\u0131 ameliyat, iki ayr\u0131 seansta ve hasta y\u00fcz\u00fcst\u00fc yatar pozisyondayken yap\u0131lan bir cerrahi. Ancak Esmanur&#8217;un \u00f6zel durumundan dolay\u0131 anestezi ekibimizle de konu\u015farak s\u0131rt\u0131ndan uyu\u015fturarak, b\u00fct\u00fcn v\u00fccudu uyutmadan, ameliyat s\u0131ras\u0131nda bizimle konu\u015fabilecek \u015fekilde s\u0131rt\u00fcst\u00fc yatar pozisyonda ameliyat\u0131n\u0131 ger\u00e7ekle\u015ftirmi\u015f olduk. Bu pozisyon sayesinde ayn\u0131 anda iki b\u00f6bre\u011fe de m\u00fcdahalede bulunabildik. Ameliyat yakla\u015f\u0131k 1,5 saat s\u00fcrd\u00fc. Esmanur, ameliyattan hemen sonra normal haline d\u00f6nd\u00fc.&#8221;<\/p>\n<h3>&#8220;\u015eu an doktorlar\u0131m\u0131z sayesinde b\u00f6brek sorunum yok, kendimi iyi hissediyorum&#8221;<\/h3>\n<p>Oksijen t\u00fcp\u00fcyle ya\u015fam\u0131n\u0131 s\u00fcrd\u00fcren Esmanur K\u0131rmaz da yakla\u015f\u0131k 2 y\u0131l \u00f6nce s\u00fcrekli nefes darl\u0131\u011f\u0131 \u00e7ekmeye ba\u015flad\u0131\u011f\u0131n\u0131, merdivenlerden \u00e7\u0131kamad\u0131\u011f\u0131n\u0131, y\u00fcr\u00fcy\u00fcp ko\u015famad\u0131\u011f\u0131n\u0131 dile getirdi.<\/p>\n<p><img decoding=\"async\" alt=\"\" src=\"https:\/\/www.aa.com.tr\/uploads\/userFiles\/4f62407a-abf2-4464-9690-b6acbca575b5\/07_2024%2F03_MAYIS%2F20240525_2_64016961_101282266.jpg\"\/><\/p>\n<p>Gittikleri hastanede akci\u011fer yetmezli\u011fi te\u015fhisi konuldu\u011funu aktaran K\u0131rmaz, &#8220;7 ayd\u0131r oksijen t\u00fcp\u00fcyle ya\u015f\u0131yorum. \u015eu an doktorlar\u0131m\u0131z sayesinde b\u00f6brek sorunum yok, kendimi iyi hissediyorum. Sa\u011fl\u0131\u011f\u0131ma kavu\u015fmam i\u00e7in akci\u011fer nakli bekliyorum.&#8221; ifadesini kulland\u0131.<\/p>\n<p>Baba Ahmet K\u0131rmaz, k\u0131z\u0131n\u0131n zor bir b\u00f6brek ameliyat\u0131 ge\u00e7irdi\u011fini, akci\u011fer nakliyle de y\u00fczlerinin g\u00fclece\u011fini kaydetti.<\/p>\n<p>                            <span class=\"detay-foto-editor\">&#13;<br \/>\n                                <a href=\"https:\/\/www.aa.com.tr\/tr\/p\/abonelik-talep-formu\/1001\" target=\"_blank\" style=\"font-size:12px; color:#444; text-decoration:none;\" rel=\"noopener\">&#13;<br \/>\n                                    Anadolu Ajans\u0131 web sitesinde, AA Haber Ak\u0131\u015f Sistemi (HAS) \u00fczerinden abonelere sunulan haberler, \u00f6zetlenerek yay\u0131mlanmaktad\u0131r. <b style=\"color:#1897F7\">Abonelik i\u00e7in l\u00fctfen ileti\u015fime ge\u00e7iniz.<\/b>&#13;<br \/>\n                                <\/a>&#13;<br \/>\n                            <\/span>\n                        <\/div>\n<p><script>\n\t  window.fbAsyncInit = function() {\n\t\tFB.init({\n\t\t  appId: '1855843514662870',\n\t\t  status : true, \/\/ check login status\n\t\t  cookie : true, \/\/ enable cookies to allow the server to access the session\n\t\t  xfbml  : true  \/\/ parse XFBML\n\t\t});\n\t  };<\/p>\n<p>\t  (function() {\n\t\tvar e = document.createElement('script');\n\t\te.src=\"https:\/\/connect.facebook.net\/tr_TR\/all.js\";\n\t\te.async = true;\n\t\tdocument.getElementById('fb-root').appendChild(e);\n\t  }());\n    <\/script><\/p>\n","protected":false},"excerpt":{"rendered":"<p>Do\u011fu\u015ftan Akdeniz anemisi nedeniyle 10 y\u0131l \u00f6nce ablas\u0131ndan al\u0131nan ilikle hayata tutunan 17 ya\u015f\u0131ndaki K\u0131rmaz, akci\u011fer yetmezli\u011fi nedeniyle tedavi g\u00f6rd\u00fc\u011f\u00fc Ankara&#8217;da nakil listesine al\u0131nd\u0131. Tetkiklerinde her iki b\u00f6bre\u011finde de \u00e7ok say\u0131da ta\u015f tespit edilen K\u0131rmaz, Konya \u015eehir Hastanesine y\u00f6nlendirildi. Hastanenin \u00e7ocuk \u00fcrolojisi uzmanlar\u0131 Bilge ve Ali Sezer, hastay\u0131 yormamak i\u00e7in birlikte ameliyathaneye girdi. B\u00f6brek sa\u011fl\u0131\u011f\u0131 [&hellip;]<\/p>\n","protected":false},"author":1,"featured_media":27350,"comment_status":"","ping_status":"","sticky":false,"template":"","format":"standard","meta":[],"categories":[46],"tags":[],"_links":{"self":[{"href":"https:\/\/kraios.app\/news\/wp-json\/wp\/v2\/posts\/27349"}],"collection":[{"href":"https:\/\/kraios.app\/news\/wp-json\/wp\/v2\/posts"}],"about":[{"href":"https:\/\/kraios.app\/news\/wp-json\/wp\/v2\/types\/post"}],"author":[{"embeddable":true,"href":"https:\/\/kraios.app\/news\/wp-json\/wp\/v2\/users\/1"}],"replies":[{"embeddable":true,"href":"https:\/\/kraios.app\/news\/wp-json\/wp\/v2\/comments?post=27349"}],"version-history":[{"count":0,"href":"https:\/\/kraios.app\/news\/wp-json\/wp\/v2\/posts\/27349\/revisions"}],"wp:featuredmedia":[{"embeddable":true,"href":"https:\/\/kraios.app\/news\/wp-json\/wp\/v2\/media\/27350"}],"wp:attachment":[{"href":"https:\/\/kraios.app\/news\/wp-json\/wp\/v2\/media?parent=27349"}],"wp:term":[{"taxonomy":"category","embeddable":true,"href":"https:\/\/kraios.app\/news\/wp-json\/wp\/v2\/categories?post=27349"},{"taxonomy":"post_tag","embeddable":true,"href":"https:\/\/kraios.app\/news\/wp-json\/wp\/v2\/tags?post=27349"}],"curies":[{"name":"wp","href":"https:\/\/api.w.org\/{rel}","templated":true}]}}