{"id":26661,"date":"2024-03-09T17:30:41","date_gmt":"2024-03-09T17:30:41","guid":{"rendered":"https:\/\/kraios.app\/news\/saglik\/2024\/03\/09\/turkiyenin-saglik-sisteminin-altyapisi-dunyaya-ornek-oldu\/"},"modified":"2024-03-09T17:30:41","modified_gmt":"2024-03-09T17:30:41","slug":"turkiyenin-saglik-sisteminin-altyapisi-dunyaya-ornek-oldu","status":"publish","type":"post","link":"https:\/\/kraios.app\/news\/saglik\/2024\/03\/09\/turkiyenin-saglik-sisteminin-altyapisi-dunyaya-ornek-oldu\/","title":{"rendered":"T\u00fcrkiye&#8217;nin sa\u011fl\u0131k sisteminin altyap\u0131s\u0131 d\u00fcnyaya \u00f6rnek oldu"},"content":{"rendered":"<p><\/p>\n<div>\n<p>Koca, il\u00e7ede ilk olarak partisinin se\u00e7im stand\u0131n\u0131 ziyaret etti, burada vatanda\u015flarla sohbet etti.<\/p>\n<p>Ard\u0131ndan 8 Mart D\u00fcnya Kad\u0131nlar G\u00fcn\u00fc dolay\u0131s\u0131yla yap\u0131lan Kad\u0131n ve Ya\u015fam Festivali&#8217;ni ziyaret eden Koca, yapt\u0131\u011f\u0131 konu\u015fmas\u0131nda, T\u00fcrkiye&#8217;nin iki y\u0131ll\u0131k pandemi s\u00fcrecinde sa\u011fl\u0131k sisteminin s\u0131nav\u0131n\u0131 ge\u00e7ti\u011fini ve \u00fclkenin sa\u011fl\u0131k sisteminin altyap\u0131s\u0131n\u0131n d\u00fcnyaya \u00f6rnek oldu\u011funu s\u00f6yledi.<\/p>\n<p><img decoding=\"async\" alt=\"\" src=\"https:\/\/www.aa.com.tr\/uploads\/userFiles\/c9f1ae26-3cf3-4ab4-9d72-230dedd01a4c\/20240309_2_62925640_98607065.jpg\"\/><\/p>\n<p>Pendik&#8217;teki sa\u011fl\u0131k altyap\u0131s\u0131n\u0131n yetersiz oldu\u011funu ifade eden Koca, &#8220;\u0130ki y\u0131la yak\u0131n bir zaman diliminde \u0131srarla dar olan devlet hastanesinin, 5-6 d\u00f6n\u00fcml\u00fck yan\u0131ndaki otopark\u0131n oldu\u011fu yerin geni\u015fletilerek hizmet verilmesi talebi yo\u011fundur. Ben de \u0131srarla geli\u015fen bir il\u00e7emiz oldu\u011funu ve sa\u011fl\u0131k hizmetine eri\u015fim anlam\u0131nda uzun vadede sorunlar\u0131n daha ciddi ya\u015fanabilece\u011fi i\u00e7in daha b\u00fcy\u00fck bir hastanenin vatanda\u015f\u0131n da kolay eri\u015febilece\u011fi bir lokasyonda olmas\u0131nda \u0131srar ettim. Tabii Pendik&#8217;te bo\u015f alan yok. Kamunun alan\u0131 yok. Hatta periferili olsa, gerekti\u011finde kamula\u015ft\u0131rmaya da raz\u0131yd\u0131k. Ona ra\u011fmen bulamad\u0131k.&#8221; diye konu\u015ftu.<\/p>\n<p><img decoding=\"async\" alt=\"\" src=\"https:\/\/www.aa.com.tr\/uploads\/userFiles\/c9f1ae26-3cf3-4ab4-9d72-230dedd01a4c\/20240309_2_62925640_98607066.jpg\"\/><\/p>\n<p>Koca, s\u00f6zlerine \u015f\u00f6yle devam etti:<\/p>\n<p>&#8220;En sonunda \u0131srarla Tar\u0131m Bakanl\u0131\u011f\u0131na ait sahile yak\u0131n olan Bat\u0131 Mahallesi&#8217;ndeki arazinin alt k\u0131sm\u0131n\u0131 daha \u00f6nceki Bakan\u0131m\u0131z Vahit Bey&#8217;den istedim. Dediler ki, &#8216;Biz alt k\u0131sm\u0131n\u0131 vermek istemiyoruz. \u00dcst\u00fc verebiliriz.&#8217; Eyvallah \u00fcst k\u0131s\u0131mdan da raz\u0131 olal\u0131m dedik. \u00dcst k\u0131sm\u0131yla ilgili de var olan binan\u0131n birtak\u0131m sorunlar\u0131 nedeniyle biti\u015fi\u011finde belediyenin de k\u00fc\u00e7\u00fck alan\u0131 vard\u0131. Bu alan\u0131 \u00f6nce Sa\u011fl\u0131k Bakanl\u0131\u011f\u0131m\u0131za Say\u0131n Ba\u015fkan\u0131m\u0131z kullan\u0131m\u0131n\u0131 vermi\u015f oldu. En son iki g\u00fcn \u00f6nce yeni Tar\u0131m Bakan\u0131m\u0131z \u0130brahim Bey&#8217;in bu noktadaki \u00e7abas\u0131yla o arazide karar k\u0131l\u0131nd\u0131. S\u00f6zle\u015fme yap\u0131larak o arazi Bakanl\u0131\u011f\u0131m\u0131za ge\u00e7mi\u015f oldu.&#8221;<\/p>\n<p><img decoding=\"async\" alt=\"\" src=\"https:\/\/www.aa.com.tr\/uploads\/userFiles\/c9f1ae26-3cf3-4ab4-9d72-230dedd01a4c\/20240309_2_62925640_98607075.jpg\"\/><\/p>\n<p>Araziye yo\u011fun bak\u0131mla birlikte 600 yatakl\u0131 hastane yap\u0131laca\u011f\u0131n\u0131 belirten Koca, birimlerini projelendirerek e\u011fitim ara\u015ft\u0131rma hastanesi fonksiyonunda hizmet verilmesi gerekti\u011fini ve sahile yak\u0131n oldu\u011fu i\u00e7in felaket durumunda b\u00fct\u00fcn birimleriyle \u00fc\u00e7\u00fcnc\u00fc basamak hizmeti verebilir bir hastane olmas\u0131n\u0131 planlad\u0131klar\u0131n\u0131 anlatt\u0131.<\/p>\n<p>Koca, yerel se\u00e7imlere de de\u011finerek 31 Mart Mahalli \u0130dareler Se\u00e7imleri&#8217;nin siyasi polemikler yerine eser ve hizmetin ihya edildi\u011fi g\u00fcn olaca\u011f\u0131na dikkati \u00e7ekerek, \u015funlar\u0131 kaydetti:<\/p>\n<p>\u0130stanbul ve Pendik&#8217;in ihya edildi\u011fi g\u00fcn olacak. \u0130stanbul i\u00e7in \u0130stanbul&#8217;un murad\u0131na kavu\u015faca\u011f\u0131n\u0131, verece\u011fimiz kararlar\u0131n kendisine hizmetin \u00f6n\u00fcn\u00fc a\u00e7aca\u011f\u0131ndan eminim. Bundan bir \u015f\u00fcphem yok. Be\u015f y\u0131l boyunca kabinede birlikte yol ald\u0131k, arkada\u015fl\u0131k yapt\u0131k. Nas\u0131l hizmet yapabildi\u011fini ve yapt\u0131\u011f\u0131na Elaz\u0131\u011f, Hatay, Van ve \u0130zmir&#8217;de \u015fahidim. Dolay\u0131s\u0131yla ben \u0130stanbul&#8217;u ihyas\u0131nda \u00f6nemli hizmetlerini olaca\u011f\u0131na inan\u0131yorum. 31 Mart T\u00fcrkiye Y\u00fczy\u0131l\u0131 i\u00e7in ben de var\u0131m dedi\u011fimiz g\u00fcn\u00fcn ad\u0131d\u0131r.&#8221;<\/p>\n<p>Konu\u015fmas\u0131ndan sonra Gazi Pa\u015fa Caddesi&#8217;ndeki esnaf\u0131 da ziyaret eden Koca, ard\u0131ndan \u00c7ar\u015f\u0131 Camii&#8217;nde namaz k\u0131ld\u0131.<\/p>\n<p>Bakan Koca&#8217;ya Pendik Belediye Ba\u015fkan\u0131 Ahmet Cin de e\u015flik etti.<\/p>\n<p>                            <span class=\"detay-foto-editor\">&#13;<br \/>\n                                <a href=\"https:\/\/www.aa.com.tr\/tr\/p\/abonelik-talep-formu\/1001\" target=\"_blank\" style=\"font-size:12px; color:#444; text-decoration:none;\" rel=\"noopener\">&#13;<br \/>\n                                    Anadolu Ajans\u0131 web sitesinde, AA Haber Ak\u0131\u015f Sistemi (HAS) \u00fczerinden abonelere sunulan haberler, \u00f6zetlenerek yay\u0131mlanmaktad\u0131r. <b style=\"color:#1897F7\">Abonelik i\u00e7in l\u00fctfen ileti\u015fime ge\u00e7iniz.<\/b>&#13;<br \/>\n                                <\/a>&#13;<br \/>\n                            <\/span>\n                        <\/div>\n<p><script>\n\t  window.fbAsyncInit = function() {\n\t\tFB.init({\n\t\t  appId: '1855843514662870',\n\t\t  status : true, \/\/ check login status\n\t\t  cookie : true, \/\/ enable cookies to allow the server to access the session\n\t\t  xfbml  : true  \/\/ parse XFBML\n\t\t});\n\t  };<\/p>\n<p>\t  (function() {\n\t\tvar e = document.createElement('script');\n\t\te.src=\"https:\/\/connect.facebook.net\/tr_TR\/all.js\";\n\t\te.async = true;\n\t\tdocument.getElementById('fb-root').appendChild(e);\n\t  }());\n    <\/script><\/p>\n","protected":false},"excerpt":{"rendered":"<p>Koca, il\u00e7ede ilk olarak partisinin se\u00e7im stand\u0131n\u0131 ziyaret etti, burada vatanda\u015flarla sohbet etti. Ard\u0131ndan 8 Mart D\u00fcnya Kad\u0131nlar G\u00fcn\u00fc dolay\u0131s\u0131yla yap\u0131lan Kad\u0131n ve Ya\u015fam Festivali&#8217;ni ziyaret eden Koca, yapt\u0131\u011f\u0131 konu\u015fmas\u0131nda, T\u00fcrkiye&#8217;nin iki y\u0131ll\u0131k pandemi s\u00fcrecinde sa\u011fl\u0131k sisteminin s\u0131nav\u0131n\u0131 ge\u00e7ti\u011fini ve \u00fclkenin sa\u011fl\u0131k sisteminin altyap\u0131s\u0131n\u0131n d\u00fcnyaya \u00f6rnek oldu\u011funu s\u00f6yledi. Pendik&#8217;teki sa\u011fl\u0131k altyap\u0131s\u0131n\u0131n yetersiz oldu\u011funu ifade eden [&hellip;]<\/p>\n","protected":false},"author":1,"featured_media":26662,"comment_status":"","ping_status":"","sticky":false,"template":"","format":"standard","meta":[],"categories":[46],"tags":[],"_links":{"self":[{"href":"https:\/\/kraios.app\/news\/wp-json\/wp\/v2\/posts\/26661"}],"collection":[{"href":"https:\/\/kraios.app\/news\/wp-json\/wp\/v2\/posts"}],"about":[{"href":"https:\/\/kraios.app\/news\/wp-json\/wp\/v2\/types\/post"}],"author":[{"embeddable":true,"href":"https:\/\/kraios.app\/news\/wp-json\/wp\/v2\/users\/1"}],"replies":[{"embeddable":true,"href":"https:\/\/kraios.app\/news\/wp-json\/wp\/v2\/comments?post=26661"}],"version-history":[{"count":0,"href":"https:\/\/kraios.app\/news\/wp-json\/wp\/v2\/posts\/26661\/revisions"}],"wp:featuredmedia":[{"embeddable":true,"href":"https:\/\/kraios.app\/news\/wp-json\/wp\/v2\/media\/26662"}],"wp:attachment":[{"href":"https:\/\/kraios.app\/news\/wp-json\/wp\/v2\/media?parent=26661"}],"wp:term":[{"taxonomy":"category","embeddable":true,"href":"https:\/\/kraios.app\/news\/wp-json\/wp\/v2\/categories?post=26661"},{"taxonomy":"post_tag","embeddable":true,"href":"https:\/\/kraios.app\/news\/wp-json\/wp\/v2\/tags?post=26661"}],"curies":[{"name":"wp","href":"https:\/\/api.w.org\/{rel}","templated":true}]}}