{"id":25636,"date":"2024-01-25T12:12:41","date_gmt":"2024-01-25T12:12:41","guid":{"rendered":"https:\/\/kraios.app\/news\/saglik\/2024\/01\/25\/gazzede-saldirilarda-olenlerin-rastgele-defni-nedeniyle-salgin-hastaliklarin-yayilmasi-endisesi\/"},"modified":"2024-01-25T12:12:41","modified_gmt":"2024-01-25T12:12:41","slug":"gazzede-saldirilarda-olenlerin-rastgele-defni-nedeniyle-salgin-hastaliklarin-yayilmasi-endisesi","status":"publish","type":"post","link":"https:\/\/kraios.app\/news\/saglik\/2024\/01\/25\/gazzede-saldirilarda-olenlerin-rastgele-defni-nedeniyle-salgin-hastaliklarin-yayilmasi-endisesi\/","title":{"rendered":"Gazze&#8217;de sald\u0131r\u0131larda \u00f6lenlerin rastgele defni nedeniyle salg\u0131n hastal\u0131klar\u0131n yay\u0131lmas\u0131 endi\u015fesi"},"content":{"rendered":"<p><\/p>\n<div>\n<p>AA muhabirine konu\u015fan Filistinliler, mezarlar\u0131n hijyen kurallar\u0131na ve usule uygun \u015fekilde olu\u015fturulmad\u0131\u011f\u0131n\u0131, bunun da yak\u0131n zamanda salg\u0131n hastal\u0131klar\u0131n habercisi olaca\u011f\u0131n\u0131 ifade ediyor.<\/p>\n<blockquote class=\"twitter-tweet\">\n<p dir=\"ltr\" lang=\"tr\">Gazze \u015eeridi&#8217;nin kuzeyindeki Filistinliler, \u0130srail sald\u0131r\u0131lar\u0131nda \u00f6ld\u00fcr\u00fclenlerin ya\u015fam alanlar\u0131n\u0131n yak\u0131n\u0131nda rastgele g\u00f6m\u00fcld\u00fc\u011f\u00fcn\u00fc belirterek, bu nedenle b\u00f6lgede salg\u0131n hastal\u0131klar\u0131n yay\u0131lmas\u0131ndan endi\u015fe ediyor<\/p>\n<p>AA Muhabiri Remzi Mahmud b\u00f6lgeden detaylar\u0131 aktard\u0131\u2026 <a href=\"https:\/\/t.co\/iEVVd4q7mn\">pic.twitter.com\/iEVVd4q7mn<\/a><\/p>\n<p>\u2014 Anadolu Ajans\u0131 (@anadoluajansi) <a href=\"https:\/\/twitter.com\/anadoluajansi\/status\/1750268733694587147?ref_src=twsrc%5Etfw\">January 24, 2024<\/a><\/p><\/blockquote>\n<p>Filistinli Raid Dayfullah, Gazze&#8217;de bireysel ya da toplu olarak rastgele mezarlar a\u00e7man\u0131n s\u0131radan durum haline geldi\u011fini s\u00f6yledi.<\/p>\n<p>&#8220;Cenazeler, sokaklara, s\u0131\u011f\u0131nma merkezlerine, caddelere defnediliyor. \u00c7\u00fcnk\u00fc insanlar mezarl\u0131klara gidemiyor. \u0130nsanlar, \u0130srail askerlerinin hedefi olmaktan korktuklar\u0131 i\u00e7in fazla hareket edemiyorlar.&#8221; diyen Dayfullah, onun d\u0131\u015f\u0131nda \u0130srail&#8217;in mezarl\u0131klar\u0131 da kazd\u0131\u011f\u0131n\u0131 ve tahrip etti\u011fini kaydetti.<\/p>\n<p>Dayfullah, Gazze&#8217;de g\u00fcvenli hi\u00e7bir yerin olmad\u0131\u011f\u0131n\u0131, kad\u0131n, \u00e7ocuk, ya\u015fl\u0131 herkesin hedef al\u0131nd\u0131\u011f\u0131n\u0131 vurgulad\u0131.<\/p>\n<h3>&#8220;Burada hayat yok&#8221;<\/h3>\n<p>Cibaliye M\u00fclteci Kamp\u0131&#8217;ndaki Yemen es-Said Hastanesinin bah\u00e7esindeki babas\u0131n\u0131n kabri ba\u015f\u0131nda oturan Seha Nasir de &#8220;Babam s\u0131\u011f\u0131nma merkezi ve s\u00f6zde g\u00fcvenli olarak belirlenen bir okuldayken \u00fczerine bir f\u00fcze isabet etti ve orada \u015fehit oldu. Halbuki, Beyt Hanun beldesindeki evini terk ederek s\u0131\u011f\u0131nma merkezine gelmi\u015fti. \u0130srail babam\u0131 g\u00fcvenli yerde hedef alarak \u00f6ld\u00fcrd\u00fc.&#8221; diye konu\u015ftu.<\/p>\n<p>Babas\u0131n\u0131n naa\u015f\u0131n\u0131, \u0130srail&#8217;in yo\u011fun bombard\u0131man\u0131 ve devaml\u0131 olarak sivilleri hedef almas\u0131 nedeniyle mezarl\u0131\u011fa g\u00f6t\u00fcremediklerini aktaran Nasir, hastane d\u0131\u015f\u0131nda onu defnedecek bir yer bulamad\u0131klar\u0131n\u0131 anlatt\u0131.<\/p>\n<p>Nasir Gazze&#8217;nin kuzeyindeki ya\u015famla ilgili olarak da &#8220;\u00d6zellikle yiyecek, i\u00e7ecek, s\u0131cak veya g\u00fcvenli yer eksikli\u011fi nedeniyle kuzeyde ya\u015fam bi\u00e7imi yok. Biz de \u00f6ld\u00fck ama hayatta kalarak kendimizi teselli etmeye \u00e7al\u0131\u015f\u0131yoruz.&#8221; ifadelerini kulland\u0131.<\/p>\n<h3>Salg\u0131n hastal\u0131klar\u0131n yay\u0131lmas\u0131<\/h3>\n<p>Yemen es-Said Hastanesinden yerinden edilen ki\u015filer de \u00f6l\u00fclerin geli\u015fig\u00fczel ve sa\u011fl\u0131k standartlar\u0131na uygun olmayan \u015fekilde defnedilmesi nedeniyle b\u00f6lgede salg\u0131n hastal\u0131klar\u0131n yay\u0131lmas\u0131ndan korktuklar\u0131n\u0131 dile getirdi.<\/p>\n<p>Filistinliler, sa\u011fl\u0131k ve ya\u015fam ko\u015fullar\u0131n\u0131n \u00e7ok k\u00f6t\u00fc oldu\u011funu, geli\u015fig\u00fczel defnedilen cesetlerin \u00e7\u00fcr\u00fcmesiyle durumun daha da k\u00f6t\u00fcle\u015fece\u011finden endi\u015fe edildi\u011fini s\u00f6yledi.<\/p>\n<p>Temizlik i\u00e7in gerekli su s\u0131k\u0131nt\u0131s\u0131n\u0131n yan\u0131 s\u0131ra ki\u015fisel hijyen malzemelerinin de bulunmamas\u0131 nedeniyle b\u00f6lgede k\u00f6t\u00fc kokular\u0131n yay\u0131ld\u0131\u011f\u0131n\u0131 belirten Gazzeliler, y\u0131k\u0131lan evlerin enkaz\u0131 alt\u0131nda kay\u0131p cesetlerin varl\u0131\u011f\u0131 nedeniyle bu salg\u0131nlar\u0131n yay\u0131lmas\u0131 ihtimalinin artt\u0131\u011f\u0131n\u0131 ifade etti.<\/p>\n<p>Filistinliler, g\u0131da eksikli\u011fi nedeniyle hastal\u0131klara yakalanma ve yay\u0131lma olas\u0131l\u0131\u011f\u0131n\u0131n artt\u0131\u011f\u0131n\u0131 vurgulayarak, bunun da Gazze merkezi ve kuzey kentlerinde ya\u015fayanlar\u0131n ba\u011f\u0131\u015f\u0131kl\u0131klar\u0131n\u0131n zay\u0131flamas\u0131na neden oldu\u011funu kaydetti.<\/p>\n<p>D\u00fcnya Sa\u011fl\u0131k \u00d6rg\u00fct\u00fc ve uluslararas\u0131 kurumlar, \u0130srail sald\u0131r\u0131lar\u0131n\u0131n devam etmesi, insani yard\u0131m ve sa\u011fl\u0131k malzemelerine eri\u015fimin k\u0131s\u0131tlanmas\u0131 nedeniyle salg\u0131n hastal\u0131klar\u0131n Gazze \u015eeridi&#8217;nin farkl\u0131 b\u00f6lgelerine yay\u0131lma olas\u0131l\u0131\u011f\u0131 konusunda defalarca uyarm\u0131\u015ft\u0131.<\/p>\n<p>Birle\u015fmi\u015f Milletler Yak\u0131n Do\u011fu&#8217;daki Filistinli M\u00fcltecilere Yard\u0131m ve Bay\u0131nd\u0131rl\u0131k Ajans\u0131 (UNRWA) da daha \u00f6nce &#8220;Gazze&#8217;de ba\u011f\u0131rsak hastal\u0131klar\u0131n\u0131n \u00f6ncekine g\u00f6re 4 kat, cilt hastal\u0131klar\u0131n\u0131n ise 3 kat daha fazla artt\u0131\u011f\u0131&#8221; ikaz\u0131nda bulunmu\u015ftu.<\/p>\n<p>UNRWA, hepatit t\u00fcrlerinin yan\u0131 s\u0131ra kolera gibi salg\u0131n hastal\u0131klar\u0131n da b\u00f6lgede yay\u0131ld\u0131\u011f\u0131na ili\u015fkin baz\u0131 raporlar\u0131n oldu\u011funu do\u011frulam\u0131\u015ft\u0131.<\/p>\n<p>UNRWA Gazze Direkt\u00f6r\u00fc Thomas White, d\u00fcn BBC&#8217;ye yapt\u0131\u011f\u0131 a\u00e7\u0131klamada, UNRWA&#8217;n\u0131n Filistin b\u00f6lgesindeki okullar\u0131ndan birinde hepatit A salg\u0131n\u0131na tan\u0131k olundu\u011funu aktarm\u0131\u015ft\u0131.<\/p>\n<p>                            <span class=\"detay-foto-editor\">&#13;<br \/>\n                                <a href=\"https:\/\/www.aa.com.tr\/tr\/p\/abonelik-talep-formu\/1001\" target=\"_blank\" style=\"font-size:12px; color:#444; text-decoration:none;\" rel=\"noopener\">&#13;<br \/>\n                                    Anadolu Ajans\u0131 web sitesinde, AA Haber Ak\u0131\u015f Sistemi (HAS) \u00fczerinden abonelere sunulan haberler, \u00f6zetlenerek yay\u0131mlanmaktad\u0131r. <b style=\"color:#1897F7\">Abonelik i\u00e7in l\u00fctfen ileti\u015fime ge\u00e7iniz.<\/b>&#13;<br \/>\n                                <\/a>&#13;<br \/>\n                            <\/span>\n                        <\/div>\n<p><script async src=\"\/\/platform.twitter.com\/widgets.js\" charset=\"utf-8\"><\/script><script>\n\t  window.fbAsyncInit = function() {\n\t\tFB.init({\n\t\t  appId: '1855843514662870',\n\t\t  status : true, \/\/ check login status\n\t\t  cookie : true, \/\/ enable cookies to allow the server to access the session\n\t\t  xfbml  : true  \/\/ parse XFBML\n\t\t});\n\t  };<\/p>\n<p>\t  (function() {\n\t\tvar e = document.createElement('script');\n\t\te.src=\"https:\/\/connect.facebook.net\/tr_TR\/all.js\";\n\t\te.async = true;\n\t\tdocument.getElementById('fb-root').appendChild(e);\n\t  }());\n    <\/script><\/p>\n","protected":false},"excerpt":{"rendered":"<p>AA muhabirine konu\u015fan Filistinliler, mezarlar\u0131n hijyen kurallar\u0131na ve usule uygun \u015fekilde olu\u015fturulmad\u0131\u011f\u0131n\u0131, bunun da yak\u0131n zamanda salg\u0131n hastal\u0131klar\u0131n habercisi olaca\u011f\u0131n\u0131 ifade ediyor. Gazze \u015eeridi&#8217;nin kuzeyindeki Filistinliler, \u0130srail sald\u0131r\u0131lar\u0131nda \u00f6ld\u00fcr\u00fclenlerin ya\u015fam alanlar\u0131n\u0131n yak\u0131n\u0131nda rastgele g\u00f6m\u00fcld\u00fc\u011f\u00fcn\u00fc belirterek, bu nedenle b\u00f6lgede salg\u0131n hastal\u0131klar\u0131n yay\u0131lmas\u0131ndan endi\u015fe ediyor AA Muhabiri Remzi Mahmud b\u00f6lgeden detaylar\u0131 aktard\u0131\u2026 pic.twitter.com\/iEVVd4q7mn \u2014 Anadolu Ajans\u0131 (@anadoluajansi) [&hellip;]<\/p>\n","protected":false},"author":1,"featured_media":25637,"comment_status":"","ping_status":"","sticky":false,"template":"","format":"standard","meta":[],"categories":[46],"tags":[],"_links":{"self":[{"href":"https:\/\/kraios.app\/news\/wp-json\/wp\/v2\/posts\/25636"}],"collection":[{"href":"https:\/\/kraios.app\/news\/wp-json\/wp\/v2\/posts"}],"about":[{"href":"https:\/\/kraios.app\/news\/wp-json\/wp\/v2\/types\/post"}],"author":[{"embeddable":true,"href":"https:\/\/kraios.app\/news\/wp-json\/wp\/v2\/users\/1"}],"replies":[{"embeddable":true,"href":"https:\/\/kraios.app\/news\/wp-json\/wp\/v2\/comments?post=25636"}],"version-history":[{"count":0,"href":"https:\/\/kraios.app\/news\/wp-json\/wp\/v2\/posts\/25636\/revisions"}],"wp:featuredmedia":[{"embeddable":true,"href":"https:\/\/kraios.app\/news\/wp-json\/wp\/v2\/media\/25637"}],"wp:attachment":[{"href":"https:\/\/kraios.app\/news\/wp-json\/wp\/v2\/media?parent=25636"}],"wp:term":[{"taxonomy":"category","embeddable":true,"href":"https:\/\/kraios.app\/news\/wp-json\/wp\/v2\/categories?post=25636"},{"taxonomy":"post_tag","embeddable":true,"href":"https:\/\/kraios.app\/news\/wp-json\/wp\/v2\/tags?post=25636"}],"curies":[{"name":"wp","href":"https:\/\/api.w.org\/{rel}","templated":true}]}}