{"id":25614,"date":"2024-01-24T06:26:39","date_gmt":"2024-01-24T06:26:39","guid":{"rendered":"https:\/\/kraios.app\/news\/saglik\/2024\/01\/24\/yemek-borusu-olusmadan-dogan-bebek-3-yil-sonra-agiz-yoluyla-beslenmeye-basladi\/"},"modified":"2024-01-24T06:26:39","modified_gmt":"2024-01-24T06:26:39","slug":"yemek-borusu-olusmadan-dogan-bebek-3-yil-sonra-agiz-yoluyla-beslenmeye-basladi","status":"publish","type":"post","link":"https:\/\/kraios.app\/news\/saglik\/2024\/01\/24\/yemek-borusu-olusmadan-dogan-bebek-3-yil-sonra-agiz-yoluyla-beslenmeye-basladi\/","title":{"rendered":"Yemek borusu olu\u015fmadan do\u011fan bebek, 3 y\u0131l sonra a\u011f\u0131z yoluyla beslenmeye ba\u015flad\u0131"},"content":{"rendered":"<p><\/p>\n<div>\n<p>Suriye&#8217;deki i\u00e7 sava\u015ftan ka\u00e7arak Denizli&#8217;ye yerle\u015fen Vahit-Melike \u0130brahim \u00e7iftinin 3 y\u0131l \u00f6nce Omar isimli bebekleri d\u00fcnyaya geldi.<\/p>\n<p>Do\u011fu\u015ftan yemek borusunun bir k\u0131sm\u0131n\u0131n olu\u015fmamas\u0131 \u015feklinde tan\u0131mlanan &#8220;\u00f6zofagus atrezisiyle&#8221; te\u015fhisi konulan bebek, \u0130zmir&#8217;deki Sa\u011fl\u0131k Bilimleri \u00dcniversitesi (SB\u00dc) Dr. Beh\u00e7et Uz \u00c7ocuk Hastal\u0131klar\u0131 ve Cerrahisi Hastanesine sevk edildi.<\/p>\n<p>SB\u00dc \u0130zmir T\u0131p Fak\u00fcltesi \u00c7ocuk Cerrahisi Ana Bilim Dal\u0131 Ba\u015fkan\u0131 Prof. Dr. Akg\u00fcn Oral taraf\u0131ndan muayene edilen bebek i\u00e7in hen\u00fcz 3 g\u00fcnl\u00fckken ameliyat karar\u0131 al\u0131nd\u0131.<\/p>\n<p><img decoding=\"async\" alt=\"\" src=\"https:\/\/www.aa.com.tr\/uploads\/userFiles\/88e4063b-7018-4331-b06e-f0cb513ac64c\/2024%2F01%2Fyemek23-1.jpg\"\/><\/p>\n<p>\u0130lk ameliyatta yemek borusu birle\u015ftirilmeye \u00e7al\u0131\u015f\u0131lan bebek, bir hafta sonra ger\u00e7ekle\u015ftirilen ikinci operasyonda ise midesine kar\u0131n duvar\u0131ndan bir t\u00fcp yerle\u015ftirilerek beslenmesi sa\u011fland\u0131.<\/p>\n<p>Ba\u015fka hastal\u0131klar nedeniyle tedavisine devam edilen Omar&#8217;\u0131n \u00fc\u00e7\u00fcnc\u00fc ameliyat\u0131, 2 hafta \u00f6nce Prof. Dr. Oral ve ekibi taraf\u0131ndan \u0130zmir \u015eehir Hastanesinde yap\u0131ld\u0131.<\/p>\n<p>Yeterli yemek borusu olmad\u0131\u011f\u0131 i\u00e7in mideyi g\u00f6\u011f\u00fcs kafesinin i\u00e7inden yukar\u0131ya \u00e7eken Oral, bebe\u011fin sa\u011flam yemek borusu par\u00e7as\u0131yla birbirine dikti.<\/p>\n<p>3 ya\u015f\u0131na kadar midesindeki t\u00fcpten \u015f\u0131r\u0131nga yard\u0131m\u0131yla beslenen Omar, ameliyat\u0131n ard\u0131ndan a\u011f\u0131z yoluyla ilk kez beslenmeye ba\u015flad\u0131.<\/p>\n<p><img decoding=\"async\" alt=\"\" src=\"https:\/\/admin.aa.com.tr\/uploads\/userFiles\/88e4063b-7018-4331-b06e-f0cb513ac64c\/2024%2F01%2Fyemek23-2.jpg\"\/><\/p>\n<h3>&#8220;Art\u0131k yedi\u011fi g\u0131dalar\u0131n tad\u0131n\u0131 alabiliyor&#8221;<\/h3>\n<p>SB\u00dc \u0130zmir T\u0131p Fak\u00fcltesi \u00c7ocuk Cerrahisi Ana Bilim Dal\u0131 Ba\u015fkan\u0131 Prof. Dr. Akg\u00fcn Oral, AA muhabirine, \u00f6zofagus atrezisiyle hastal\u0131\u011f\u0131n\u0131n 5 bin do\u011fumda bir rastlanan nadir bir hastal\u0131k oldu\u011funu s\u00f6yledi.<\/p>\n<p>\u00c7ocu\u011fun a\u011f\u0131zdan beslenerek ya\u015f\u0131tlar\u0131 gibi kilo almas\u0131 i\u00e7in ekibiyle 3 ameliyat planlad\u0131klar\u0131n\u0131 belirten Oral, &#8220;Midenin yemek borusu olarak kullan\u0131lmas\u0131 i\u00e7in g\u00f6\u011f\u00fcs kafesinin i\u00e7inden boyuna \u00e7\u0131kar\u0131lmas\u0131 ameliyat\u0131n\u0131 ger\u00e7ekle\u015ftirdik. Boyun k\u0131sm\u0131nda mevcut yemek borusuyla mideyi birle\u015ftirdik.&#8221; dedi.<\/p>\n<p>\u00c7ocu\u011fun zorlu bir tedavi s\u00fcreci ya\u015fad\u0131\u011f\u0131n\u0131 anlatan Oral, riskli ameliyatlara ra\u011fmen ailenin kendilerine \u00e7ok destek verdi\u011fini hat\u0131rlatt\u0131.<\/p>\n<p><img decoding=\"async\" alt=\"\" src=\"https:\/\/admin.aa.com.tr\/uploads\/userFiles\/88e4063b-7018-4331-b06e-f0cb513ac64c\/2024%2F01%2Fyemek23-3.jpg\"\/><\/p>\n<p>Tedavi s\u00fcrecinin sona erdi\u011fini dile getiren Oral, &#8220;Hepimiz \u00e7ocuklar\u0131m\u0131z\u0131n yedi\u011fi \u015feylerin tad\u0131n\u0131 almas\u0131n\u0131 isteriz. Hastam\u0131z i\u00e7in bu m\u00fcmk\u00fcn olmam\u0131\u015ft\u0131. Hastam\u0131z 3 ya\u015f\u0131nda ama bug\u00fcne kadar enjekt\u00f6rle midesine verilen besinlerle beslendi. Yedi\u011fi g\u0131dalar\u0131n tad\u0131n\u0131 almadan ya\u015fad\u0131. Art\u0131k ilk kez a\u011f\u0131z yoluyla beslenerek yedi\u011fi g\u0131dalar\u0131n tad\u0131n\u0131 alabiliyor. Bu bizim i\u00e7inde \u00e7ok b\u00fcy\u00fck bir mutluluk. Hastam\u0131za bunu sa\u011flayabildik. \u00c7ocu\u011fumuz taburcu olma a\u015famas\u0131na geldi.&#8221; diye konu\u015ftu.<\/p>\n<p>Baba Vahit \u0130brahim de \u00e7ocu\u011fu sa\u011fl\u0131\u011f\u0131na kavu\u015ftu\u011fu i\u00e7in mutlu oldu\u011funu s\u00f6yledi.<\/p>\n<p>Bebe\u011finin yemek borusunun bir k\u0131sm\u0131 olu\u015fmadan do\u011fdu\u011funu \u00f6\u011frendi\u011finde \u00e7ok korktu\u011funu anlatan baba \u0130brahim, &#8220;Prof. Dr. Akg\u00fcn Oral, \u00e7ocu\u011fuma 3 ameliyat yapt\u0131. O\u011flum sa\u011fl\u0131\u011f\u0131na kavu\u015ftu, su i\u00e7iyor, yo\u011furt, muhallebi yiyor. \u0130lk mama yedi\u011finde \u00e7ok mutlu oldu.&#8221; dedi.<\/p>\n<p>                            <span class=\"detay-foto-editor\">&#13;<br \/>\n                                <a href=\"https:\/\/www.aa.com.tr\/tr\/p\/abonelik-talep-formu\/1001\" target=\"_blank\" style=\"font-size:12px; color:#444; text-decoration:none;\" rel=\"noopener\">&#13;<br \/>\n                                    Anadolu Ajans\u0131 web sitesinde, AA Haber Ak\u0131\u015f Sistemi (HAS) \u00fczerinden abonelere sunulan haberler, \u00f6zetlenerek yay\u0131mlanmaktad\u0131r. <b style=\"color:#1897F7\">Abonelik i\u00e7in l\u00fctfen ileti\u015fime ge\u00e7iniz.<\/b>&#13;<br \/>\n                                <\/a>&#13;<br \/>\n                            <\/span>\n                        <\/div>\n<p><script>\n\t  window.fbAsyncInit = function() {\n\t\tFB.init({\n\t\t  appId: '1855843514662870',\n\t\t  status : true, \/\/ check login status\n\t\t  cookie : true, \/\/ enable cookies to allow the server to access the session\n\t\t  xfbml  : true  \/\/ parse XFBML\n\t\t});\n\t  };<\/p>\n<p>\t  (function() {\n\t\tvar e = document.createElement('script');\n\t\te.src=\"https:\/\/connect.facebook.net\/tr_TR\/all.js\";\n\t\te.async = true;\n\t\tdocument.getElementById('fb-root').appendChild(e);\n\t  }());\n    <\/script><\/p>\n","protected":false},"excerpt":{"rendered":"<p>Suriye&#8217;deki i\u00e7 sava\u015ftan ka\u00e7arak Denizli&#8217;ye yerle\u015fen Vahit-Melike \u0130brahim \u00e7iftinin 3 y\u0131l \u00f6nce Omar isimli bebekleri d\u00fcnyaya geldi. Do\u011fu\u015ftan yemek borusunun bir k\u0131sm\u0131n\u0131n olu\u015fmamas\u0131 \u015feklinde tan\u0131mlanan &#8220;\u00f6zofagus atrezisiyle&#8221; te\u015fhisi konulan bebek, \u0130zmir&#8217;deki Sa\u011fl\u0131k Bilimleri \u00dcniversitesi (SB\u00dc) Dr. Beh\u00e7et Uz \u00c7ocuk Hastal\u0131klar\u0131 ve Cerrahisi Hastanesine sevk edildi. SB\u00dc \u0130zmir T\u0131p Fak\u00fcltesi \u00c7ocuk Cerrahisi Ana Bilim Dal\u0131 Ba\u015fkan\u0131 [&hellip;]<\/p>\n","protected":false},"author":1,"featured_media":25615,"comment_status":"","ping_status":"","sticky":false,"template":"","format":"standard","meta":[],"categories":[46],"tags":[],"_links":{"self":[{"href":"https:\/\/kraios.app\/news\/wp-json\/wp\/v2\/posts\/25614"}],"collection":[{"href":"https:\/\/kraios.app\/news\/wp-json\/wp\/v2\/posts"}],"about":[{"href":"https:\/\/kraios.app\/news\/wp-json\/wp\/v2\/types\/post"}],"author":[{"embeddable":true,"href":"https:\/\/kraios.app\/news\/wp-json\/wp\/v2\/users\/1"}],"replies":[{"embeddable":true,"href":"https:\/\/kraios.app\/news\/wp-json\/wp\/v2\/comments?post=25614"}],"version-history":[{"count":0,"href":"https:\/\/kraios.app\/news\/wp-json\/wp\/v2\/posts\/25614\/revisions"}],"wp:featuredmedia":[{"embeddable":true,"href":"https:\/\/kraios.app\/news\/wp-json\/wp\/v2\/media\/25615"}],"wp:attachment":[{"href":"https:\/\/kraios.app\/news\/wp-json\/wp\/v2\/media?parent=25614"}],"wp:term":[{"taxonomy":"category","embeddable":true,"href":"https:\/\/kraios.app\/news\/wp-json\/wp\/v2\/categories?post=25614"},{"taxonomy":"post_tag","embeddable":true,"href":"https:\/\/kraios.app\/news\/wp-json\/wp\/v2\/tags?post=25614"}],"curies":[{"name":"wp","href":"https:\/\/api.w.org\/{rel}","templated":true}]}}