{"id":25592,"date":"2024-01-23T23:41:36","date_gmt":"2024-01-23T23:41:36","guid":{"rendered":"https:\/\/kraios.app\/news\/saglik\/2024\/01\/23\/mardinde-epilepsi-hastasi-cocuk-beynindeki-tumorden-5-saatlik-operasyonla-kurtuldu\/"},"modified":"2024-01-23T23:41:36","modified_gmt":"2024-01-23T23:41:36","slug":"mardinde-epilepsi-hastasi-cocuk-beynindeki-tumorden-5-saatlik-operasyonla-kurtuldu","status":"publish","type":"post","link":"https:\/\/kraios.app\/news\/saglik\/2024\/01\/23\/mardinde-epilepsi-hastasi-cocuk-beynindeki-tumorden-5-saatlik-operasyonla-kurtuldu\/","title":{"rendered":"Mardin&#039;de epilepsi hastas\u0131 \u00e7ocuk, beynindeki t\u00fcm\u00f6rden 5 saatlik operasyonla kurtuldu"},"content":{"rendered":"<p>Mardin&#8217;in Savur il\u00e7esinde ya\u015fayan epilepsi hastas\u0131 8 ya\u015f\u0131ndaki Esrin Tekin, beyninde tespit edilen kanserli t\u00fcm\u00f6rden 5 saatlik operasyonla kurtuldu.<\/p>\n","protected":false},"excerpt":{"rendered":"<p>Mardin&#8217;in Savur il\u00e7esinde ya\u015fayan epilepsi hastas\u0131 8 ya\u015f\u0131ndaki Esrin Tekin, beyninde tespit edilen kanserli t\u00fcm\u00f6rden 5 saatlik operasyonla kurtuldu.<\/p>\n","protected":false},"author":1,"featured_media":25593,"comment_status":"","ping_status":"","sticky":false,"template":"","format":"standard","meta":[],"categories":[46],"tags":[],"_links":{"self":[{"href":"https:\/\/kraios.app\/news\/wp-json\/wp\/v2\/posts\/25592"}],"collection":[{"href":"https:\/\/kraios.app\/news\/wp-json\/wp\/v2\/posts"}],"about":[{"href":"https:\/\/kraios.app\/news\/wp-json\/wp\/v2\/types\/post"}],"author":[{"embeddable":true,"href":"https:\/\/kraios.app\/news\/wp-json\/wp\/v2\/users\/1"}],"replies":[{"embeddable":true,"href":"https:\/\/kraios.app\/news\/wp-json\/wp\/v2\/comments?post=25592"}],"version-history":[{"count":0,"href":"https:\/\/kraios.app\/news\/wp-json\/wp\/v2\/posts\/25592\/revisions"}],"wp:featuredmedia":[{"embeddable":true,"href":"https:\/\/kraios.app\/news\/wp-json\/wp\/v2\/media\/25593"}],"wp:attachment":[{"href":"https:\/\/kraios.app\/news\/wp-json\/wp\/v2\/media?parent=25592"}],"wp:term":[{"taxonomy":"category","embeddable":true,"href":"https:\/\/kraios.app\/news\/wp-json\/wp\/v2\/categories?post=25592"},{"taxonomy":"post_tag","embeddable":true,"href":"https:\/\/kraios.app\/news\/wp-json\/wp\/v2\/tags?post=25592"}],"curies":[{"name":"wp","href":"https:\/\/api.w.org\/{rel}","templated":true}]}}