{"id":25554,"date":"2024-01-22T11:20:15","date_gmt":"2024-01-22T11:20:15","guid":{"rendered":"https:\/\/kraios.app\/news\/saglik\/2024\/01\/22\/obezite-merkezi-5-yilda-15-ton-zayiflatti\/"},"modified":"2024-01-22T11:20:15","modified_gmt":"2024-01-22T11:20:15","slug":"obezite-merkezi-5-yilda-15-ton-zayiflatti","status":"publish","type":"post","link":"https:\/\/kraios.app\/news\/saglik\/2024\/01\/22\/obezite-merkezi-5-yilda-15-ton-zayiflatti\/","title":{"rendered":"Obezite merkezi 5 y\u0131lda 1,5 ton zay\u0131flatt\u0131"},"content":{"rendered":"<p><\/p>\n<div>\n<p>Sa\u011fl\u0131k Bakanl\u0131\u011f\u0131 29 May\u0131s Devlet Hastanesi b\u00fcnyesindeki Obezite Merkezi, kuruldu\u011fu 2019&#8217;dan bug\u00fcne 580 ki\u015fiyi dengeli beslenme, egzersiz ve e\u011fitimlerle 1,5 tonun \u00fczerinde zay\u0131flatt\u0131.<\/p>\n<p>T\u00fcrkiye&#8217;nin d\u00f6rt bir yan\u0131ndaki devlet hastanelerinde \u00fccretsiz hizmet sunan Obezite Merkezleri, ciddi kilo problemi ya\u015fayan ki\u015filerin fazla a\u011f\u0131rl\u0131klar\u0131ndan sa\u011fl\u0131kl\u0131 beslenme ve egzersiz al\u0131\u015fkanl\u0131klar\u0131n\u0131 kazanarak kurtulmalar\u0131n\u0131 sa\u011fl\u0131yor.<\/p>\n<p>Bu merkezlerden biri de Ankara 29 May\u0131s Devlet Hastanesinde yakla\u015f\u0131k 5 y\u0131ld\u0131r hizmet veriyor.<\/p>\n<p>Sorumlu hekim, diyetisyen, psikolog ve fizyoterapistin g\u00f6rev ald\u0131\u011f\u0131 merkeze ba\u015fvuranlar, kendilerine \u00f6zel haz\u0131rlanan beslenme, egzersiz program\u0131 ve e\u011fitimlerle &#8220;doya doya&#8221; zay\u0131flaman\u0131n, ya\u015fam boyu uygulayacaklar\u0131 do\u011fru beslenmenin inceliklerini \u00f6\u011freniyor.<\/p>\n<h3>V\u00fccut kitle indeksi 30&#8217;un \u00fczerinde olanlar ba\u015fvurabiliyor<\/h3>\n<p>Merkezde y\u00fcr\u00fct\u00fclen \u00e7al\u0131\u015fmalara ili\u015fkin AA muhabirine a\u00e7\u0131klamalarda bulunan Dahiliye Uzman\u0131 Dr. \u0130rem Alkan Teke\u015f, merkeze ba\u015fvuran ki\u015filerin \u00f6ncelikle sa\u011fl\u0131k taramas\u0131na al\u0131nd\u0131\u011f\u0131n\u0131, bu sonu\u00e7lara g\u00f6re bir tedavi ve beslenme plan\u0131 olu\u015fturuldu\u011funu s\u00f6yledi.<\/p>\n<p>Bu planlar\u0131n diyetisyen, psikolog ve fizyoterapist e\u015fli\u011finde haz\u0131rland\u0131\u011f\u0131n\u0131, toplant\u0131lar ve e\u011fitimlerle hastalarla bir araya geldiklerini anlatan Teke\u015f, obezitenin diyabet, hipertansiyon, kolesterol y\u00fcksekli\u011fi, karaci\u011fer ya\u011flanmas\u0131, uyku apnesi, eklem rahats\u0131zl\u0131\u011f\u0131 gibi bir\u00e7ok hastal\u0131\u011fa yol a\u00e7abilen ciddi bir halk sa\u011fl\u0131\u011f\u0131 sorunu oldu\u011funa dikkati \u00e7ekti.<\/p>\n<p>Teke\u015f, merkezde v\u00fccut kitle indeksi 30&#8217;un \u00fczerinde olan ki\u015filere hizmet sunduklar\u0131n\u0131 belirtti.<\/p>\n<h3>&#8220;Diyet listeleri vermiyoruz&#8221;<\/h3>\n<p>Obezite Merkezi Koordinat\u00f6r\u00fc Zeynep \u015een ise &#8220;Merkezimiz Nisan 2019&#8217;da a\u00e7\u0131ld\u0131. O tarihten bug\u00fcne 580 hastam\u0131za hizmet sunduk ve toplamda 1,5 tonun \u00fczerinde kilo verdiler. \u015eu anda da s\u00fcreci devam eden 139 hastam\u0131z bulunuyor.&#8221; bilgisini payla\u015ft\u0131.<\/p>\n<p>Merkezde ki\u015fiye \u00f6zel programlar olu\u015fturuldu\u011funu, birebir g\u00f6r\u00fc\u015fmelerin, haftal\u0131k takiplerin yap\u0131ld\u0131\u011f\u0131n\u0131, ihtiya\u00e7 duyuldu\u011funda bireysel terapilerin verildi\u011fini dile getiren \u015een, ki\u015filerin sa\u011fl\u0131k kontrollerinin ard\u0131ndan 2 haftal\u0131k &#8220;bilin\u00e7 de\u011fi\u015fimi&#8221; e\u011fitimlerine al\u0131nd\u0131\u011f\u0131n\u0131, ard\u0131ndan da 4 haftal\u0131k beslenme programlar\u0131n\u0131n uyguland\u0131\u011f\u0131n\u0131 anlatt\u0131.<\/p>\n<p>Kilo kayb\u0131n\u0131 takiben egzersiz programlar\u0131n\u0131n da ba\u015flat\u0131ld\u0131\u011f\u0131n\u0131 aktaran \u015een, s\u00f6zlerini \u015f\u00f6yle s\u00fcrd\u00fcrd\u00fc:<\/p>\n<p>&#8220;Hastalar\u0131m\u0131z\u0131n \u00e7o\u011funa burada &#8216;diyet listeleri&#8217; vermiyoruz, bir ka\u011f\u0131da ba\u011fl\u0131 kalarak ilerlemeleri yerine ya\u015fam tarz\u0131 de\u011fi\u015fikli\u011fini benimsemelerini istiyoruz. Olu\u015fturdu\u011fumuz programlar da hastalar\u0131n fiziksel, psikolojik, g\u00fcnl\u00fck aktivitesine g\u00f6re belirleniyor. Merkezimize yo\u011fun bir talep var, ger\u00e7ekten ihtiyac\u0131 olan, obezitesi bulunan hastalara fayda sa\u011flayabilmek i\u00e7in \u00e7abal\u0131yoruz.<\/p>\n<p>\u00c7ok g\u00fczel sonu\u00e7lar da ald\u0131k, bug\u00fcne kadar en fazla kilo veren hastam\u0131z, 71 kilo kaybetti. Ayr\u0131ca 38 kilo, 28 kilo veren dan\u0131\u015fanlar\u0131m\u0131z oldu. Bu bizlerin inanc\u0131n\u0131 da art\u0131rd\u0131. Diyet listesi olmadan, motivasyonla, sa\u011fl\u0131kl\u0131 beslenme e\u011fitimleriyle nelerin ger\u00e7ekle\u015febilece\u011fini g\u00f6rd\u00fck, hastalar\u0131m\u0131z i\u00e7in elimizden geleni yapmaya da devam edece\u011fiz.&#8221;<\/p>\n<h3>Beyin ameliyatlar\u0131, felce ra\u011fmen pes etmedi<\/h3>\n<p>Obezite Merkezi sayesinde sa\u011fl\u0131ks\u0131z kilolar\u0131na &#8220;elveda&#8221; diyen 63 ya\u015f\u0131ndaki G\u00fcnay Elalm\u0131\u015f, &#8220;Merkez a\u00e7\u0131ld\u0131\u011f\u0131ndan beri buraya geliyorum. Ba\u015flad\u0131\u011f\u0131mda 100 kilonun \u00fczerindeydim, 26 kilo verdim. Pandemide durmak zorunda kald\u0131m, \u00fcst\u00fcne fel\u00e7 ge\u00e7irince bir sene yatalak oldum, o s\u00fcre\u00e7te biraz kilo ald\u0131m. Ama tekrar aya\u011fa kalkt\u0131\u011f\u0131mda yeniden merkeze ba\u015flad\u0131m, bu sefer de 16 kilo verdim.&#8221; dedi.<\/p>\n<p>Elalm\u0131\u015f, &#8220;Ben 7 kere beyin ameliyat\u0131 oldum, baca\u011f\u0131mda platin var, fel\u00e7 ge\u00e7irdim, bir sene yatalak kald\u0131m. Ne olursa olsun merkezi b\u0131rakmad\u0131m, pes etmedim. Kendimi \u015fu an \u00e7ok iyi hissediyorum, buraya gelmek beni \u00e7ok mutlu ediyor. Hastal\u0131\u011f\u0131m\u0131 unuttum, ya\u015fama d\u00f6rt elle sar\u0131ld\u0131m bu sayede.&#8221; diye konu\u015ftu.<\/p>\n<p>Elalm\u0131\u015f, sa\u011fl\u0131ks\u0131z kilolar\u0131ndan kurtulmak isteyenlere pes etmemeleri ve Obezite Merkezine ba\u015fvurmalar\u0131 tavsiyesinde bulundu.<\/p>\n<h3>&#8220;Evimizde d\u00fczenimiz de\u011fi\u015fti, sa\u011fl\u0131kl\u0131 ya\u015fam\u0131 benimsedik&#8221;<\/h3>\n<p>O\u011flunu zay\u0131flatma d\u00fc\u015f\u00fcncesiyle Obezite Merkezine ba\u015flayan ama sonras\u0131nda kendi i\u00e7in buraya devam etmeye karar veren 64 ya\u015f\u0131ndaki Senem \u00d6zta\u015f da \u015funlar\u0131 kaydetti:<\/p>\n<p>&#8220;Buraya 1,5 y\u0131ld\u0131r k\u0131z\u0131mla devam ediyorum. Ben 15, k\u0131z\u0131m 10 kilo verdi. Buras\u0131 sayesinde evimizde ya\u015fam d\u00fczenimiz de\u011fi\u015fti. Art\u0131k evdeki herkes sa\u011fl\u0131kl\u0131 ya\u015fam\u0131 benimsedi. Yemek yapma tarz\u0131m, uyku d\u00fczenimiz tamamen de\u011fi\u015fti. Sa\u011fl\u0131\u011f\u0131m elverdik\u00e7e buraya devam edece\u011fim. Kimse umutsuz olmas\u0131n, ben evden \u00e7\u0131kamayan biriyken buraya geldiysem herkes gelir. L\u00fctfen \u00f6nce kendinize, sonra da bu merkezlere inan\u0131n.&#8221;<\/p>\n<p>                            <span class=\"detay-foto-editor\">&#13;<br \/>\n                                <a href=\"https:\/\/www.aa.com.tr\/tr\/p\/abonelik-talep-formu\/1001\" target=\"_blank\" style=\"font-size:12px; color:#444; text-decoration:none;\" rel=\"noopener\">&#13;<br \/>\n                                    Anadolu Ajans\u0131 web sitesinde, AA Haber Ak\u0131\u015f Sistemi (HAS) \u00fczerinden abonelere sunulan haberler, \u00f6zetlenerek yay\u0131mlanmaktad\u0131r. <b style=\"color:#1897F7\">Abonelik i\u00e7in l\u00fctfen ileti\u015fime ge\u00e7iniz.<\/b>&#13;<br \/>\n                                <\/a>&#13;<br \/>\n                            <\/span>\n                        <\/div>\n<p><script>\n\t  window.fbAsyncInit = function() {\n\t\tFB.init({\n\t\t  appId: '1855843514662870',\n\t\t  status : true, \/\/ check login status\n\t\t  cookie : true, \/\/ enable cookies to allow the server to access the session\n\t\t  xfbml  : true  \/\/ parse XFBML\n\t\t});\n\t  };<\/p>\n<p>\t  (function() {\n\t\tvar e = document.createElement('script');\n\t\te.src=\"https:\/\/connect.facebook.net\/tr_TR\/all.js\";\n\t\te.async = true;\n\t\tdocument.getElementById('fb-root').appendChild(e);\n\t  }());\n    <\/script><\/p>\n","protected":false},"excerpt":{"rendered":"<p>Sa\u011fl\u0131k Bakanl\u0131\u011f\u0131 29 May\u0131s Devlet Hastanesi b\u00fcnyesindeki Obezite Merkezi, kuruldu\u011fu 2019&#8217;dan bug\u00fcne 580 ki\u015fiyi dengeli beslenme, egzersiz ve e\u011fitimlerle 1,5 tonun \u00fczerinde zay\u0131flatt\u0131. T\u00fcrkiye&#8217;nin d\u00f6rt bir yan\u0131ndaki devlet hastanelerinde \u00fccretsiz hizmet sunan Obezite Merkezleri, ciddi kilo problemi ya\u015fayan ki\u015filerin fazla a\u011f\u0131rl\u0131klar\u0131ndan sa\u011fl\u0131kl\u0131 beslenme ve egzersiz al\u0131\u015fkanl\u0131klar\u0131n\u0131 kazanarak kurtulmalar\u0131n\u0131 sa\u011fl\u0131yor. Bu merkezlerden biri de Ankara 29 [&hellip;]<\/p>\n","protected":false},"author":1,"featured_media":25555,"comment_status":"","ping_status":"","sticky":false,"template":"","format":"standard","meta":[],"categories":[46],"tags":[],"_links":{"self":[{"href":"https:\/\/kraios.app\/news\/wp-json\/wp\/v2\/posts\/25554"}],"collection":[{"href":"https:\/\/kraios.app\/news\/wp-json\/wp\/v2\/posts"}],"about":[{"href":"https:\/\/kraios.app\/news\/wp-json\/wp\/v2\/types\/post"}],"author":[{"embeddable":true,"href":"https:\/\/kraios.app\/news\/wp-json\/wp\/v2\/users\/1"}],"replies":[{"embeddable":true,"href":"https:\/\/kraios.app\/news\/wp-json\/wp\/v2\/comments?post=25554"}],"version-history":[{"count":0,"href":"https:\/\/kraios.app\/news\/wp-json\/wp\/v2\/posts\/25554\/revisions"}],"wp:featuredmedia":[{"embeddable":true,"href":"https:\/\/kraios.app\/news\/wp-json\/wp\/v2\/media\/25555"}],"wp:attachment":[{"href":"https:\/\/kraios.app\/news\/wp-json\/wp\/v2\/media?parent=25554"}],"wp:term":[{"taxonomy":"category","embeddable":true,"href":"https:\/\/kraios.app\/news\/wp-json\/wp\/v2\/categories?post=25554"},{"taxonomy":"post_tag","embeddable":true,"href":"https:\/\/kraios.app\/news\/wp-json\/wp\/v2\/tags?post=25554"}],"curies":[{"name":"wp","href":"https:\/\/api.w.org\/{rel}","templated":true}]}}