{"id":25453,"date":"2024-01-19T05:30:46","date_gmt":"2024-01-19T05:30:46","guid":{"rendered":"https:\/\/kraios.app\/news\/saglik\/2024\/01\/19\/istanbul-il-saglik-muduru-memisoglu-solunum-yolu-vakalarindaki-artisi-degerlendirdi\/"},"modified":"2024-01-19T05:30:46","modified_gmt":"2024-01-19T05:30:46","slug":"istanbul-il-saglik-muduru-memisoglu-solunum-yolu-vakalarindaki-artisi-degerlendirdi","status":"publish","type":"post","link":"https:\/\/kraios.app\/news\/saglik\/2024\/01\/19\/istanbul-il-saglik-muduru-memisoglu-solunum-yolu-vakalarindaki-artisi-degerlendirdi\/","title":{"rendered":"\u0130stanbul \u0130l Sa\u011fl\u0131k M\u00fcd\u00fcr\u00fc Memi\u015fo\u011flu solunum yolu vakalar\u0131ndaki art\u0131\u015f\u0131 de\u011ferlendirdi"},"content":{"rendered":"<p><\/p>\n<div>\n<p>Prof. Dr. Memi\u015fo\u011flu, \u00fcst solunum yolu enfeksiyonlar\u0131nda son d\u00f6nemde ya\u015fanan art\u0131\u015fa ili\u015fkin AA muhabirine de\u011ferlendirmelerde bulundu.<\/p>\n<p>Salg\u0131n konusunun, Kovid-19&#8217;dan sonra toplumun daha \u00e7ok hassasiyet g\u00f6sterdi\u011fi bir durum oldu\u011funu ifade eden Memi\u015fo\u011flu, normal \u015fartlarda \u00f6zellikle kas\u0131m, aral\u0131k, ocak ve \u015fubat aylar\u0131nda \u00fcst solunum yolu enfeksiyonu olarak adland\u0131r\u0131lan nezle, grip ve anjin gibi hastal\u0131klar\u0131n artt\u0131\u011f\u0131 bir d\u00f6nem ya\u015fand\u0131\u011f\u0131n\u0131 anlatt\u0131.<\/p>\n<p>So\u011fuk havalarda \u00fc\u015f\u00fctme ve so\u011fuk alg\u0131nl\u0131klar\u0131n\u0131n fazlala\u015ft\u0131\u011f\u0131n\u0131 vurgulayan Memi\u015fo\u011flu, &#8220;Bu d\u00f6nemde de var. \u00d6zellikle son birka\u00e7 haftad\u0131r yo\u011funlu\u011fumuz do\u011fal olarak var. Ge\u00e7mi\u015fte de vard\u0131, \u015fimdi de var. Bu daha \u00e7ok influenza dedi\u011fimiz grip vir\u00fcs\u00fc a\u011f\u0131rl\u0131kl\u0131. Ama di\u011fer vir\u00fcslerin de oldu\u011fu \u00fcst solunum yolu enfeksiyonunun fazlala\u015ft\u0131\u011f\u0131 bir d\u00f6nemi ya\u015f\u0131yoruz.&#8221; diye konu\u015ftu.<\/p>\n<h3>&#8220;Bunun da \u00fcstesinden gelece\u011fiz, geliyoruz da&#8221;<\/h3>\n<p>Memi\u015fo\u011flu, bu \u00fcst solunum yolu enfeksiyonlar\u0131n\u0131n gen\u00e7, sa\u011fl\u0131kl\u0131 insanlarda \u00e7ok fazla tahribata veya kal\u0131c\u0131 hasara sebebiyet vermedi\u011fini, ancak \u00f6zellikle ya\u015fl\u0131larda veya yan hastal\u0131\u011f\u0131, b\u00f6brek yetmezli\u011fi, \u015fekeri ve kilosu olanlarda riskli hale geldi\u011fini s\u00f6yledi.<\/p>\n<p>\u00d6zellikle kronik obstr\u00fcktif akci\u011fer hastal\u0131\u011f\u0131 (KOAH) olanlarda yo\u011fun bak\u0131m veya birebir destek tedavisine ihtiya\u00e7 olabildi\u011fini belirten Memi\u015fo\u011flu, &#8220;\u0130stanbul&#8217;da tabii bir yo\u011funluk ya\u015f\u0131yoruz do\u011fal olarak. Ama biz altyap\u0131m\u0131z olarak da hekimlerimiz olarak da Kovid&#8217;deki sa\u011fl\u0131k sisteminin ne kadar kuvvetli oldu\u011funun ispat\u0131n\u0131 yapt\u0131\u011f\u0131m\u0131z gibi bunun da \u00fcstesinden gelece\u011fiz, geliyoruz da.&#8221; diye konu\u015ftu.<\/p>\n<p>Prof. Dr. Kemal Memi\u015fo\u011flu, b\u00fct\u00fcn ekiplerin alarmda oldu\u011funu, t\u00fcm ba\u015fhekimler, kamu hastane ba\u015fkanl\u0131klar\u0131, acil hizmetler ve halk sa\u011fl\u0131\u011f\u0131 ba\u015fkanl\u0131klar\u0131 dahil bu hastal\u0131klarla m\u00fccadele ettiklerini aktard\u0131.<\/p>\n<h3>&#8220;Ge\u00e7mi\u015fteki ya\u015fad\u0131\u011f\u0131m\u0131z salg\u0131nlardan farkl\u0131 bir salg\u0131n seyrini \u015fu anda g\u00f6rm\u00fcyoruz&#8221;<\/h3>\n<p>Memi\u015fo\u011flu, bir hastane yo\u011fun bak\u0131m\u0131 doldu\u011funda hem \u00f6zel sekt\u00f6r hem kamu hem de \u00fcniversite hastaneleri olmak \u00fczere b\u00fct\u00fcn yap\u0131y\u0131 kulland\u0131klar\u0131na i\u015faret ederek \u015f\u00f6yle konu\u015ftu:<\/p>\n<p>&#8220;Bu yo\u011funlu\u011fun birka\u00e7 hafta daha devam edece\u011fini \u00f6ng\u00f6r\u00fcyoruz. Ama art\u0131k \u015fubattan, belki ortas\u0131ndan itibaren azalaca\u011f\u0131n\u0131 tahmin ediyoruz. Milletimiz panik olmas\u0131n ama tedbirli olsun. Korkarak de\u011fil, \u00f6nlem almak ve kendimizi korumak bununla en iyi m\u00fccadele y\u00f6ntemi. Onun i\u00e7in insanlara kendilerini k\u0131rg\u0131n hissettikleri zaman, \u00e7ocuklar\u0131 k\u0131rg\u0131n hissetti\u011fi zaman \u00f6zellikle evde durmalar\u0131n\u0131, kalabal\u0131k ortamlara girmemelerini, sadece kendi sa\u011fl\u0131klar\u0131n\u0131 de\u011fil etraflar\u0131ndaki insanlar\u0131n sa\u011fl\u0131\u011f\u0131n\u0131 da d\u00fc\u015f\u00fcnerek gerekli zamanda maske kullanmas\u0131n\u0131 veya zorunlu olmad\u0131k\u00e7a kalabal\u0131k ortamlara \u00e7\u0131kmamas\u0131n\u0131 \u00f6neriyoruz.&#8221;<\/p>\n<p>\u0130stanbul&#8217;un toplu ula\u015f\u0131m gibi alanlarda \u00e7ok temas olan bir \u015fehir oldu\u011funu dile getiren Memi\u015fo\u011flu, &#8220;Onun i\u00e7in yo\u011funlu\u011fa g\u00f6re insanlar kendilerini m\u00fcmk\u00fcnse koruyacaklar. Ama \u015funu bilsinler ki hem altyap\u0131m\u0131z hem insan g\u00fcc\u00fcm\u00fcz olarak T\u00fcrkiye sa\u011fl\u0131k sistemi, her \u015feyin \u00fcstesinden geldi\u011fi gibi bunun da \u00fcstesinden gelir. Bazen baz\u0131 tevat\u00fcrler var, &#8216;\u00f6l\u00fcm oranlar\u0131&#8217; vesaire ama bizim ge\u00e7mi\u015fteki ya\u015fad\u0131\u011f\u0131m\u0131z salg\u0131nlardan farkl\u0131 bir salg\u0131n seyrini \u015fu anda g\u00f6rm\u00fcyoruz. \u0130n\u015fallah da b\u00f6yle de\u011fi\u015fik bir seyir seyretmez.&#8221; de\u011ferlendirmesinde bulundu.<\/p>\n<h3>&#8220;Daha \u00e7ok nefes darl\u0131\u011f\u0131yla ba\u015fvuruluyor&#8221;<\/h3>\n<p>Halen yo\u011fun bak\u0131mda tedavi g\u00f6renlerin ya\u015fl\u0131 veya b\u00f6brek, \u015feker, KOAH gibi yan hastal\u0131\u011f\u0131 veya kilosu bulunan hastalar oldu\u011funu ifade eden Memi\u015fo\u011flu, &#8220;Daha \u00e7ok g\u00f6\u011f\u00fcs hastal\u0131klar\u0131yla, \u00fcst solunum yolu enfeksiyonuyla alakal\u0131, nefes darl\u0131\u011f\u0131yla ba\u015fvuruluyor. 2-3 ya\u015f\u0131n alt\u0131ndaki \u00e7ocuklarla 50 veya 60 ya\u015f \u00fczerindeki hastalar\u0131m\u0131z daha hassasiyetle bak\u0131l\u0131p, daha kontroll\u00fc olarak hastanelerimizde tutuluyor.&#8221; bilgisini verdi.<\/p>\n<p>Prof. Dr. Memi\u015fo\u011flu, \u00f6zellikle ya\u015fl\u0131 hastalara seslenerek, m\u00fcmk\u00fcn oldu\u011funca kalabal\u0131k ortamlara girmemelerini tavsiye etti.<\/p>\n<p>Vir\u00fcs veya bakterilerin nefes, hap\u015f\u0131rma ya da temas yoluyla bula\u015ft\u0131\u011f\u0131n\u0131 hat\u0131rlatan Memi\u015fo\u011flu, bu nedenle sa\u011fl\u0131kl\u0131 beslenilmesi, hareket edilmesi, m\u00fcmk\u00fcn oldu\u011funca temiz hava al\u0131nmas\u0131 \u00f6nerisinde bulundu.<\/p>\n<p>Memi\u015fo\u011flu, nefes darl\u0131\u011f\u0131, y\u00fcksek ate\u015f ve a\u015f\u0131r\u0131 halsizlik durumlar\u0131nda ise acillere, polikliniklere ve aile hekimliklerine ba\u015fvurulabilece\u011fini s\u00f6zlerine ekledi.<\/p>\n<p>                            <span class=\"detay-foto-editor\">&#13;<br \/>\n                                <a href=\"https:\/\/www.aa.com.tr\/tr\/p\/abonelik-talep-formu\/1001\" target=\"_blank\" style=\"font-size:12px; color:#444; text-decoration:none;\" rel=\"noopener\">&#13;<br \/>\n                                    Anadolu Ajans\u0131 web sitesinde, AA Haber Ak\u0131\u015f Sistemi (HAS) \u00fczerinden abonelere sunulan haberler, \u00f6zetlenerek yay\u0131mlanmaktad\u0131r. <b style=\"color:#1897F7\">Abonelik i\u00e7in l\u00fctfen ileti\u015fime ge\u00e7iniz.<\/b>&#13;<br \/>\n                                <\/a>&#13;<br \/>\n                            <\/span>\n                        <\/div>\n<p><script>\n\t  window.fbAsyncInit = function() {\n\t\tFB.init({\n\t\t  appId: '1855843514662870',\n\t\t  status : true, \/\/ check login status\n\t\t  cookie : true, \/\/ enable cookies to allow the server to access the session\n\t\t  xfbml  : true  \/\/ parse XFBML\n\t\t});\n\t  };<\/p>\n<p>\t  (function() {\n\t\tvar e = document.createElement('script');\n\t\te.src=\"https:\/\/connect.facebook.net\/tr_TR\/all.js\";\n\t\te.async = true;\n\t\tdocument.getElementById('fb-root').appendChild(e);\n\t  }());\n    <\/script><\/p>\n","protected":false},"excerpt":{"rendered":"<p>Prof. Dr. Memi\u015fo\u011flu, \u00fcst solunum yolu enfeksiyonlar\u0131nda son d\u00f6nemde ya\u015fanan art\u0131\u015fa ili\u015fkin AA muhabirine de\u011ferlendirmelerde bulundu. Salg\u0131n konusunun, Kovid-19&#8217;dan sonra toplumun daha \u00e7ok hassasiyet g\u00f6sterdi\u011fi bir durum oldu\u011funu ifade eden Memi\u015fo\u011flu, normal \u015fartlarda \u00f6zellikle kas\u0131m, aral\u0131k, ocak ve \u015fubat aylar\u0131nda \u00fcst solunum yolu enfeksiyonu olarak adland\u0131r\u0131lan nezle, grip ve anjin gibi hastal\u0131klar\u0131n artt\u0131\u011f\u0131 bir d\u00f6nem [&hellip;]<\/p>\n","protected":false},"author":1,"featured_media":25454,"comment_status":"","ping_status":"","sticky":false,"template":"","format":"standard","meta":[],"categories":[46],"tags":[],"_links":{"self":[{"href":"https:\/\/kraios.app\/news\/wp-json\/wp\/v2\/posts\/25453"}],"collection":[{"href":"https:\/\/kraios.app\/news\/wp-json\/wp\/v2\/posts"}],"about":[{"href":"https:\/\/kraios.app\/news\/wp-json\/wp\/v2\/types\/post"}],"author":[{"embeddable":true,"href":"https:\/\/kraios.app\/news\/wp-json\/wp\/v2\/users\/1"}],"replies":[{"embeddable":true,"href":"https:\/\/kraios.app\/news\/wp-json\/wp\/v2\/comments?post=25453"}],"version-history":[{"count":0,"href":"https:\/\/kraios.app\/news\/wp-json\/wp\/v2\/posts\/25453\/revisions"}],"wp:featuredmedia":[{"embeddable":true,"href":"https:\/\/kraios.app\/news\/wp-json\/wp\/v2\/media\/25454"}],"wp:attachment":[{"href":"https:\/\/kraios.app\/news\/wp-json\/wp\/v2\/media?parent=25453"}],"wp:term":[{"taxonomy":"category","embeddable":true,"href":"https:\/\/kraios.app\/news\/wp-json\/wp\/v2\/categories?post=25453"},{"taxonomy":"post_tag","embeddable":true,"href":"https:\/\/kraios.app\/news\/wp-json\/wp\/v2\/tags?post=25453"}],"curies":[{"name":"wp","href":"https:\/\/api.w.org\/{rel}","templated":true}]}}