{"id":25433,"date":"2024-01-18T11:31:10","date_gmt":"2024-01-18T11:31:10","guid":{"rendered":"https:\/\/kraios.app\/news\/saglik\/2024\/01\/18\/artan-enfeksiyonlari-engellemek-icin-hijyen-sosyal-mesafe-ve-maske-kuralina-uyulmali\/"},"modified":"2024-01-18T11:31:10","modified_gmt":"2024-01-18T11:31:10","slug":"artan-enfeksiyonlari-engellemek-icin-hijyen-sosyal-mesafe-ve-maske-kuralina-uyulmali","status":"publish","type":"post","link":"https:\/\/kraios.app\/news\/saglik\/2024\/01\/18\/artan-enfeksiyonlari-engellemek-icin-hijyen-sosyal-mesafe-ve-maske-kuralina-uyulmali\/","title":{"rendered":"Artan enfeksiyonlar\u0131 engellemek i\u00e7in hijyen, sosyal mesafe ve maske kural\u0131na uyulmal\u0131"},"content":{"rendered":"<p><\/p>\n<div>\n<p>Prof. Dr. Ekuklu, AA muhabirine, havan\u0131n so\u011fumas\u0131yla solunum yolu enfeksiyonlar\u0131n\u0131n artt\u0131\u011f\u0131n\u0131 s\u00f6yledi.<\/p>\n<p>K\u0131\u015f aylar\u0131nda kapal\u0131 ortamlarda daha \u00e7ok vakit ge\u00e7irildi\u011fini ve sosyal mesafeye uyulmad\u0131\u011f\u0131n\u0131 ifade eden Ekuklu, &#8220;Solunum yolu enfeksiyonlar\u0131, halk aras\u0131nda &#8216;pa\u00e7avra hastal\u0131\u011f\u0131&#8217; denen, ki\u015fiyi yata\u011fa d\u00fc\u015f\u00fcrecek daha a\u011f\u0131r grip tablolar\u0131yla bu d\u00f6nemlerde daha \u00e7ok kar\u015f\u0131la\u015f\u0131yoruz. Yo\u011fun bak\u0131mlarda doluluk oranlar\u0131n\u0131n artt\u0131\u011f\u0131n\u0131 g\u00f6r\u00fcyoruz. Yat\u0131\u015f nedenlerine bakmak gerekir, bunun i\u00e7in testler yap\u0131lmal\u0131.&#8221; dedi.<\/p>\n<p><img decoding=\"async\" alt=\"\" src=\"https:\/\/www.aa.com.tr\/uploads\/userFiles\/a54ea27f-6036-4f79-88c6-6bc9ba19a35d\/08_Nisan%2F03%20ekim%2F08%2F20240118_2_62159587_96857811.jpg\"\/><em>Foto\u011fraf: G\u00f6khan Zobar<\/em><\/p>\n<h3>&#8220;Maske takma oran\u0131 y\u00fczde 1-2 civar\u0131nda&#8221;<\/h3>\n<p>Ekuklu, son d\u00f6nemde d\u00fcnya genelinde Kovid-19 g\u00f6r\u00fclme s\u0131kl\u0131\u011f\u0131n\u0131n artt\u0131\u011f\u0131n\u0131 dile getirdi.<\/p>\n<p>Enfeksiyonlarla m\u00fccadelede gerekli bireysel \u00f6nlemlerin al\u0131nmad\u0131\u011f\u0131n\u0131 belirten Ekuklu, salg\u0131n d\u00f6neminde uygulanan b\u00fct\u00fcn tedbirlerin b\u0131rak\u0131ld\u0131\u011f\u0131n\u0131 vurgulad\u0131.<\/p>\n<p>So\u011fuk havalarda kapal\u0131 ortamda uzun s\u00fcre kalman\u0131n bula\u015f riskini artt\u0131rd\u0131\u011f\u0131n\u0131 anlatan Ekuklu, &#8220;Kapal\u0131 ortamda, toplu ta\u015f\u0131mada maske takm\u0131yoruz. Hastanelerde sa\u011fl\u0131k \u00e7al\u0131\u015fanlar\u0131 ve hastalar dahil olmak \u00fczere maske takma oran\u0131 y\u00fczde 1-2 civar\u0131nda. Bizim geleneklerimiz olan tokala\u015fma ve sar\u0131lmaya yeniden d\u00f6nd\u00fck. Sosyal mesafeye uymuyoruz. \u00d6nlem almad\u0131\u011f\u0131m\u0131z zaman hastanelerde yo\u011fun bak\u0131mlarda yat\u0131\u015flar\u0131n artmas\u0131na \u015fa\u015f\u0131rmamak gerekir.&#8221; ifadelerini kulland\u0131.<\/p>\n<h3>&#8220;A\u011f\u0131r tablolarla kar\u015f\u0131la\u015fabiliyoruz&#8221;<\/h3>\n<p>Prof. Dr. Ekuklu, solunum yolu enfeksiyonlar\u0131n\u0131n yay\u0131lmamas\u0131 i\u00e7in \u00f6zellikle hasta olan ki\u015filerin maske takmas\u0131 gerekti\u011fine vurgu yapt\u0131.<\/p>\n<p>Sa\u011fl\u0131kl\u0131 ya\u015fam kurallar\u0131na riayet edilmesi tavsiyesinde bulunan Ekuklu, \u015funlar\u0131 kaydetti:<\/p>\n<p>&#8220;Kar\u015f\u0131m\u0131zda bir vir\u00fcs ailesi var, bula\u015fmalar\u0131 i\u00e7in onlara t\u00fcm imkanlar\u0131 veriyoruz. Hava s\u0131cakl\u0131\u011f\u0131nda ani de\u011fi\u015fimler, k\u00fcresel \u0131s\u0131nman\u0131n etkileri var, mevsimsel etkiler mevcut. Ba\u011f\u0131\u015f\u0131kl\u0131k sistemimizin zay\u0131flad\u0131\u011f\u0131 bir d\u00f6nemdeyiz. Koruyucu \u00f6nlemleri almad\u0131\u011f\u0131m\u0131z zaman ba\u015fta \u00e7ocuklar, ya\u015fl\u0131lar, gebeler ve kronik rahats\u0131zl\u0131\u011f\u0131 olanlar olmak \u00fczere a\u011f\u0131r tablolarla kar\u015f\u0131la\u015fabiliyoruz.<\/p>\n<p>Bu hastal\u0131klar\u0131 birbirimize biz bula\u015ft\u0131r\u0131yoruz. Bula\u015ft\u0131rmamak elimizde, bunu ge\u00e7mi\u015fte Kovid-19 d\u00f6neminde kan\u0131tlad\u0131k. Kurallara uyunca, maske tak\u0131nca, sosyal mesafeye, el hijyenine dikkat edince solunum yolu enfeksiyonlar\u0131n\u0131 Kovid-19 d\u00f6neminde daha az g\u00f6r\u00fcyorduk. Maske tak\u0131lmas\u0131, el hijyeni ve sosyal mesafeye uyulmas\u0131 tavsiye edece\u011fimiz \u00f6nlemler.&#8221;<\/p>\n<p>                            <span class=\"detay-foto-editor\">&#13;<br \/>\n                                <a href=\"https:\/\/www.aa.com.tr\/tr\/p\/abonelik-talep-formu\/1001\" target=\"_blank\" style=\"font-size:12px; color:#444; text-decoration:none;\" rel=\"noopener\">&#13;<br \/>\n                                    Anadolu Ajans\u0131 web sitesinde, AA Haber Ak\u0131\u015f Sistemi (HAS) \u00fczerinden abonelere sunulan haberler, \u00f6zetlenerek yay\u0131mlanmaktad\u0131r. <b style=\"color:#1897F7\">Abonelik i\u00e7in l\u00fctfen ileti\u015fime ge\u00e7iniz.<\/b>&#13;<br \/>\n                                <\/a>&#13;<br \/>\n                            <\/span>\n                        <\/div>\n<p><script>\n\t  window.fbAsyncInit = function() {\n\t\tFB.init({\n\t\t  appId: '1855843514662870',\n\t\t  status : true, \/\/ check login status\n\t\t  cookie : true, \/\/ enable cookies to allow the server to access the session\n\t\t  xfbml  : true  \/\/ parse XFBML\n\t\t});\n\t  };<\/p>\n<p>\t  (function() {\n\t\tvar e = document.createElement('script');\n\t\te.src=\"https:\/\/connect.facebook.net\/tr_TR\/all.js\";\n\t\te.async = true;\n\t\tdocument.getElementById('fb-root').appendChild(e);\n\t  }());\n    <\/script><\/p>\n","protected":false},"excerpt":{"rendered":"<p>Prof. Dr. Ekuklu, AA muhabirine, havan\u0131n so\u011fumas\u0131yla solunum yolu enfeksiyonlar\u0131n\u0131n artt\u0131\u011f\u0131n\u0131 s\u00f6yledi. K\u0131\u015f aylar\u0131nda kapal\u0131 ortamlarda daha \u00e7ok vakit ge\u00e7irildi\u011fini ve sosyal mesafeye uyulmad\u0131\u011f\u0131n\u0131 ifade eden Ekuklu, &#8220;Solunum yolu enfeksiyonlar\u0131, halk aras\u0131nda &#8216;pa\u00e7avra hastal\u0131\u011f\u0131&#8217; denen, ki\u015fiyi yata\u011fa d\u00fc\u015f\u00fcrecek daha a\u011f\u0131r grip tablolar\u0131yla bu d\u00f6nemlerde daha \u00e7ok kar\u015f\u0131la\u015f\u0131yoruz. Yo\u011fun bak\u0131mlarda doluluk oranlar\u0131n\u0131n artt\u0131\u011f\u0131n\u0131 g\u00f6r\u00fcyoruz. Yat\u0131\u015f nedenlerine [&hellip;]<\/p>\n","protected":false},"author":1,"featured_media":25434,"comment_status":"","ping_status":"","sticky":false,"template":"","format":"standard","meta":[],"categories":[46],"tags":[],"_links":{"self":[{"href":"https:\/\/kraios.app\/news\/wp-json\/wp\/v2\/posts\/25433"}],"collection":[{"href":"https:\/\/kraios.app\/news\/wp-json\/wp\/v2\/posts"}],"about":[{"href":"https:\/\/kraios.app\/news\/wp-json\/wp\/v2\/types\/post"}],"author":[{"embeddable":true,"href":"https:\/\/kraios.app\/news\/wp-json\/wp\/v2\/users\/1"}],"replies":[{"embeddable":true,"href":"https:\/\/kraios.app\/news\/wp-json\/wp\/v2\/comments?post=25433"}],"version-history":[{"count":0,"href":"https:\/\/kraios.app\/news\/wp-json\/wp\/v2\/posts\/25433\/revisions"}],"wp:featuredmedia":[{"embeddable":true,"href":"https:\/\/kraios.app\/news\/wp-json\/wp\/v2\/media\/25434"}],"wp:attachment":[{"href":"https:\/\/kraios.app\/news\/wp-json\/wp\/v2\/media?parent=25433"}],"wp:term":[{"taxonomy":"category","embeddable":true,"href":"https:\/\/kraios.app\/news\/wp-json\/wp\/v2\/categories?post=25433"},{"taxonomy":"post_tag","embeddable":true,"href":"https:\/\/kraios.app\/news\/wp-json\/wp\/v2\/tags?post=25433"}],"curies":[{"name":"wp","href":"https:\/\/api.w.org\/{rel}","templated":true}]}}