{"id":25410,"date":"2024-01-17T23:49:20","date_gmt":"2024-01-17T23:49:20","guid":{"rendered":"https:\/\/kraios.app\/news\/saglik\/2024\/01\/17\/uykuda-10-saniyelik-nefes-kaybi-felc-veya-kalp-krizine-yol-acabilir\/"},"modified":"2024-01-17T23:49:20","modified_gmt":"2024-01-17T23:49:20","slug":"uykuda-10-saniyelik-nefes-kaybi-felc-veya-kalp-krizine-yol-acabilir","status":"publish","type":"post","link":"https:\/\/kraios.app\/news\/saglik\/2024\/01\/17\/uykuda-10-saniyelik-nefes-kaybi-felc-veya-kalp-krizine-yol-acabilir\/","title":{"rendered":"Uykuda 10 saniyelik nefes kayb\u0131, fel\u00e7 veya kalp krizine yol a\u00e7abilir"},"content":{"rendered":"<p><\/p>\n<div>\n<p>G\u00f6l, AA muhabirine, uykuda nefessiz kalma olarak da bilinen uyku apnesi sendromunun \u00f6nemli bir hastal\u0131k oldu\u011funu belirtti.<\/p>\n<p>Hastal\u0131kta horlama gibi baz\u0131 belirgin \u015fikayetlerin g\u00f6r\u00fcld\u00fc\u011f\u00fcn\u00fc ifade eden G\u00f6l, &#8220;Hasta, nefesinin durdu\u011fundan, bo\u011fulur gibi uyand\u0131\u011f\u0131ndan bahsedebilir. Ki\u015fi, b\u00f6yle bir durumu varsa g\u00fcn i\u00e7inde televizyon izlerken, koltukta otururken veya yemekten sonra uykusunun gelmesinden \u015fikayet\u00e7iyse bize ba\u015fvurur. Horlama, nefesin durmas\u0131 ve g\u00fcnd\u00fcz uyku hali \u015fikayeti, uyku ataklar\u0131 bize kuvvetli bir \u015fekilde bu sendromu d\u00fc\u015f\u00fcnd\u00fcr\u00fcr.&#8221; dedi.<\/p>\n<p>G\u00f6l, genelde nefessiz kalma s\u00fcresi 10 saniye civar\u0131ndaysa bu durumu uyku apnesi veya hipopne olarak kabul ettiklerine dikkati \u00e7ekerek, \u015fu bilgileri verdi:<\/p>\n<p>&#8220;Uyku apnesini, hastan\u0131n uyku s\u0131ras\u0131nda 10 saniyeden fazla nefessiz kalmas\u0131 olarak tan\u0131mlayabiliriz. Uyku apnesi, en s\u0131k \u00f6l\u00fcm nedenlerden kardiyovask\u00fcler hastal\u0131klar, inme, hipertansiyon, akci\u011fer hipertansiyonu, kalp yetmezli\u011fi, kardiyak ritim bozukluklar\u0131na yol a\u00e7abilmektedir. Bu hastal\u0131klar, en s\u0131k \u00f6l\u00fcm nedenlerinin ba\u015flar\u0131nda gelmektedir. Uyku apnesi sendromu orta ve a\u011f\u0131r olanlarda risk daha fazla ama tedavi edildi\u011finde bu hastal\u0131klara yakalanma riskini azaltm\u0131\u015f oluyoruz. Hastam\u0131z, 10 saniyeden fazla nefessiz kald\u0131\u011f\u0131nda oksijen de\u011feri d\u00fc\u015f\u00fcyor, buna ba\u011fl\u0131 olarak beyine giden kan ak\u0131m\u0131 azalabilir, hormonal bozukluk olabilir, damar sertli\u011fi olabilir. Bunlar, beyin damar hastal\u0131klar\u0131 ve kalp hastal\u0131klar\u0131n\u0131n sebeplerinden baz\u0131lar\u0131d\u0131r.&#8221;<\/p>\n<p>Ayr\u0131ca uyku apnesinin tip 2 diyabet nedeni de oldu\u011funa de\u011finen G\u00f6l, &#8220;Ayr\u0131ca, nefessiz durdu\u011fu d\u00f6nemde hastan\u0131n kalp at\u0131\u015f\u0131 h\u0131z\u0131 d\u00fc\u015fer, uykunun rem d\u00f6neminde daha s\u0131k olabilir. Kardiyak ritim bozukluklar\u0131 yapabilir. \u00c7ok nadiren de olsa bu nedenlerle ani \u00f6l\u00fcmler g\u00f6r\u00fclebilir.&#8221; diye konu\u015ftu.<\/p>\n<p><img decoding=\"async\" alt=\"\" src=\"https:\/\/www.aa.com.tr\/uploads\/userFiles\/96f91bbd-282f-4a24-a12c-1b1092cfeb3b\/008_2024%2F12_Ocak%2F20_Ocak%2F27%2F20240117_2_62145471_96829484.jpg\"\/><\/p>\n<h3>&#8220;Te\u015fhis ve tedavide e\u015flerin rol\u00fc daha fazla&#8221;<\/h3>\n<p>Hastalar\u0131n genellikle e\u015flerinin y\u00f6nlendirmesiyle hastaneye ba\u015fvurdu\u011funun alt\u0131n\u0131 \u00e7izen G\u00f6l, &#8220;Kesin tan\u0131 i\u00e7in gece uyku incelemesinin yap\u0131lmas\u0131 gerekmektedir. Te\u015fhis ve tedavide e\u015flerin rol\u00fc daha fazla \u00e7\u00fcnk\u00fc yan\u0131ndaki e\u015fi rahats\u0131z olabiliyor. Biz hastam\u0131z\u0131 tedavi ederek hem kendisini hem yan\u0131ndaki ki\u015fiyi tedavi etmi\u015f ve hayat kalitesini artt\u0131rm\u0131\u015f oluyoruz. Tabii her horlama da uyku apnesi demek de\u011fildir.&#8221; diye konu\u015ftu.<\/p>\n<p>G\u00f6l, Kayseri \u015eehir Hastanesi&#8217;ndeki 17 yatak kapasiteli uyku \u00fcnitesinde ayda 500 hastan\u0131n tan\u0131 ve tedavisinin yap\u0131ld\u0131\u011f\u0131n\u0131 bildirdi.<\/p>\n<p>Hastalar\u0131n tedavi edilmesi, daha konforlu ya\u015fam s\u00fcrmesi i\u00e7in hava yolunun a\u00e7\u0131kl\u0131\u011f\u0131n\u0131 sa\u011flayan cihaz kullan\u0131m\u0131n\u0131 \u00f6nerdiklerini vurgulayan G\u00f6l, &#8220;Uyku laboratuvar\u0131nda bir g\u00fcn misafir edip uyku apnesi te\u015fhisi koydu\u011fumuz hastay\u0131 daha sonra bir gece daha yat\u0131r\u0131yoruz. Buradaki amac\u0131m\u0131z hastaya fayda edebilecek cihaz\u0131 belirlemek ve bu cihaz\u0131n bas\u0131nc\u0131n\u0131 ayarlamak. Cihaz, hastan\u0131n rahat uyumas\u0131n\u0131 sa\u011fl\u0131yor.&#8221; ifadelerini kulland\u0131.<\/p>\n<h3>&#8220;Uykuda \u00e7ok \u015fiddetli daralma oluyordu&#8221;<\/h3>\n<p>Uyku apnesi olan Hakan Bezirci de yakla\u015f\u0131k 3 y\u0131l \u00f6nce hastal\u0131k te\u015fhisi konuldu\u011funu, bu s\u00fcrede cihaz kullanmaya ba\u015flay\u0131nca rahatlad\u0131\u011f\u0131n\u0131 belirtti.<\/p>\n<p>E\u015finin y\u00f6nlendirmesiyle hastaneye ba\u015fvurdu\u011funu anlatan Bezirci, \u015funlar\u0131 s\u00f6yledi:<\/p>\n<p>&#8220;Uykuda \u00e7ok \u015fiddetli daralma oluyordu. \u00c7ok k\u00f6t\u00fc uyan\u0131yordum. \u015eiddetli horlamam vard\u0131. Bazen kendi horlamama bile uyan\u0131yordum. E\u015fim de zaten rahats\u0131z oluyordu. E\u015fimin en b\u00fcy\u00fck s\u0131k\u0131nt\u0131s\u0131 da gece daralmamd\u0131. O kadar \u015fiddetli oluyordu ki bazen, &#8216;Bu gece kesin bir \u015fey olacak bana&#8217; diyordum. Nefes alam\u0131yordum. Daralmamdan e\u015fim \u00e7ok korktu. \u00c7ocuklar\u0131m da bazen benim uykudan uyanma \u015feklime yan odadan uyan\u0131p geldikleri i\u00e7in onlar bile \u00e7ok korkuyordu. Hastaneye e\u015fimin zorlamas\u0131yla geldim. Yakla\u015f\u0131k 3 y\u0131ld\u0131r cihaz kullan\u0131yorum. Ben bu cihaz\u0131 ald\u0131ktan sonra rahatlad\u0131m. D\u00fczenli bir uykuya ge\u00e7tim. &#8220;<\/p>\n<p>                            <span class=\"detay-foto-editor\">&#13;<br \/>\n                                <a href=\"https:\/\/www.aa.com.tr\/tr\/p\/abonelik-talep-formu\/1001\" target=\"_blank\" style=\"font-size:12px; color:#444; text-decoration:none;\" rel=\"noopener\">&#13;<br \/>\n                                    Anadolu Ajans\u0131 web sitesinde, AA Haber Ak\u0131\u015f Sistemi (HAS) \u00fczerinden abonelere sunulan haberler, \u00f6zetlenerek yay\u0131mlanmaktad\u0131r. <b style=\"color:#1897F7\">Abonelik i\u00e7in l\u00fctfen ileti\u015fime ge\u00e7iniz.<\/b>&#13;<br \/>\n                                <\/a>&#13;<br \/>\n                            <\/span>\n                        <\/div>\n<p><script>\n\t  window.fbAsyncInit = function() {\n\t\tFB.init({\n\t\t  appId: '1855843514662870',\n\t\t  status : true, \/\/ check login status\n\t\t  cookie : true, \/\/ enable cookies to allow the server to access the session\n\t\t  xfbml  : true  \/\/ parse XFBML\n\t\t});\n\t  };<\/p>\n<p>\t  (function() {\n\t\tvar e = document.createElement('script');\n\t\te.src=\"https:\/\/connect.facebook.net\/tr_TR\/all.js\";\n\t\te.async = true;\n\t\tdocument.getElementById('fb-root').appendChild(e);\n\t  }());\n    <\/script><\/p>\n","protected":false},"excerpt":{"rendered":"<p>G\u00f6l, AA muhabirine, uykuda nefessiz kalma olarak da bilinen uyku apnesi sendromunun \u00f6nemli bir hastal\u0131k oldu\u011funu belirtti. Hastal\u0131kta horlama gibi baz\u0131 belirgin \u015fikayetlerin g\u00f6r\u00fcld\u00fc\u011f\u00fcn\u00fc ifade eden G\u00f6l, &#8220;Hasta, nefesinin durdu\u011fundan, bo\u011fulur gibi uyand\u0131\u011f\u0131ndan bahsedebilir. Ki\u015fi, b\u00f6yle bir durumu varsa g\u00fcn i\u00e7inde televizyon izlerken, koltukta otururken veya yemekten sonra uykusunun gelmesinden \u015fikayet\u00e7iyse bize ba\u015fvurur. Horlama, nefesin [&hellip;]<\/p>\n","protected":false},"author":1,"featured_media":25411,"comment_status":"","ping_status":"","sticky":false,"template":"","format":"standard","meta":[],"categories":[46],"tags":[],"_links":{"self":[{"href":"https:\/\/kraios.app\/news\/wp-json\/wp\/v2\/posts\/25410"}],"collection":[{"href":"https:\/\/kraios.app\/news\/wp-json\/wp\/v2\/posts"}],"about":[{"href":"https:\/\/kraios.app\/news\/wp-json\/wp\/v2\/types\/post"}],"author":[{"embeddable":true,"href":"https:\/\/kraios.app\/news\/wp-json\/wp\/v2\/users\/1"}],"replies":[{"embeddable":true,"href":"https:\/\/kraios.app\/news\/wp-json\/wp\/v2\/comments?post=25410"}],"version-history":[{"count":0,"href":"https:\/\/kraios.app\/news\/wp-json\/wp\/v2\/posts\/25410\/revisions"}],"wp:featuredmedia":[{"embeddable":true,"href":"https:\/\/kraios.app\/news\/wp-json\/wp\/v2\/media\/25411"}],"wp:attachment":[{"href":"https:\/\/kraios.app\/news\/wp-json\/wp\/v2\/media?parent=25410"}],"wp:term":[{"taxonomy":"category","embeddable":true,"href":"https:\/\/kraios.app\/news\/wp-json\/wp\/v2\/categories?post=25410"},{"taxonomy":"post_tag","embeddable":true,"href":"https:\/\/kraios.app\/news\/wp-json\/wp\/v2\/tags?post=25410"}],"curies":[{"name":"wp","href":"https:\/\/api.w.org\/{rel}","templated":true}]}}