{"id":25401,"date":"2024-01-17T22:00:44","date_gmt":"2024-01-17T22:00:44","guid":{"rendered":"https:\/\/kraios.app\/news\/saglik\/2024\/01\/17\/yogun-bakimlarda-mevsimsel-etkiyle-doluluk-yasaniyor\/"},"modified":"2024-01-17T22:00:44","modified_gmt":"2024-01-17T22:00:44","slug":"yogun-bakimlarda-mevsimsel-etkiyle-doluluk-yasaniyor","status":"publish","type":"post","link":"https:\/\/kraios.app\/news\/saglik\/2024\/01\/17\/yogun-bakimlarda-mevsimsel-etkiyle-doluluk-yasaniyor\/","title":{"rendered":"Yo\u011fun bak\u0131mlarda &#8220;mevsimsel&#8221; etkiyle doluluk ya\u015fan\u0131yor"},"content":{"rendered":"<p><\/p>\n<div>\n<p>AA muhabirine a\u00e7\u0131klamada bulunan Bilkent \u015eehir Hastanesi Yo\u011fun Bak\u0131m \u0130dari Sorumlusu Prof. Dr. Sema Kultufan Turan, k\u0131\u015f aylar\u0131nda viral enfeksiyonlar\u0131n g\u00f6r\u00fclme s\u0131kl\u0131\u011f\u0131n\u0131n artt\u0131\u011f\u0131na i\u015faret etti.<\/p>\n<p>Bu durumun acil servis ba\u015fvurular\u0131na yans\u0131d\u0131\u011f\u0131n\u0131, ya\u015f\u0131 ileri, kronik hastal\u0131\u011f\u0131 bulunan ki\u015filer a\u00e7\u0131s\u0131ndan da yo\u011fun bak\u0131m ihtiyac\u0131n\u0131n olu\u015fabildi\u011fini anlatan Turan, s\u00f6zlerini \u015f\u00f6yle s\u00fcrd\u00fcrd\u00fc:<\/p>\n<p>&#8220;\u00d6zellikle havalar\u0131n so\u011fudu\u011fu ocak, \u015fubat ve mart aylar\u0131nda ki\u015filer viral enfeksiyonlara daha \u00e7ok maruz kal\u0131yor. Ek hastal\u0131\u011f\u0131 bulunmayan gen\u00e7 ya\u015f grubundan ki\u015filer bu s\u00fcreci daha kolay atlat\u0131yor. Ancak kronik hastal\u0131\u011f\u0131 bulunan, ba\u011f\u0131\u015f\u0131kl\u0131\u011f\u0131 bask\u0131lanm\u0131\u015f, ya\u015f\u0131 ileri, durumu hassas ki\u015filerde enfeksiyonlar\u0131n a\u011f\u0131r ge\u00e7irilmesinden kaynakl\u0131 yo\u011fun bak\u0131m ihtiyac\u0131 do\u011fabiliyor. \u015eu anda da yo\u011fun bak\u0131mlar\u0131m\u0131zda a\u011f\u0131rl\u0131kl\u0131 olarak bu tip hastalar bulunuyor.&#8221; <\/p>\n<h3>&#8220;Yo\u011fun bak\u0131m ihtiyac\u0131ndaki art\u0131\u015f kar\u015f\u0131lanamaz bir tablo de\u011fil&#8221;<\/h3>\n<p>Bunun beklenen, her y\u0131l k\u0131\u015f aylar\u0131nda g\u00f6r\u00fclen bir durum oldu\u011funu vurgulayan Turan, &#8220;\u015eu anda yo\u011fun bak\u0131m ihtiyac\u0131nda bir art\u0131\u015f var ama bu kar\u015f\u0131lanamaz bir tablo de\u011fil.&#8221; dedi.<\/p>\n<p>Kovid-19 salg\u0131n\u0131nda gen\u00e7 ya\u015f grubu da dahil \u00e7ok say\u0131da hastan\u0131n yo\u011fun bak\u0131ma ihtiya\u00e7 duydu\u011funu an\u0131msatan Turan, &#8220;O d\u00f6nemle k\u0131yaslad\u0131\u011f\u0131m\u0131zda bu tolere edilebilir bir d\u00f6nem. Mevcut yo\u011fun bak\u0131m yataklar\u0131m\u0131zla yo\u011fun bak\u0131m ihtiyac\u0131 bulunan hastalar\u0131m\u0131z\u0131n taleplerini kar\u015f\u0131layabilir durumday\u0131z. Hastanemiz \u00f6zelinde de yeni bir yo\u011fun bak\u0131m alan\u0131 a\u00e7maya y\u00f6nelik ihtiya\u00e7 s\u00f6z konusu de\u011fil.&#8221; diye konu\u015ftu.<\/p>\n<h3>&#8220;\u0130nfluenza ve Kovid-19&#8217;u birlikte ge\u00e7iren hastalar\u0131m\u0131z var&#8221;<\/h3>\n<p>Prof. Dr. Turan, s\u0131k g\u00f6r\u00fclen enfeksiyonlara ili\u015fkin, &#8220;Bu d\u00f6nemde en \u00e7ok influenza (grip) ve RSV (respiratuar sinsityal vir\u00fcs) ile kar\u015f\u0131la\u015f\u0131yoruz. \u0130ki enfeksiyonun bir arada ge\u00e7irilmesi de s\u00f6z konusu. \u0130nfluenza ve Kovid-19&#8217;u birlikte ge\u00e7iren hastalar\u0131m\u0131z var. Bu grup hastalarda hastal\u0131\u011f\u0131n k\u00f6t\u00fcle\u015fme sebebi \u00e7o\u011funlukla Kovid-19 de\u011fil influenza kaynakl\u0131.&#8221; diye konu\u015ftu.<\/p>\n<p>Kovid-19&#8217;un art\u0131k hastalar\u0131n b\u00fcy\u00fck b\u00f6l\u00fcm\u00fcnde ciddi akci\u011fer tutulumuna, hayati riske sebep olmad\u0131\u011f\u0131n\u0131n alt\u0131n\u0131 \u00e7izen Turan, \u015fu uyar\u0131larda bulundu:<\/p>\n<p>&#8220;Viral enfeksiyonlar genellikle ate\u015f, bo\u011faz a\u011fr\u0131s\u0131, burun ak\u0131nt\u0131s\u0131, halsizlik gibi belirtilerle seyreder. Belirtileri b\u00f6yle ba\u015flayan hastalarda g\u00fcnler ge\u00e7mesine kar\u015f\u0131n tablo gerilemiyorsa, beraberinde nefes darl\u0131\u011f\u0131, solunum s\u0131k\u0131nt\u0131s\u0131 ya\u015fan\u0131yorsa mutlaka tekrar bir uzmana ba\u015fvurulmas\u0131 gerekir. \u00c7\u00fcnk\u00fc ki\u015filerin altta yatan farkl\u0131 hastal\u0131klar\u0131 veya hastal\u0131\u011fa bakteriyel enfeksiyonun e\u015flik etmesi gibi durumlar ortaya \u00e7\u0131kabilir.&#8221;<\/p>\n<h3>&#8220;El hijyeni ve mesafe ciddi koruyucu \u00f6nlemler&#8221;<\/h3>\n<p>Hastal\u0131klardan korunmak i\u00e7in el hijyenine, mesafeye dikkat edilmesi gerekti\u011fini aktaran Turan, &#8220;\u00d6zellikle hastal\u0131k ge\u00e7iren ki\u015filer kapal\u0131, kalabal\u0131k ortamlardan uzak durmal\u0131. Buralara girmek zorunda kald\u0131\u011f\u0131nda da maske takmal\u0131. Ya\u015fl\u0131, kronik hastal\u0131\u011f\u0131 bulunan ki\u015filere m\u00fcmk\u00fcn oldu\u011funca temas etmemelerini \u00f6neriyorum. El hijyeni ve mesafe basit de\u011fil aksine insanlar\u0131 viral enfeksiyonlardan ciddi anlamda koruyacak \u00f6nlemler.&#8221; ifadesini kulland\u0131.<\/p>\n<p>                            <span class=\"detay-foto-editor\">&#13;<br \/>\n                                <a href=\"https:\/\/www.aa.com.tr\/tr\/p\/abonelik-talep-formu\/1001\" target=\"_blank\" style=\"font-size:12px; color:#444; text-decoration:none;\" rel=\"noopener\">&#13;<br \/>\n                                    Anadolu Ajans\u0131 web sitesinde, AA Haber Ak\u0131\u015f Sistemi (HAS) \u00fczerinden abonelere sunulan haberler, \u00f6zetlenerek yay\u0131mlanmaktad\u0131r. <b style=\"color:#1897F7\">Abonelik i\u00e7in l\u00fctfen ileti\u015fime ge\u00e7iniz.<\/b>&#13;<br \/>\n                                <\/a>&#13;<br \/>\n                            <\/span>\n                        <\/div>\n<p><script>\n\t  window.fbAsyncInit = function() {\n\t\tFB.init({\n\t\t  appId: '1855843514662870',\n\t\t  status : true, \/\/ check login status\n\t\t  cookie : true, \/\/ enable cookies to allow the server to access the session\n\t\t  xfbml  : true  \/\/ parse XFBML\n\t\t});\n\t  };<\/p>\n<p>\t  (function() {\n\t\tvar e = document.createElement('script');\n\t\te.src=\"https:\/\/connect.facebook.net\/tr_TR\/all.js\";\n\t\te.async = true;\n\t\tdocument.getElementById('fb-root').appendChild(e);\n\t  }());\n    <\/script><\/p>\n","protected":false},"excerpt":{"rendered":"<p>AA muhabirine a\u00e7\u0131klamada bulunan Bilkent \u015eehir Hastanesi Yo\u011fun Bak\u0131m \u0130dari Sorumlusu Prof. Dr. Sema Kultufan Turan, k\u0131\u015f aylar\u0131nda viral enfeksiyonlar\u0131n g\u00f6r\u00fclme s\u0131kl\u0131\u011f\u0131n\u0131n artt\u0131\u011f\u0131na i\u015faret etti. Bu durumun acil servis ba\u015fvurular\u0131na yans\u0131d\u0131\u011f\u0131n\u0131, ya\u015f\u0131 ileri, kronik hastal\u0131\u011f\u0131 bulunan ki\u015filer a\u00e7\u0131s\u0131ndan da yo\u011fun bak\u0131m ihtiyac\u0131n\u0131n olu\u015fabildi\u011fini anlatan Turan, s\u00f6zlerini \u015f\u00f6yle s\u00fcrd\u00fcrd\u00fc: &#8220;\u00d6zellikle havalar\u0131n so\u011fudu\u011fu ocak, \u015fubat ve mart [&hellip;]<\/p>\n","protected":false},"author":1,"featured_media":25402,"comment_status":"","ping_status":"","sticky":false,"template":"","format":"standard","meta":[],"categories":[46],"tags":[],"_links":{"self":[{"href":"https:\/\/kraios.app\/news\/wp-json\/wp\/v2\/posts\/25401"}],"collection":[{"href":"https:\/\/kraios.app\/news\/wp-json\/wp\/v2\/posts"}],"about":[{"href":"https:\/\/kraios.app\/news\/wp-json\/wp\/v2\/types\/post"}],"author":[{"embeddable":true,"href":"https:\/\/kraios.app\/news\/wp-json\/wp\/v2\/users\/1"}],"replies":[{"embeddable":true,"href":"https:\/\/kraios.app\/news\/wp-json\/wp\/v2\/comments?post=25401"}],"version-history":[{"count":0,"href":"https:\/\/kraios.app\/news\/wp-json\/wp\/v2\/posts\/25401\/revisions"}],"wp:featuredmedia":[{"embeddable":true,"href":"https:\/\/kraios.app\/news\/wp-json\/wp\/v2\/media\/25402"}],"wp:attachment":[{"href":"https:\/\/kraios.app\/news\/wp-json\/wp\/v2\/media?parent=25401"}],"wp:term":[{"taxonomy":"category","embeddable":true,"href":"https:\/\/kraios.app\/news\/wp-json\/wp\/v2\/categories?post=25401"},{"taxonomy":"post_tag","embeddable":true,"href":"https:\/\/kraios.app\/news\/wp-json\/wp\/v2\/tags?post=25401"}],"curies":[{"name":"wp","href":"https:\/\/api.w.org\/{rel}","templated":true}]}}