{"id":25386,"date":"2024-01-17T14:43:37","date_gmt":"2024-01-17T14:43:37","guid":{"rendered":"https:\/\/kraios.app\/news\/saglik\/2024\/01\/17\/kisa-kalan-bacagi-manyetik-civi-tedavisiyle-gunde-1-milimetre-uzuyor\/"},"modified":"2024-01-17T14:43:37","modified_gmt":"2024-01-17T14:43:37","slug":"kisa-kalan-bacagi-manyetik-civi-tedavisiyle-gunde-1-milimetre-uzuyor","status":"publish","type":"post","link":"https:\/\/kraios.app\/news\/saglik\/2024\/01\/17\/kisa-kalan-bacagi-manyetik-civi-tedavisiyle-gunde-1-milimetre-uzuyor\/","title":{"rendered":"K\u0131sa kalan baca\u011f\u0131 manyetik \u00e7ivi tedavisiyle g\u00fcnde 1 milimetre uzuyor"},"content":{"rendered":"<p><\/p>\n<div>\n<p>Yunusemre il\u00e7esinde ya\u015fayan Yah\u015fi&#8217;nin 11 ya\u015f\u0131nda otomobil \u00e7arpmas\u0131 sonucu baca\u011f\u0131nda k\u0131r\u0131klar olu\u015ftu.<\/p>\n<p>B\u00fcy\u00fcme \u00e7a\u011f\u0131nda ge\u00e7irdi\u011fi ameliyat ve uzun s\u00fcren al\u00e7\u0131 tedavisi nedeniyle bir baca\u011f\u0131 di\u011ferine g\u00f6re 4 santimetre k\u0131sa kalan Yah\u015fi, denge kayb\u0131 nedeniyle ya\u015fam\u0131n\u0131 koltuk de\u011fnekleriyle s\u00fcrd\u00fcrebiliyor.<\/p>\n<p><img decoding=\"async\" alt=\"\" src=\"https:\/\/www.aa.com.tr\/uploads\/userFiles\/96f91bbd-282f-4a24-a12c-1b1092cfeb3b\/008_2024%2F12_Ocak%2F20_Ocak%2F19%2F20240117_2_62148419_96836136.jpg\"\/><\/p>\n<p>Bacak k\u0131sal\u0131\u011f\u0131n\u0131n tedavisi i\u00e7in Dokuz Eyl\u00fcl \u00dcniversitesi Ara\u015ft\u0131rma ve Uygulama Hastanesine ba\u015fvuran Yah\u015fi, Ortopedi ve Travmatoloji Ana Bilim Dal\u0131 Ba\u015fkan\u0131 Do\u00e7. Dr. Lokman Kehribar taraf\u0131ndan muayene edildi.<\/p>\n<p>Do\u00e7. Dr. Kehribar, Yah\u015fi&#8217;ye manyetik \u00e7ivi kullan\u0131larak boy uzatma ameliyat\u0131 yapmaya karar verdi.<\/p>\n<p>Yap\u0131lan ameliyatla manyetik \u00e7ivi monte edilen uyluk kemi\u011fi, d\u0131\u015far\u0131dan bir cihaz\u0131n yayd\u0131\u011f\u0131 manyetik alan\u0131n etkisiyle uzat\u0131lmaya ba\u015fland\u0131.<\/p>\n<p><img decoding=\"async\" alt=\"\" src=\"https:\/\/www.aa.com.tr\/uploads\/userFiles\/96f91bbd-282f-4a24-a12c-1b1092cfeb3b\/008_2024%2F12_Ocak%2F20_Ocak%2F19%2F20240117_2_62148419_96836139.jpg\"\/><\/p>\n<h3>&#8220;3 ay sonra ko\u015fabilecek d\u00fczeye gelecek&#8221;<\/h3>\n<p>Ameliyat\u0131 yapan Do\u00e7. Dr. Lokman Kehribar, boy uzatma ameliyatlar\u0131n\u0131n daha \u00f6nce baca\u011f\u0131n d\u0131\u015f\u0131ndan \u00e7ivi ve halka sistemiyle yap\u0131ld\u0131\u011f\u0131n\u0131, bu tedavinin yakla\u015f\u0131k 1 y\u0131l s\u00fcrd\u00fc\u011f\u00fcn\u00fc, enfeksiyonlar nedeniyle sorunlar ya\u015fanabildi\u011fini belirtti.<\/p>\n<p>Kehribar, Yah\u015fi&#8217;ye uygulanan manyetik \u00e7ivi y\u00f6nteminin farkl\u0131 oldu\u011funu belirterek,&#8221;Kemik i\u00e7ine yerle\u015ftirilen \u00e7ivinin i\u00e7inde m\u0131knat\u0131s mevcut. D\u0131\u015far\u0131dan olu\u015fturulan manyetik alan \u00e7ivinin kontroll\u00fc \u015fekilde uzamas\u0131n\u0131 sa\u011fl\u0131yor. B\u00f6ylelikle \u00e7iviye ba\u011fl\u0131 olan kemik bizim taraf\u0131m\u0131zdan olu\u015fturulan k\u0131r\u0131k hatt\u0131ndan a\u00e7\u0131l\u0131yor ve a\u00e7\u0131lan alan yeni kemikle doluyor.&#8221; dedi.<\/p>\n<p><img decoding=\"async\" alt=\"\" src=\"https:\/\/www.aa.com.tr\/uploads\/userFiles\/96f91bbd-282f-4a24-a12c-1b1092cfeb3b\/008_2024%2F12_Ocak%2F20_Ocak%2F19%2F20240117_2_62148419_96836141.jpg\"\/><\/p>\n<p>Tedavinin planland\u0131\u011f\u0131 \u015fekilde gitti\u011fini aktaran Kehribar, \u015f\u00f6yle devam etti:<\/p>\n<p>&#8220;\u00d6nce kemi\u011fini d\u00fczg\u00fcn bir \u015fekilde k\u0131rd\u0131ktan sonra, i\u00e7erisine bir \u00e7ivi yerle\u015ftiriyoruz. D\u0131\u015fardan bir manyetik alan olu\u015fturdu\u011fumuz zaman, \u00e7ivi uzarken k\u0131r\u0131k hatt\u0131n\u0131 da uzatm\u0131\u015f oluyor. G\u00fcnde 1 milimetre uzamas\u0131n\u0131 planlad\u0131k. Ameliyattan sonraki 20. g\u00fcn\u00fcm\u00fczde \u00e7ekilen filmlerde 2 santimetrelik uzamay\u0131 g\u00f6rd\u00fck. Her \u015fey kontroll\u00fc gidiyor. 20 g\u00fcn sonra 2 santimetre daha uzayacak. Yakla\u015f\u0131k 40 g\u00fcnde istedi\u011fimiz uzamaya ula\u015faca\u011f\u0131z. B\u00f6yle bir ameliyat i\u00e7in \u00e7ok k\u0131sa bir s\u00fcre. Aradaki sert kemik dokusunun kaynamas\u0131 i\u00e7in 2 ay bekleyece\u011fiz. Yani toplam 3 ay sonra art\u0131k ko\u015fabilecek d\u00fczeye gelecek.&#8221;<\/p>\n<p><img decoding=\"async\" alt=\"\" src=\"https:\/\/www.aa.com.tr\/uploads\/userFiles\/96f91bbd-282f-4a24-a12c-1b1092cfeb3b\/008_2024%2F12_Ocak%2F20_Ocak%2F19%2F20240117_2_62148419_96836143.jpg\"\/><\/p>\n<h3>&#8220;\u0130lk defa dengeli bir \u015fekilde y\u00fcr\u00fcyece\u011fim&#8221;<\/h3>\n<p>Caner Yah\u015fi de ge\u00e7irdi\u011fi trafik kazas\u0131n\u0131n ard\u0131ndan zor g\u00fcnler ya\u015fad\u0131\u011f\u0131n\u0131, ameliyatlar nedeniyle okuluna bir y\u0131l ara vermek zorunda kald\u0131\u011f\u0131n\u0131 s\u00f6yledi.<\/p>\n<p>Baca\u011f\u0131ndaki k\u0131sal\u0131k nedeniyle 8 y\u0131ld\u0131r a\u011fr\u0131 \u00e7ekti\u011fini anlatan Yah\u015fi, ameliyattan sonra hayat\u0131n\u0131n de\u011fi\u015fti\u011fini, k\u0131sa olan aya\u011f\u0131n\u0131n manyetik \u00e7ivilerle 2 santimetre uzad\u0131\u011f\u0131n\u0131 anlatt\u0131.<\/p>\n<p>Bu s\u00fcre\u00e7te doktorunun kendisine \u00e7ok destek verdi\u011fini belirten Yah\u015fi, &#8220;20 g\u00fcn sonra baca\u011f\u0131mdaki uzama tamamlanacak. 2 ay sonra dengeli bir \u015fekilde y\u00fcr\u00fcmeye ba\u015flayaca\u011f\u0131m. Baca\u011f\u0131mdaki uzaman\u0131n fark\u0131nday\u0131m. Giydi\u011fim pantolondan bile bunu fark ediyorum. \u00c7ok mutluyum.&#8221; dedi.<\/p>\n<p>Yah\u015fi, ya\u015fad\u0131\u011f\u0131 sa\u011fl\u0131k sorunlar\u0131 sonras\u0131 sa\u011fl\u0131k personeli olmaya karar verdi\u011fini, girdi\u011fi \u00fcniversite s\u0131nav\u0131nda \u00f6zel bir \u00fcniversitenin Elektron\u00f6rofizyoloji B\u00f6l\u00fcm\u00fcn\u00fc kazand\u0131\u011f\u0131n\u0131, tedavisinin tamamlanmas\u0131n\u0131n ard\u0131ndan e\u011fitimine ba\u015flayaca\u011f\u0131n\u0131 da s\u00f6zlerine ekledi. <\/p>\n<p>                            <span class=\"detay-foto-editor\">&#13;<br \/>\n                                <a href=\"https:\/\/www.aa.com.tr\/tr\/p\/abonelik-talep-formu\/1001\" target=\"_blank\" style=\"font-size:12px; color:#444; text-decoration:none;\" rel=\"noopener\">&#13;<br \/>\n                                    Anadolu Ajans\u0131 web sitesinde, AA Haber Ak\u0131\u015f Sistemi (HAS) \u00fczerinden abonelere sunulan haberler, \u00f6zetlenerek yay\u0131mlanmaktad\u0131r. <b style=\"color:#1897F7\">Abonelik i\u00e7in l\u00fctfen ileti\u015fime ge\u00e7iniz.<\/b>&#13;<br \/>\n                                <\/a>&#13;<br \/>\n                            <\/span>\n                        <\/div>\n<p><script>\n\t  window.fbAsyncInit = function() {\n\t\tFB.init({\n\t\t  appId: '1855843514662870',\n\t\t  status : true, \/\/ check login status\n\t\t  cookie : true, \/\/ enable cookies to allow the server to access the session\n\t\t  xfbml  : true  \/\/ parse XFBML\n\t\t});\n\t  };<\/p>\n<p>\t  (function() {\n\t\tvar e = document.createElement('script');\n\t\te.src=\"https:\/\/connect.facebook.net\/tr_TR\/all.js\";\n\t\te.async = true;\n\t\tdocument.getElementById('fb-root').appendChild(e);\n\t  }());\n    <\/script><\/p>\n","protected":false},"excerpt":{"rendered":"<p>Yunusemre il\u00e7esinde ya\u015fayan Yah\u015fi&#8217;nin 11 ya\u015f\u0131nda otomobil \u00e7arpmas\u0131 sonucu baca\u011f\u0131nda k\u0131r\u0131klar olu\u015ftu. B\u00fcy\u00fcme \u00e7a\u011f\u0131nda ge\u00e7irdi\u011fi ameliyat ve uzun s\u00fcren al\u00e7\u0131 tedavisi nedeniyle bir baca\u011f\u0131 di\u011ferine g\u00f6re 4 santimetre k\u0131sa kalan Yah\u015fi, denge kayb\u0131 nedeniyle ya\u015fam\u0131n\u0131 koltuk de\u011fnekleriyle s\u00fcrd\u00fcrebiliyor. Bacak k\u0131sal\u0131\u011f\u0131n\u0131n tedavisi i\u00e7in Dokuz Eyl\u00fcl \u00dcniversitesi Ara\u015ft\u0131rma ve Uygulama Hastanesine ba\u015fvuran Yah\u015fi, Ortopedi ve Travmatoloji Ana [&hellip;]<\/p>\n","protected":false},"author":1,"featured_media":25387,"comment_status":"","ping_status":"","sticky":false,"template":"","format":"standard","meta":[],"categories":[46],"tags":[],"_links":{"self":[{"href":"https:\/\/kraios.app\/news\/wp-json\/wp\/v2\/posts\/25386"}],"collection":[{"href":"https:\/\/kraios.app\/news\/wp-json\/wp\/v2\/posts"}],"about":[{"href":"https:\/\/kraios.app\/news\/wp-json\/wp\/v2\/types\/post"}],"author":[{"embeddable":true,"href":"https:\/\/kraios.app\/news\/wp-json\/wp\/v2\/users\/1"}],"replies":[{"embeddable":true,"href":"https:\/\/kraios.app\/news\/wp-json\/wp\/v2\/comments?post=25386"}],"version-history":[{"count":0,"href":"https:\/\/kraios.app\/news\/wp-json\/wp\/v2\/posts\/25386\/revisions"}],"wp:featuredmedia":[{"embeddable":true,"href":"https:\/\/kraios.app\/news\/wp-json\/wp\/v2\/media\/25387"}],"wp:attachment":[{"href":"https:\/\/kraios.app\/news\/wp-json\/wp\/v2\/media?parent=25386"}],"wp:term":[{"taxonomy":"category","embeddable":true,"href":"https:\/\/kraios.app\/news\/wp-json\/wp\/v2\/categories?post=25386"},{"taxonomy":"post_tag","embeddable":true,"href":"https:\/\/kraios.app\/news\/wp-json\/wp\/v2\/tags?post=25386"}],"curies":[{"name":"wp","href":"https:\/\/api.w.org\/{rel}","templated":true}]}}