{"id":25305,"date":"2024-01-16T13:07:26","date_gmt":"2024-01-16T13:07:26","guid":{"rendered":"https:\/\/kraios.app\/news\/saglik\/2024\/01\/16\/dsoden-tutun-kullaniminda-yasanan-azalmaya-ragmen-rehavete-kapilmama-uyarisi\/"},"modified":"2024-01-16T13:07:26","modified_gmt":"2024-01-16T13:07:26","slug":"dsoden-tutun-kullaniminda-yasanan-azalmaya-ragmen-rehavete-kapilmama-uyarisi","status":"publish","type":"post","link":"https:\/\/kraios.app\/news\/saglik\/2024\/01\/16\/dsoden-tutun-kullaniminda-yasanan-azalmaya-ragmen-rehavete-kapilmama-uyarisi\/","title":{"rendered":"DS\u00d6&#8217;den t\u00fct\u00fcn kullan\u0131m\u0131nda ya\u015fanan azalmaya ra\u011fmen &#8220;rehavete kap\u0131lmama&#8221; uyar\u0131s\u0131"},"content":{"rendered":"<p><\/p>\n<div>\n<p>D\u00fcnya Sa\u011fl\u0131k \u00d6rg\u00fct\u00fc (DS\u00d6), son y\u0131llarda d\u00fcnya genelinde t\u00fct\u00fcn kullan\u0131m\u0131nda ya\u015fanan azalmaya ra\u011fmen &#8220;rehavete kap\u0131lmama&#8221; uyar\u0131s\u0131nda bulundu.<\/p>\n<p>DS\u00d6 taraf\u0131ndan d\u00fcnya genelinde t\u00fct\u00fcn kullan\u0131m\u0131na ili\u015fkin rapor yay\u0131mland\u0131.<\/p>\n<p>Raporda, d\u00fcnya genelinde 1,25 milyar yeti\u015fkin t\u00fct\u00fcn kullan\u0131c\u0131s\u0131n\u0131n bulundu\u011fu kaydedildi.<\/p>\n<p>2022&#8217;deki e\u011filimlerin d\u00fcnya genelinde t\u00fct\u00fcn kullan\u0131m oranlar\u0131nda azalman\u0131n devam etti\u011fini g\u00f6sterdi\u011fi vurgulanan raporda, &#8220;D\u00fcnya genelinde yakla\u015f\u0131k 5 yeti\u015fkinden 1&#8217;i t\u00fct\u00fcn kullan\u0131rken, 2000&#8217;de bu oran 3 yeti\u015fkinden 1&#8217;iydi.&#8221; ifadeleri yer ald\u0131.<\/p>\n<p>Raporda, 150 \u00fclkenin t\u00fct\u00fcn kullan\u0131m\u0131n\u0131 ba\u015far\u0131yla azaltt\u0131\u011f\u0131 yer al\u0131rken, \u00f6zellikle Brezilya ve Hollanda&#8217;n\u0131n DS\u00d6&#8217;n\u00fcn t\u00fct\u00fcnle m\u00fccadele stratejisi (MPOWER) kapsam\u0131ndaki uygulad\u0131\u011f\u0131 \u00f6nlemlerin ard\u0131ndan ba\u015far\u0131l\u0131 oldu\u011fu bildirildi.<\/p>\n<p>Brezilya&#8217;da t\u00fct\u00fcn kullan\u0131m\u0131nda 2010&#8217;dan bu yana y\u00fczden 35&#8217;lik bir azalma ya\u015fand\u0131\u011f\u0131 kaydedilirken, Hollanda&#8217;da bu oran\u0131n y\u00fczde 30 civar\u0131nda ger\u00e7ekle\u015fti\u011fine i\u015faret edildi.<\/p>\n<p>Raporda, G\u00fcneydo\u011fu Asya B\u00f6lgesi&#8217;nin y\u00fczde 26,5 ile en y\u00fcksek t\u00fct\u00fcn kullanan n\u00fcfus y\u00fczdesine sahip oldu\u011fu kaydedilirken, Avrupa&#8217;da bu oran\u0131n y\u00fczde 25,3 oldu\u011fu belirtildi.<\/p>\n<p>2030&#8217;a kadar Avrupa&#8217;n\u0131n y\u00fczde 23&#8217;\u00fcn biraz \u00fczerinde k\u00fcresel olarak en y\u00fcksek t\u00fct\u00fcn kullan\u0131lan oranlara sahip olmas\u0131n\u0131n \u00f6ng\u00f6r\u00fcld\u00fc\u011f\u00fc ifade edilen raporda, Avrupa&#8217;da kad\u0131nlar aras\u0131nda t\u00fct\u00fcn kullan\u0131m oranlar\u0131n\u0131n k\u00fcresel ortalaman\u0131n iki kat\u0131ndan fazla oldu\u011fu ve di\u011fer t\u00fcm b\u00f6lgelere g\u00f6re \u00e7ok daha yava\u015f bir d\u00fc\u015f\u00fc\u015f g\u00f6sterdi\u011finin alt\u0131 \u00e7izildi.<\/p>\n<p>D\u00fcnya genelinde t\u00fct\u00fcn kullan\u0131m\u0131n\u0131n yayg\u0131nl\u0131\u011f\u0131 baz\u0131 \u00fclkelerde 2010&#8217;dan bu yana \u00e7ok az oranda de\u011fi\u015fti\u011fi hat\u0131rlat\u0131lan raporda, Kongo, M\u0131s\u0131r, Endonezya, \u00dcrd\u00fcn, Umman ve Moldova&#8217;da art\u0131\u015f ya\u015fand\u0131\u011f\u0131 kaydedildi.<\/p>\n<p>Raporda, &#8220;Gelecek nesilleri korumak ve t\u00fct\u00fcn kullan\u0131m\u0131n\u0131n azalmaya devam etmesini sa\u011flamak i\u00e7in DS\u00d6, bu y\u0131lki D\u00fcnya T\u00fct\u00fcne Hay\u0131r G\u00fcn\u00fc&#8217;n\u00fc \u00e7ocuklar\u0131 t\u00fct\u00fcn end\u00fcstrisinin m\u00fcdahalesinden korumaya adayacak.&#8221; denildi.<\/p>\n<p>DS\u00d6&#8217;n\u00fcn \u00fclkelere &#8220;t\u00fct\u00fcn kontrol\u00fc politikalar\u0131n\u0131 uygulamaya devam etme ve t\u00fct\u00fcn end\u00fcstrisinin m\u00fcdahalesine kar\u015f\u0131 m\u00fccadele etmeye devam etme&#8221; \u00e7a\u011fr\u0131s\u0131 da raporda yer ald\u0131.<\/p>\n<h3>DS\u00d6&#8217;den rehavete kap\u0131lmama uyar\u0131s\u0131<\/h3>\n<p>Raporda g\u00f6r\u00fc\u015flerine yer verilen DS\u00d6 Sa\u011fl\u0131k Geli\u015ftirme Direkt\u00f6r\u00fc Ruediger Krech, &#8220;Son y\u0131llarda t\u00fct\u00fcn kullan\u0131m\u0131n\u0131n kontrol\u00fcnde b\u00fcy\u00fck ilerlemeler kaydedildi ancak rehavete kap\u0131lacak zaman yok.&#8221; ifadelerini kulland\u0131.<\/p>\n<p>T\u00fct\u00fcn end\u00fcstrisinin say\u0131s\u0131z hayat\u0131n kaybedilmesi pahas\u0131na kazan\u00e7 i\u00e7in g\u00f6sterdi\u011fi \u00e7aban\u0131n hayret verici oldu\u011funu belirten Krech, &#8220;T\u00fct\u00fcn end\u00fcstrisinin, bir \u00fclkenin t\u00fct\u00fcnle m\u00fccadeleyi kazand\u0131\u011f\u0131n\u0131 d\u00fc\u015f\u00fcnd\u00fc\u011f\u00fc anda sa\u011fl\u0131k politikalar\u0131n\u0131 manip\u00fcle etme ve \u00f6l\u00fcmc\u00fcl \u00fcr\u00fcnlerini satma f\u0131rsat\u0131n\u0131 yakalad\u0131\u011f\u0131n\u0131 g\u00f6r\u00fcyoruz.&#8221; de\u011ferlendirmesinde bulundu.<\/p>\n<p>                            <span class=\"detay-foto-editor\">&#13;<br \/>\n                                <a href=\"https:\/\/www.aa.com.tr\/tr\/p\/abonelik-talep-formu\/1001\" target=\"_blank\" style=\"font-size:12px; color:#444; text-decoration:none;\" rel=\"noopener\">&#13;<br \/>\n                                    Anadolu Ajans\u0131 web sitesinde, AA Haber Ak\u0131\u015f Sistemi (HAS) \u00fczerinden abonelere sunulan haberler, \u00f6zetlenerek yay\u0131mlanmaktad\u0131r. <b style=\"color:#1897F7\">Abonelik i\u00e7in l\u00fctfen ileti\u015fime ge\u00e7iniz.<\/b>&#13;<br \/>\n                                <\/a>&#13;<br \/>\n                            <\/span>\n                        <\/div>\n<p><script>\n\t  window.fbAsyncInit = function() {\n\t\tFB.init({\n\t\t  appId: '1855843514662870',\n\t\t  status : true, \/\/ check login status\n\t\t  cookie : true, \/\/ enable cookies to allow the server to access the session\n\t\t  xfbml  : true  \/\/ parse XFBML\n\t\t});\n\t  };<\/p>\n<p>\t  (function() {\n\t\tvar e = document.createElement('script');\n\t\te.src=\"https:\/\/connect.facebook.net\/tr_TR\/all.js\";\n\t\te.async = true;\n\t\tdocument.getElementById('fb-root').appendChild(e);\n\t  }());\n    <\/script><\/p>\n","protected":false},"excerpt":{"rendered":"<p>D\u00fcnya Sa\u011fl\u0131k \u00d6rg\u00fct\u00fc (DS\u00d6), son y\u0131llarda d\u00fcnya genelinde t\u00fct\u00fcn kullan\u0131m\u0131nda ya\u015fanan azalmaya ra\u011fmen &#8220;rehavete kap\u0131lmama&#8221; uyar\u0131s\u0131nda bulundu. DS\u00d6 taraf\u0131ndan d\u00fcnya genelinde t\u00fct\u00fcn kullan\u0131m\u0131na ili\u015fkin rapor yay\u0131mland\u0131. Raporda, d\u00fcnya genelinde 1,25 milyar yeti\u015fkin t\u00fct\u00fcn kullan\u0131c\u0131s\u0131n\u0131n bulundu\u011fu kaydedildi. 2022&#8217;deki e\u011filimlerin d\u00fcnya genelinde t\u00fct\u00fcn kullan\u0131m oranlar\u0131nda azalman\u0131n devam etti\u011fini g\u00f6sterdi\u011fi vurgulanan raporda, &#8220;D\u00fcnya genelinde yakla\u015f\u0131k 5 yeti\u015fkinden 1&#8217;i [&hellip;]<\/p>\n","protected":false},"author":1,"featured_media":25306,"comment_status":"","ping_status":"","sticky":false,"template":"","format":"standard","meta":[],"categories":[46],"tags":[],"_links":{"self":[{"href":"https:\/\/kraios.app\/news\/wp-json\/wp\/v2\/posts\/25305"}],"collection":[{"href":"https:\/\/kraios.app\/news\/wp-json\/wp\/v2\/posts"}],"about":[{"href":"https:\/\/kraios.app\/news\/wp-json\/wp\/v2\/types\/post"}],"author":[{"embeddable":true,"href":"https:\/\/kraios.app\/news\/wp-json\/wp\/v2\/users\/1"}],"replies":[{"embeddable":true,"href":"https:\/\/kraios.app\/news\/wp-json\/wp\/v2\/comments?post=25305"}],"version-history":[{"count":0,"href":"https:\/\/kraios.app\/news\/wp-json\/wp\/v2\/posts\/25305\/revisions"}],"wp:featuredmedia":[{"embeddable":true,"href":"https:\/\/kraios.app\/news\/wp-json\/wp\/v2\/media\/25306"}],"wp:attachment":[{"href":"https:\/\/kraios.app\/news\/wp-json\/wp\/v2\/media?parent=25305"}],"wp:term":[{"taxonomy":"category","embeddable":true,"href":"https:\/\/kraios.app\/news\/wp-json\/wp\/v2\/categories?post=25305"},{"taxonomy":"post_tag","embeddable":true,"href":"https:\/\/kraios.app\/news\/wp-json\/wp\/v2\/tags?post=25305"}],"curies":[{"name":"wp","href":"https:\/\/api.w.org\/{rel}","templated":true}]}}