{"id":25197,"date":"2024-01-13T09:47:56","date_gmt":"2024-01-13T09:47:56","guid":{"rendered":"https:\/\/kraios.app\/news\/saglik\/2024\/01\/13\/irakli-zennu-bebegin-akcigerini-besleyecek-yapay-damar-konyada-takildi\/"},"modified":"2024-01-13T09:47:56","modified_gmt":"2024-01-13T09:47:56","slug":"irakli-zennu-bebegin-akcigerini-besleyecek-yapay-damar-konyada-takildi","status":"publish","type":"post","link":"https:\/\/kraios.app\/news\/saglik\/2024\/01\/13\/irakli-zennu-bebegin-akcigerini-besleyecek-yapay-damar-konyada-takildi\/","title":{"rendered":"Irakl\u0131 Zennu bebe\u011fin akci\u011ferini besleyecek yapay damar Konya&#8217;da tak\u0131ld\u0131"},"content":{"rendered":"<p><\/p>\n<div>\n<p>S\u00fcleymaniye&#8217;de ya\u015fayan Yunus ailesinin bebe\u011fi Zennu, 39. haftada fark edilen kalp rahats\u0131zl\u0131\u011f\u0131 sonucu ger\u00e7ekle\u015ftirilen sezaryen ile d\u00fcnyaya geldi.<\/p>\n<p>Hastanede aileye, bebe\u011fin kalbinin sol taraf\u0131n\u0131n geli\u015fmedi\u011fi ve akci\u011ferini besleyen ana damar\u0131n olmad\u0131\u011f\u0131 bildirildi.<\/p>\n<p>Bebekleri i\u00e7in y\u00fczde 20 ya\u015fama \u015fans\u0131 oldu\u011funu s\u00f6ylenen aile, bir yak\u0131nlar\u0131n\u0131n arac\u0131l\u0131\u011f\u0131yla Ba\u015fkent \u00dcniversitesi Konya Uygulama ve Ara\u015ft\u0131rma Hastanesi ile ileti\u015fime ge\u00e7ti.<\/p>\n<p><img decoding=\"async\" alt=\"\" src=\"https:\/\/www.aa.com.tr\/uploads\/userFiles\/9c85db40-ef31-40fe-a989-05c7e506d5d0\/01_2024%2F09012024%2Fzennu1_.jpg\"\/><\/p>\n<p>Gerekli kontrollerin yap\u0131lmas\u0131n\u0131n ard\u0131ndan bebe\u011fin al\u0131nmas\u0131 i\u00e7in Konya&#8217;dan \u00e7ocuk hastal\u0131klar\u0131 uzman\u0131 ile donan\u0131ml\u0131 ambulans g\u00f6nderildi.<\/p>\n<p>Yakla\u015f\u0131k 7 saatte S\u00fcleymaniye&#8217;den Habur S\u0131n\u0131r Kap\u0131s\u0131&#8217;na getirilen Zennu bebek, 17 saatlik yolculu\u011fun ard\u0131ndan Konya&#8217;ya ula\u015ft\u0131r\u0131ld\u0131.<\/p>\n<p>Hastanenin \u00c7ocuk Kardiyoloji Uzman\u0131 Doktor \u00d6\u011fretim \u00dcyesi Mahmut G\u00f6kdemir, Kalp ve Damar Cerrahisi Uzman Dr. Mehmet \u00c7elik ve ekibi taraf\u0131ndan ameliyata al\u0131nan Zennu bebe\u011fe, yapay damar yerle\u015ftirildi.<\/p>\n<p><img decoding=\"async\" alt=\"\" src=\"https:\/\/www.aa.com.tr\/uploads\/userFiles\/9c85db40-ef31-40fe-a989-05c7e506d5d0\/01_2024%2F09012024%2Fzennu2_.jpg\"\/><\/p>\n<h3>&#8220;Ya\u015fam\u0131yla ilgili \u00fcmidimiz yoktu&#8221;<\/h3>\n<p>Anne Meryem Yunus (25), AA muhabirine ikinci hamileli\u011finde her \u015feyin normal ilerledi\u011fini ancak gebeli\u011fin 39. haftas\u0131nda bebe\u011fin kalp rahats\u0131zl\u0131\u011f\u0131 nedeniyle acil sezaryene al\u0131nd\u0131klar\u0131n\u0131 anlatt\u0131.<\/p>\n<p>Doktorlar\u0131n bebe\u011fin durumunun k\u00f6t\u00fc oldu\u011funu ve ya\u015fama \u015fans\u0131n\u0131n hi\u00e7 olmad\u0131\u011f\u0131n\u0131n s\u00f6yledi\u011fini dile getiren Yunus, \u015funlar\u0131 kaydetti:<\/p>\n<p>&#8220;Irak&#8217;ta bu ameliyat\u0131n yap\u0131lamayaca\u011f\u0131n\u0131 \u00f6\u011frendik. \u00c7ocuk m\u00fccadele verirken bile herkes &#8216;Umut yok.&#8217; diyordu. Biz de umudumuzu kaybetmeye ba\u015flam\u0131\u015ft\u0131k. Ba\u015fkent \u00dcniversitesi Konya Uygulama ve Ara\u015ft\u0131rma Hastanesi&#8217;ne ula\u015ft\u0131k, bize tedavinin yap\u0131labilece\u011fini s\u00f6ylediler. Irak-T\u00fcrkiye s\u0131n\u0131r\u0131na kadar ambulansla geldik. E\u015fim, b\u00fcy\u00fck o\u011flum ve ben Silopi&#8217;de kald\u0131k. \u00c7ocuktan o gece ayr\u0131 kalmak \u00e7ok zordu. \u00c7ok \u015f\u00fck\u00fcr ameliyat oldu, \u015fimdi iyi. Ya\u015fam\u0131yla ilgili \u00fcmidimiz yoktu. \u00c7ok \u015f\u00fck\u00fcr bebe\u011fimiz ya\u015f\u0131yor, kuca\u011f\u0131m\u0131zda.&#8221;<\/p>\n<p>Hastanenin uluslararas\u0131 hasta departman\u0131 sorumlusu Dr. \u00d6mer Ali Kerk\u00fckl\u00fc, Zennu bebe\u011fin yakla\u015f\u0131k 1500 kilometrelik zorlu bir yolculuk yaparak hastaneye geldi\u011fini belirtti.<\/p>\n<p>Bu bebeklerin bir odadan ba\u015fka bir odaya g\u00f6t\u00fcr\u00fclmelerinin dahi \u00e7ok riskli oldu\u011funu anlatan Kerk\u00fckl\u00fc, \u015f\u00f6yle devam etti:<\/p>\n<p>&#8220;Havadan bile etkileniyorlar. Ameliyat\u0131n Irak&#8217;ta yap\u0131lamayaca\u011f\u0131 anla\u015f\u0131l\u0131nca aile bize ula\u015ft\u0131. \u00c7ocu\u011fun pasaportu, vizesi tamamland\u0131ktan sonra haz\u0131rl\u0131klar\u0131m\u0131z\u0131 yapt\u0131k. Uzman \u00e7ocuk doktorunun da bulundu\u011fu ambulans\u0131 Habur S\u0131n\u0131r Kap\u0131s\u0131&#8217;na g\u00f6nderdik. Ambulans ekibi, aile ile \u015e\u0131rnak&#8217;\u0131n Silopi il\u00e7esinde bulu\u015fup hastay\u0131 devrald\u0131. Yakla\u015f\u0131k 17 saatlik yolculu\u011fun ard\u0131ndan hastanemize ula\u015ft\u0131lar. \u00c7ocuk i\u00e7in toplamda 24 saatlik bir yolculuk ger\u00e7ekle\u015fti. Zennu bebe\u011fin ameliyat\u0131 ve tedavisi 11 g\u00fcn s\u00fcrd\u00fc. \u015eu an bebe\u011fimizin durumu iyi. Memleketine yolcu edece\u011fiz.&#8221;<\/p>\n<p><img decoding=\"async\" alt=\"\" src=\"https:\/\/www.aa.com.tr\/uploads\/userFiles\/9c85db40-ef31-40fe-a989-05c7e506d5d0\/01_2024%2F09012024%2Fmahmut_.jpg\"\/><\/p>\n<p>Doktor \u00d6\u011fretim \u00dcyesi Mahmut G\u00f6kdemir, \u00e7ocu\u011fun tedavisine Kerk\u00fck&#8217;te ba\u015fland\u0131\u011f\u0131n\u0131 dile getirerek, &#8220;Hasta bize ula\u015ft\u0131\u011f\u0131nda 22 g\u00fcnl\u00fck ve 2 kilo 800 gramd\u0131. Hastan\u0131n kalbinin sol odac\u0131klar\u0131 geli\u015fmemi\u015fti ve akci\u011fer damar\u0131 yoktu, akci\u011fer yata\u011f\u0131 da yeterince geli\u015fmemi\u015fti. Ciddi ve \u00f6nemli bir kalp sorunuyla kar\u015f\u0131 kar\u015f\u0131yayd\u0131. Acil kalp ameliyat\u0131 olmas\u0131 gerekiyordu.&#8221; dedi.<\/p>\n<p>Zennu bebe\u011fe \u00f6nce anjiyo yapt\u0131klar\u0131n\u0131 dile getiren G\u00f6kdemir, &#8220;Ertesi g\u00fcn, \u00f6nemli bir a\u00e7\u0131k kalp ameliyat\u0131 yap\u0131ld\u0131. Ameliyattan sonraki yo\u011fun bak\u0131m ve servis takibini \u00e7ocuk kardiyoloji ekibi yapt\u0131. Bebe\u011fin genel durumu olduk\u00e7a iyi. Bekledi\u011fimiz sonucu h\u0131zl\u0131 ve do\u011fru bir \u015fekilde elde ettik.&#8221; diye konu\u015ftu.<\/p>\n<p>Kalp ve Damar Cerrahisi Uzman Dr. Mehmet \u00c7elik de Zennu bebe\u011fin akci\u011ferini besleyecek yapay bir damar yerle\u015ftirdiklerini dile getirdi.<\/p>\n<p>                            <span class=\"detay-foto-editor\">&#13;<br \/>\n                                <a href=\"https:\/\/www.aa.com.tr\/tr\/p\/abonelik-talep-formu\/1001\" target=\"_blank\" style=\"font-size:12px; color:#444; text-decoration:none;\" rel=\"noopener\">&#13;<br \/>\n                                    Anadolu Ajans\u0131 web sitesinde, AA Haber Ak\u0131\u015f Sistemi (HAS) \u00fczerinden abonelere sunulan haberler, \u00f6zetlenerek yay\u0131mlanmaktad\u0131r. <b style=\"color:#1897F7\">Abonelik i\u00e7in l\u00fctfen ileti\u015fime ge\u00e7iniz.<\/b>&#13;<br \/>\n                                <\/a>&#13;<br \/>\n                            <\/span>\n                        <\/div>\n<p><script>\n\t  window.fbAsyncInit = function() {\n\t\tFB.init({\n\t\t  appId: '1855843514662870',\n\t\t  status : true, \/\/ check login status\n\t\t  cookie : true, \/\/ enable cookies to allow the server to access the session\n\t\t  xfbml  : true  \/\/ parse XFBML\n\t\t});\n\t  };<\/p>\n<p>\t  (function() {\n\t\tvar e = document.createElement('script');\n\t\te.src=\"https:\/\/connect.facebook.net\/tr_TR\/all.js\";\n\t\te.async = true;\n\t\tdocument.getElementById('fb-root').appendChild(e);\n\t  }());\n    <\/script><\/p>\n","protected":false},"excerpt":{"rendered":"<p>S\u00fcleymaniye&#8217;de ya\u015fayan Yunus ailesinin bebe\u011fi Zennu, 39. haftada fark edilen kalp rahats\u0131zl\u0131\u011f\u0131 sonucu ger\u00e7ekle\u015ftirilen sezaryen ile d\u00fcnyaya geldi. Hastanede aileye, bebe\u011fin kalbinin sol taraf\u0131n\u0131n geli\u015fmedi\u011fi ve akci\u011ferini besleyen ana damar\u0131n olmad\u0131\u011f\u0131 bildirildi. Bebekleri i\u00e7in y\u00fczde 20 ya\u015fama \u015fans\u0131 oldu\u011funu s\u00f6ylenen aile, bir yak\u0131nlar\u0131n\u0131n arac\u0131l\u0131\u011f\u0131yla Ba\u015fkent \u00dcniversitesi Konya Uygulama ve Ara\u015ft\u0131rma Hastanesi ile ileti\u015fime ge\u00e7ti. Gerekli [&hellip;]<\/p>\n","protected":false},"author":1,"featured_media":25198,"comment_status":"","ping_status":"","sticky":false,"template":"","format":"standard","meta":[],"categories":[46],"tags":[],"_links":{"self":[{"href":"https:\/\/kraios.app\/news\/wp-json\/wp\/v2\/posts\/25197"}],"collection":[{"href":"https:\/\/kraios.app\/news\/wp-json\/wp\/v2\/posts"}],"about":[{"href":"https:\/\/kraios.app\/news\/wp-json\/wp\/v2\/types\/post"}],"author":[{"embeddable":true,"href":"https:\/\/kraios.app\/news\/wp-json\/wp\/v2\/users\/1"}],"replies":[{"embeddable":true,"href":"https:\/\/kraios.app\/news\/wp-json\/wp\/v2\/comments?post=25197"}],"version-history":[{"count":0,"href":"https:\/\/kraios.app\/news\/wp-json\/wp\/v2\/posts\/25197\/revisions"}],"wp:featuredmedia":[{"embeddable":true,"href":"https:\/\/kraios.app\/news\/wp-json\/wp\/v2\/media\/25198"}],"wp:attachment":[{"href":"https:\/\/kraios.app\/news\/wp-json\/wp\/v2\/media?parent=25197"}],"wp:term":[{"taxonomy":"category","embeddable":true,"href":"https:\/\/kraios.app\/news\/wp-json\/wp\/v2\/categories?post=25197"},{"taxonomy":"post_tag","embeddable":true,"href":"https:\/\/kraios.app\/news\/wp-json\/wp\/v2\/tags?post=25197"}],"curies":[{"name":"wp","href":"https:\/\/api.w.org\/{rel}","templated":true}]}}