{"id":25170,"date":"2024-01-13T04:29:21","date_gmt":"2024-01-13T04:29:21","guid":{"rendered":"https:\/\/kraios.app\/news\/saglik\/2024\/01\/13\/hastanelerde-yogunluga-neden-olan-grip-vakalarina-karsi-uzmanlardan-tedbir-cagrisi\/"},"modified":"2024-01-13T04:29:21","modified_gmt":"2024-01-13T04:29:21","slug":"hastanelerde-yogunluga-neden-olan-grip-vakalarina-karsi-uzmanlardan-tedbir-cagrisi","status":"publish","type":"post","link":"https:\/\/kraios.app\/news\/saglik\/2024\/01\/13\/hastanelerde-yogunluga-neden-olan-grip-vakalarina-karsi-uzmanlardan-tedbir-cagrisi\/","title":{"rendered":"Hastanelerde yo\u011funlu\u011fa neden olan grip vakalar\u0131na kar\u015f\u0131 uzmanlardan tedbir \u00e7a\u011fr\u0131s\u0131"},"content":{"rendered":"<p><\/p>\n<div>\n<p>Atat\u00fcrk \u00dcniversitesi T\u0131p Fak\u00fcltesi Enfeksiyon Hastal\u0131klar\u0131 Klinik M\u0130kribiyoloji Ana Bilim Dal\u0131 \u00d6\u011fretim \u00dcyesi Prof. Dr. Ay\u015fe Albayrak, AA muhabirine, son g\u00fcnlerde s\u0131k g\u00f6r\u00fclen gribal enfeksiyon ve solunum yoluyla bula\u015fan hastal\u0131klarla ilgili de\u011ferlendirmede bulundu.<\/p>\n<h3>&#8220;Bu tek bir vir\u00fcse ait salg\u0131n de\u011fil, Kovid-19, influenza vir\u00fcs yani grip vakalar\u0131n\u0131 g\u00f6r\u00fcyoruz&#8221;<\/h3>\n<p>Yurtta etkili olan so\u011fuk alg\u0131nl\u0131\u011f\u0131 ve grip vakalar\u0131ndaki art\u0131\u015f\u0131n\u0131n beklenen durum oldu\u011funu, son haftalarda grip ve so\u011fuk alg\u0131nl\u0131\u011f\u0131 vakalar\u0131nda ciddi art\u0131\u015f g\u00f6r\u00fcld\u00fc\u011f\u00fcn\u00fc belirten Albayrak, &#8220;Bu tek bir vir\u00fcse ait salg\u0131n de\u011fil, Kovid-19, influenza vir\u00fcs yani grip vakalar\u0131n\u0131 g\u00f6r\u00fcyoruz, grip d\u0131\u015f\u0131 nezle ya da so\u011fuk alg\u0131nl\u0131\u011f\u0131 dedi\u011fimiz y\u00fcksek ate\u015fin olmad\u0131\u011f\u0131, burun ak\u0131nt\u0131s\u0131, burun t\u0131kan\u0131kl\u0131\u011f\u0131, hap\u015f\u0131rma ve g\u00f6zlerde sulanma gibi \u015fikayetlerle seyreden nezle ya da so\u011fuk alg\u0131nl\u0131\u011f\u0131 vakalar\u0131 da g\u00f6r\u00fcyoruz.&#8221; dedi.<\/p>\n<p>\u00d6zellikle 65 ya\u015f \u00fczeri ve kronik bron\u015fit, ast\u0131m, koroner arter hastal\u0131\u011f\u0131, kalp yetmezli\u011fi ya da diyabet gibi ek hastal\u0131\u011f\u0131 olanlarda influenza enfeksiyonlar\u0131n\u0131n daha a\u011f\u0131r seyretti\u011fine dikkati \u00e7eken Albayrak, grip a\u015f\u0131s\u0131na \u00e7ok ra\u011fbet edilmedi\u011fini dile getirdi.<\/p>\n<p>Bu gruptakilerin grip a\u015f\u0131lar\u0131n\u0131 yapt\u0131rd\u0131klar\u0131nda hastal\u0131k bula\u015fsa bile ent\u00fcbasyon, yo\u011fun bak\u0131ma yat\u0131\u015f ve di\u011fer komplikasyonlar\u0131n daha az g\u00f6r\u00fcld\u00fc\u011f\u00fcn\u00fc aktaran Albayrak, bu gruptakilere hen\u00fcz grip ge\u00e7irmedilerse influenza a\u015f\u0131lar\u0131n\u0131 mutlaka yapt\u0131rmalar\u0131n\u0131 \u00f6nerdi.<\/p>\n<p>&#8220;Her sene bekledi\u011fimiz, g\u00f6zlemledi\u011fimiz bir \u015fey. Ba\u011f\u0131\u015f\u0131kl\u0131k sistemini g\u00fc\u00e7lendirecek uyku d\u00fczenine ve beslenmeye dikkat edersek hastal\u0131k daha hafif ge\u00e7irilebilir. Korkulacak bir durum yok. Son 2-3 haftad\u0131r yo\u011funluk ya\u015f\u0131yoruz, mevsim ge\u00e7tik\u00e7e vakalar azalacakt\u0131r&#8221; diyen Albayrak, salg\u0131n hastal\u0131klardan korunmada en etkili y\u00f6ntemin maske, hijyen ve mesafe oldu\u011funu vurgulad\u0131.<\/p>\n<p>Albayrak, \u015f\u00f6yle devam etti:<\/p>\n<p>&#8220;\u00d6zellikle hasta ki\u015filerden uzak durulmal\u0131, hastal\u0131k belirtisi olan \u00e7ocuklar\u0131 okula g\u00f6ndermemeliyiz, kalabal\u0131k ortamlarda bulunuyorsak maske kullanmal\u0131y\u0131z. Al\u0131\u015fveri\u015f merkezleri, toplu ta\u015f\u0131ma ara\u00e7lar\u0131nda maske takarsak, \u00f6zellikle hasta olanlar maske takarsa hastal\u0131\u011f\u0131 sa\u011fl\u0131kl\u0131 ki\u015filere bula\u015ft\u0131rmam\u0131\u015f olur. Bu hastal\u0131k ate\u015f, ba\u015f a\u011fr\u0131s\u0131, kas-eklem a\u011fr\u0131s\u0131, \u00f6ks\u00fcr\u00fck, halsizlik, i\u015ftahs\u0131zl\u0131k gibi semptomlarla da seyrediyor. Solunum yoluyla bula\u015ft\u0131\u011f\u0131 i\u00e7in, havalar da so\u011fuk oldu\u011fundan kapal\u0131 ortamlarda daha fazla vakit ge\u00e7iriyoruz, okullar a\u00e7\u0131k bu y\u00fczden bula\u015f bu mevsimde daha fazla oluyor.&#8221;<\/p>\n<h3>&#8220;Yo\u011fun ba\u015fvurular hastaneleri zor durumda b\u0131rak\u0131yor&#8221;<\/h3>\n<p>Atat\u00fcrk \u00dcniversitesi T\u0131p Fak\u00fcltesi Acil T\u0131p Anabilim Dal\u0131 Ba\u015fkan\u0131 ve Acil T\u0131p Uzmanlar\u0131 Derne\u011fi Ba\u015fkan Yard\u0131mc\u0131s\u0131 Prof. Dr. Zeynep G\u00f6kcan \u00c7ak\u0131r da salg\u0131n nedeniyle yo\u011fun ba\u015fvurular\u0131n hastaneleri zaman zaman zor durumda b\u0131rakt\u0131\u011f\u0131n\u0131 s\u00f6yledi.<\/p>\n<p>Hastanelerdeki bula\u015f\u0131n salg\u0131n\u0131n yayg\u0131nla\u015fmas\u0131na sebep olabilece\u011fine i\u015faret eden \u00c7ak\u0131r, &#8220;Acil servisler ve polikliniklere ciddi ba\u015fvurular hastaneleri t\u0131kam\u0131\u015f durumda. \u00d6zellikle acil servisler doldurulmu\u015f vaziyette, ye\u015fil, sar\u0131, k\u0131rm\u0131z\u0131 alanlar bu hastalarla, salg\u0131n\u0131n sebep oldu\u011fu solunum yolu enfeksiyonu vakalar\u0131yla dolu. Bu hem di\u011fer sa\u011fl\u0131k hizmetini aksat\u0131yor hem de bula\u015f\u0131 art\u0131yor.&#8221; diye konu\u015ftu.<\/p>\n<p>\u00c7ak\u0131r, \u00f6zellikle serum almak i\u00e7in hastanede saatlerce beklemenin bula\u015f riskini \u00e7ok\u00e7a art\u0131r\u0131p bireyi bula\u015f kayna\u011f\u0131 haline getirdi\u011fini belirterek, ayn\u0131 zamanda ba\u015fka enfeksiyonlarla bula\u015fa maruz kalmaya sebep oldu\u011funu anlatt\u0131.<\/p>\n<h3>&#8220;Bu d\u00f6nem maskelerimize yeniden d\u00f6nersek \u00e7ok \u00f6nemli bir kazan\u00e7 elde etmi\u015f oluruz&#8221;<\/h3>\n<p>Yakla\u015f\u0131k 3 y\u0131l \u00f6nce Kovid-19 salg\u0131n\u0131nda dikkat edilen maske, mesafe ve temizlik kurallar\u0131na bu d\u00f6nemde pek \u00f6zen g\u00f6sterilmedi\u011fini i\u015faret eden \u00c7ak\u0131r, \u015funlar\u0131 kaydetti:<\/p>\n<p>&#8220;Hasta oluyoruz ve hekime ba\u015fvurup serum takt\u0131rmak ya da birtak\u0131m ila\u00e7larla hemen iyi olmak istiyoruz. Oysa koruyucu \u00f6nemler bu tip hastal\u0131klarda \u00e7ok \u00f6nemli. Bula\u015f\u0131 bir yerden k\u0131rmam\u0131z gerekiyor. Maske korunmada \u00e7ok etkili, sosyal g\u00f6r\u00fc\u015fmeleri k\u0131s\u0131tlamak, m\u00fcmk\u00fcn mertebe kapal\u0131 alanlarda mesafeyi art\u0131rmak ve hijyene dikkat etmeliyiz. Bu d\u00f6nem maskelerimize yeniden d\u00f6nersek \u00e7ok \u00f6nemli bir kazan\u00e7 elde etmi\u015f oluruz. Yine sosyal mesafeyi korumak, sosyal g\u00f6r\u00fc\u015fmelerimizi bir miktar k\u0131s\u0131tlamak, \u00f6zellikle k\u0131\u015f g\u00fcn\u00fcnde kapal\u0131 mekanlarda \u00e7ok durmamal\u0131y\u0131z.&#8221;<\/p>\n<p>Gribal enfeksiyon hastal\u0131klar\u0131na kar\u015f\u0131 ba\u011f\u0131\u015f\u0131kl\u0131k sistemini g\u00fc\u00e7lendirici taze meyve sebze, t\u00fcketmek ve vitamin takviyeleri almakta fayda oldu\u011funu ifade eden \u00c7ak\u0131r, bunlardan en \u00f6nemlisinin maske, mesafe ve hijyene dikkat edip bula\u015f zincirini k\u0131rmak oldu\u011funu s\u00f6zlerine ekledi.<\/p>\n<p>                            <span class=\"detay-foto-editor\">&#13;<br \/>\n                                <a href=\"https:\/\/www.aa.com.tr\/tr\/p\/abonelik-talep-formu\/1001\" target=\"_blank\" style=\"font-size:12px; color:#444; text-decoration:none;\" rel=\"noopener\">&#13;<br \/>\n                                    Anadolu Ajans\u0131 web sitesinde, AA Haber Ak\u0131\u015f Sistemi (HAS) \u00fczerinden abonelere sunulan haberler, \u00f6zetlenerek yay\u0131mlanmaktad\u0131r. <b style=\"color:#1897F7\">Abonelik i\u00e7in l\u00fctfen ileti\u015fime ge\u00e7iniz.<\/b>&#13;<br \/>\n                                <\/a>&#13;<br \/>\n                            <\/span>\n                        <\/div>\n<p><script>\n\t  window.fbAsyncInit = function() {\n\t\tFB.init({\n\t\t  appId: '1855843514662870',\n\t\t  status : true, \/\/ check login status\n\t\t  cookie : true, \/\/ enable cookies to allow the server to access the session\n\t\t  xfbml  : true  \/\/ parse XFBML\n\t\t});\n\t  };<\/p>\n<p>\t  (function() {\n\t\tvar e = document.createElement('script');\n\t\te.src=\"https:\/\/connect.facebook.net\/tr_TR\/all.js\";\n\t\te.async = true;\n\t\tdocument.getElementById('fb-root').appendChild(e);\n\t  }());\n    <\/script><\/p>\n","protected":false},"excerpt":{"rendered":"<p>Atat\u00fcrk \u00dcniversitesi T\u0131p Fak\u00fcltesi Enfeksiyon Hastal\u0131klar\u0131 Klinik M\u0130kribiyoloji Ana Bilim Dal\u0131 \u00d6\u011fretim \u00dcyesi Prof. Dr. Ay\u015fe Albayrak, AA muhabirine, son g\u00fcnlerde s\u0131k g\u00f6r\u00fclen gribal enfeksiyon ve solunum yoluyla bula\u015fan hastal\u0131klarla ilgili de\u011ferlendirmede bulundu. &#8220;Bu tek bir vir\u00fcse ait salg\u0131n de\u011fil, Kovid-19, influenza vir\u00fcs yani grip vakalar\u0131n\u0131 g\u00f6r\u00fcyoruz&#8221; Yurtta etkili olan so\u011fuk alg\u0131nl\u0131\u011f\u0131 ve grip vakalar\u0131ndaki [&hellip;]<\/p>\n","protected":false},"author":1,"featured_media":25171,"comment_status":"","ping_status":"","sticky":false,"template":"","format":"standard","meta":[],"categories":[46],"tags":[],"_links":{"self":[{"href":"https:\/\/kraios.app\/news\/wp-json\/wp\/v2\/posts\/25170"}],"collection":[{"href":"https:\/\/kraios.app\/news\/wp-json\/wp\/v2\/posts"}],"about":[{"href":"https:\/\/kraios.app\/news\/wp-json\/wp\/v2\/types\/post"}],"author":[{"embeddable":true,"href":"https:\/\/kraios.app\/news\/wp-json\/wp\/v2\/users\/1"}],"replies":[{"embeddable":true,"href":"https:\/\/kraios.app\/news\/wp-json\/wp\/v2\/comments?post=25170"}],"version-history":[{"count":0,"href":"https:\/\/kraios.app\/news\/wp-json\/wp\/v2\/posts\/25170\/revisions"}],"wp:featuredmedia":[{"embeddable":true,"href":"https:\/\/kraios.app\/news\/wp-json\/wp\/v2\/media\/25171"}],"wp:attachment":[{"href":"https:\/\/kraios.app\/news\/wp-json\/wp\/v2\/media?parent=25170"}],"wp:term":[{"taxonomy":"category","embeddable":true,"href":"https:\/\/kraios.app\/news\/wp-json\/wp\/v2\/categories?post=25170"},{"taxonomy":"post_tag","embeddable":true,"href":"https:\/\/kraios.app\/news\/wp-json\/wp\/v2\/tags?post=25170"}],"curies":[{"name":"wp","href":"https:\/\/api.w.org\/{rel}","templated":true}]}}