{"id":25158,"date":"2024-01-13T00:29:27","date_gmt":"2024-01-13T00:29:27","guid":{"rendered":"https:\/\/kraios.app\/news\/saglik\/2024\/01\/13\/babasindan-nakledilen-bobregi-iflas-eden-kadin-evlilik-yil-donumunde-esinin-bobregiyle-hayata-tutundu\/"},"modified":"2024-01-13T00:29:27","modified_gmt":"2024-01-13T00:29:27","slug":"babasindan-nakledilen-bobregi-iflas-eden-kadin-evlilik-yil-donumunde-esinin-bobregiyle-hayata-tutundu","status":"publish","type":"post","link":"https:\/\/kraios.app\/news\/saglik\/2024\/01\/13\/babasindan-nakledilen-bobregi-iflas-eden-kadin-evlilik-yil-donumunde-esinin-bobregiyle-hayata-tutundu\/","title":{"rendered":"Babas\u0131ndan nakledilen b\u00f6bre\u011fi iflas eden kad\u0131n, evlilik y\u0131l d\u00f6n\u00fcm\u00fcnde e\u015finin b\u00f6bre\u011fiyle hayata tutundu"},"content":{"rendered":"<p><\/p>\n<div>\n<p>Babas\u0131 vefat eden K\u00fc\u00e7\u00fckhurman, e\u015fi, annesi ve 3 \u00e7ocu\u011fuyla Kayseri&#8217;de ya\u015fam\u0131n\u0131 s\u00fcrd\u00fcr\u00fcyor.<\/p>\n<p>K\u00fc\u00e7\u00fckhurman, AA muhabirine, Mersin&#8217;de ya\u015fad\u0131klar\u0131 d\u00f6nemde \u00e7e\u015fitli \u015fikayetlerle hastaneye ba\u015fvurdu\u011funu, 8 ya\u015f\u0131nda FMF tan\u0131s\u0131 kondu\u011funu s\u00f6yledi.<\/p>\n<p>Bir s\u00fcre Ankara&#8217;da hastal\u0131\u011f\u0131na \u00e7are arad\u0131klar\u0131n\u0131 ard\u0131ndan Erciyes \u00dcniversitesi T\u0131p Fak\u00fcltesi Hastanesinde tedavi g\u00f6rd\u00fc\u011f\u00fcn\u00fc anlatan K\u00fc\u00e7\u00fckhurman, 5 y\u0131l boyunca diyalize girdi\u011fini ve bu d\u00f6nemde e\u015fiyle tan\u0131\u015f\u0131p ni\u015fanland\u0131klar\u0131n\u0131 belirtti.<\/p>\n<p><img decoding=\"async\" alt=\"\" src=\"https:\/\/www.aa.com.tr\/uploads\/userFiles\/54a427bf-71c5-4e63-a83d-6196709e92a3\/008_2024%2F12_OCAK%2F20_Ocak%2F12%2F20240112_2_62078785_96693306.jpg\"\/><\/p>\n<p>K\u00fc\u00e7\u00fckhurman, 19 ya\u015f\u0131ndayken Akdeniz \u00dcniversitesi Hastanesine b\u00f6brek nakli i\u00e7in ba\u015fvurdu\u011funu belirterek, burada babas\u0131ndan nakil yap\u0131lan b\u00f6brekle 16,5 y\u0131l sa\u011fl\u0131kl\u0131 ya\u015fad\u0131\u011f\u0131n\u0131 ifade etti.<\/p>\n<p>\u0130lk b\u00f6brek naklinden sonra \u00e7ocuk sahibi olabilece\u011fini \u00f6\u011frendi\u011fini anlatan K\u00fc\u00e7\u00fckhurman, bir erkek ve k\u0131z \u00e7ocuk sahibi oldu\u011funu s\u00f6yledi.<\/p>\n<p>\u00dc\u00e7 y\u0131l sonra &#8220;Umut&#8221; ad\u0131n\u0131 verdi\u011fi o\u011fluna hamile kald\u0131\u011f\u0131n\u0131 belirten K\u00fc\u00e7\u00fckhurman, &#8220;\u00dc\u00e7\u00fcnc\u00fc evlad\u0131m b\u00fcy\u00fck bir s\u00fcrpriz oldu. Biraz zorlu bir s\u00fcre\u00e7 atlatt\u0131m, do\u011fumum da s\u0131k\u0131nt\u0131l\u0131 oldu. 31 haftal\u0131kken do\u011fum yapt\u0131m. B\u00f6brek de\u011ferlerim y\u00fckselmeye ba\u015flad\u0131\u011f\u0131 i\u00e7in apar topar do\u011fuma ald\u0131lar. Diyaliz hayat\u0131 da bir kurtulu\u015f yolu ama nakil daha \u00e7ok kurtulu\u015f yolu.&#8221; diye konu\u015ftu.<\/p>\n<p>K\u00fc\u00e7\u00fckhurman, daha sonra hastal\u0131\u011f\u0131n\u0131n ila\u00e7 kullanmas\u0131na ra\u011fmen tekrarlad\u0131\u011f\u0131n\u0131 dile getirdi.<\/p>\n<p><img decoding=\"async\" alt=\"\" src=\"https:\/\/www.aa.com.tr\/uploads\/userFiles\/54a427bf-71c5-4e63-a83d-6196709e92a3\/008_2024%2F12_OCAK%2F20_Ocak%2F12%2F20240112_2_62078785_96693310.jpg\"\/><\/p>\n<h3>Evlilik y\u0131l d\u00f6n\u00fcm\u00fcnde e\u015finin b\u00f6bre\u011fiyle hayata tutundu<\/h3>\n<p>Antalya&#8217;da ilk b\u00f6brek naklini yapan doktorlarla g\u00f6r\u00fc\u015ft\u00fc\u011f\u00fcn\u00fc aktaran K\u00fc\u00e7\u00fckhurman, \u015funlar\u0131 kaydetti:<\/p>\n<p>&#8220;B\u00f6bre\u011fimin i\u015flevini yitirdi\u011fini s\u00f6ylediler. E\u015fimin b\u00f6bre\u011finin y\u00fczde 98 uyumlu oldu\u011funu, b\u00f6bre\u011fini bana verdi\u011finde herhangi bir problem olmayaca\u011f\u0131 s\u00f6ylendi. Y\u00fczde 98 uyumlu olmas\u0131na \u015fa\u015f\u0131rd\u0131lar, &#8216;Akraba m\u0131s\u0131n\u0131z&#8217; diye sordular. &#8216;\u00c7ok b\u00fcy\u00fck bir tesad\u00fcf ve f\u0131rsat&#8217; dediler. 6 g\u00fcn i\u00e7inde nakil olduk. Nakil oldu\u011fumuz g\u00fcn evlilik y\u0131l d\u00f6n\u00fcm\u00fcm\u00fczd\u00fc, de\u011fi\u015fik bir \u015feydi. E\u015fimi 3 g\u00fcn, benim de ikinci nakilim oldu\u011fu i\u00e7in tedbir ama\u00e7l\u0131 6 g\u00fcn yat\u0131rd\u0131lar. Bir ay kontrollere gidip geldik, \u015fimdi de ayl\u0131k kontrole gidip geliyorum. 6 ay sonras\u0131nda da tekrar normal rutin hayat\u0131ma devam edebilece\u011fimi s\u00f6ylediler. E\u015fimin sayesinde ikinci kez e\u015fimin ve \u00e7ocuklar\u0131m\u0131n yan\u0131na geri d\u00f6nd\u00fcm.&#8221;<\/p>\n<p><img decoding=\"async\" alt=\"\" src=\"https:\/\/www.aa.com.tr\/uploads\/userFiles\/54a427bf-71c5-4e63-a83d-6196709e92a3\/008_2024%2F12_OCAK%2F20_Ocak%2F12%2F20240112_2_62078785_96693311.jpg\"\/><\/p>\n<p>K\u00fc\u00e7\u00fckhurman, organ nakli konusunda insanlar\u0131n bilin\u00e7lenmesi gerekti\u011fini, nakil bekleyen hem b\u00fcy\u00fck hem de k\u00fc\u00e7\u00fck ya\u015fta hastalar bulundu\u011funa dikkati \u00e7ekti.<\/p>\n<p>Son naklinde en \u00e7ok da nakil bekleyen k\u00fc\u00e7\u00fck \u00e7ocuklar g\u00f6rd\u00fc\u011f\u00fcn\u00fc belirten K\u00fc\u00e7\u00fckhurman, \u015f\u00f6yle devam etti:<\/p>\n<p>&#8220;Herkesin organ\u0131n\u0131 ba\u011f\u0131\u015flamas\u0131n\u0131 isterim. Babam bana b\u00f6bre\u011fini verece\u011fi zaman \u00e7ok vazge\u00e7irmeye \u00e7al\u0131\u015fm\u0131\u015flard\u0131 ama \u00e7ok \u015f\u00fck\u00fcr babam karar\u0131ndan vazge\u00e7medi. Hatta derdi ki &#8216;Bir b\u00f6bre\u011fim sana ikinci b\u00f6bre\u011fimin de bana yar\u0131s\u0131 yetecek olsa yar\u0131s\u0131 da ba\u015fkas\u0131n\u0131n hayat\u0131n\u0131 kurtaracak deseler onu bile ba\u011f\u0131\u015flar\u0131m.&#8217; \u015eu an 4 b\u00f6bre\u011fim bulunuyor. \u0130kisi kendi ana b\u00f6bre\u011fim, biri babam\u0131n, biri de e\u015fimden ald\u0131\u011f\u0131m b\u00f6bre\u011fim. 3&#8217;\u00fc i\u015flevini yitirmi\u015f durumda ama e\u015fimden ald\u0131\u011f\u0131m b\u00f6brek \u015fu an g\u00f6revini yap\u0131yor.&#8221;<\/p>\n<p><img decoding=\"async\" alt=\"\" src=\"https:\/\/www.aa.com.tr\/uploads\/userFiles\/54a427bf-71c5-4e63-a83d-6196709e92a3\/008_2024%2F12_OCAK%2F20_Ocak%2F12%2F20240112_2_62078785_96693312.jpg\"\/><\/p>\n<h3>&#8220;B\u00fct\u00fcn organlar\u0131m\u0131 ba\u011f\u0131\u015flam\u0131\u015ft\u0131m, e\u015fime k\u0131smet oldu&#8221;<\/h3>\n<p>E\u015fine b\u00f6bre\u011fini veren sa\u011fl\u0131k \u00e7al\u0131\u015fan\u0131 Mustafa K\u00fc\u00e7\u00fckhurman ise a\u011fustos ay\u0131nda y\u00fczde 98 uyum sa\u011flayan b\u00f6bre\u011fini e\u015fine verdi\u011fini belirtti.<\/p>\n<p>E\u015finin de kendisinin de sa\u011fl\u0131kl\u0131 oldu\u011funa dikkati \u00e7eken K\u00fc\u00e7\u00fckhurman, \u015funlar\u0131 kaydetti:<\/p>\n<p>&#8220;\u0130nsanlar organ ba\u011f\u0131\u015flarken teredd\u00fctte kalmas\u0131n. Tek b\u00f6brekle ya\u015fayabilir miyim diye d\u00fc\u015f\u00fcnmesinler. Birini verince di\u011fer b\u00f6brek de tam \u00e7al\u0131\u015fmaya devam ediyor. Son \u00e7ocu\u011fumuzun do\u011fdu\u011fu ve e\u015fimin b\u00f6bre\u011fin de s\u0131k\u0131nt\u0131 \u00e7\u0131kmaya ba\u015flad\u0131\u011f\u0131 d\u00f6nemde ben tahlillerimi yapt\u0131r\u0131p b\u00fct\u00fcn organlar\u0131m\u0131 ba\u011f\u0131\u015flam\u0131\u015ft\u0131m, e\u015fime nasip etti Allah. Di\u011fer organlar\u0131m da \u00f6ld\u00fc\u011f\u00fcmde ba\u015fkalar\u0131na nasip olacakt\u0131r. \u00d6ld\u00fc\u011f\u00fcm\u00fcz zaman beden toprak oluyor, ba\u015fka bir can\u0131 kurtarmak \u00e7ok g\u00fczel. Nakilden sonra da her t\u00fcrl\u00fc i\u015fi yap\u0131yorum, a\u011f\u0131r da kald\u0131r\u0131yorum, hi\u00e7bir s\u0131k\u0131nt\u0131m yok. Karaci\u011fer nakli mesela Allah&#8217;\u0131n hikmeti, k\u00fc\u00e7\u00fcc\u00fck bir par\u00e7a veriyorsun kar\u015f\u0131ndakinde o b\u00fcy\u00fcyor kocaman bir karaci\u011feri oluyor. Antalya&#8217;da k\u00fc\u00e7\u00fcc\u00fck \u00e7ocuklara anneleri, babalar\u0131 karaci\u011ferlerini verdi, \u00e7ok gurur vericiydi.&#8221;<\/p>\n<p>K\u00fc\u00e7\u00fckhurman, \u00f6zel hastanede ger\u00e7ekle\u015ftirilen nakile \u00fccret \u00f6deyece\u011fini d\u00fc\u015f\u00fcnerek arabas\u0131n\u0131 satmay\u0131 planlad\u0131\u011f\u0131n\u0131 ancak hi\u00e7bir \u00fccret \u00f6demedi\u011fini, insanlar\u0131n bunu da bilmesi gerekti\u011fini s\u00f6zlerine ekledi.<\/p>\n<p>Anne Ayten Ba\u015f da 7 ya\u015f\u0131ndan itibaren k\u0131z\u0131n\u0131n hastal\u0131\u011f\u0131yla m\u00fccadele etti\u011fini belirterek, sa\u011fl\u0131\u011f\u0131 elveren herkesin organlar\u0131n\u0131 ba\u011f\u0131\u015flamaya davet etti.<\/p>\n<p>                            <span class=\"detay-foto-editor\">&#13;<br \/>\n                                <a href=\"https:\/\/www.aa.com.tr\/tr\/p\/abonelik-talep-formu\/1001\" target=\"_blank\" style=\"font-size:12px; color:#444; text-decoration:none;\" rel=\"noopener\">&#13;<br \/>\n                                    Anadolu Ajans\u0131 web sitesinde, AA Haber Ak\u0131\u015f Sistemi (HAS) \u00fczerinden abonelere sunulan haberler, \u00f6zetlenerek yay\u0131mlanmaktad\u0131r. <b style=\"color:#1897F7\">Abonelik i\u00e7in l\u00fctfen ileti\u015fime ge\u00e7iniz.<\/b>&#13;<br \/>\n                                <\/a>&#13;<br \/>\n                            <\/span>\n                        <\/div>\n<p><script>\n\t  window.fbAsyncInit = function() {\n\t\tFB.init({\n\t\t  appId: '1855843514662870',\n\t\t  status : true, \/\/ check login status\n\t\t  cookie : true, \/\/ enable cookies to allow the server to access the session\n\t\t  xfbml  : true  \/\/ parse XFBML\n\t\t});\n\t  };<\/p>\n<p>\t  (function() {\n\t\tvar e = document.createElement('script');\n\t\te.src=\"https:\/\/connect.facebook.net\/tr_TR\/all.js\";\n\t\te.async = true;\n\t\tdocument.getElementById('fb-root').appendChild(e);\n\t  }());\n    <\/script><\/p>\n","protected":false},"excerpt":{"rendered":"<p>Babas\u0131 vefat eden K\u00fc\u00e7\u00fckhurman, e\u015fi, annesi ve 3 \u00e7ocu\u011fuyla Kayseri&#8217;de ya\u015fam\u0131n\u0131 s\u00fcrd\u00fcr\u00fcyor. K\u00fc\u00e7\u00fckhurman, AA muhabirine, Mersin&#8217;de ya\u015fad\u0131klar\u0131 d\u00f6nemde \u00e7e\u015fitli \u015fikayetlerle hastaneye ba\u015fvurdu\u011funu, 8 ya\u015f\u0131nda FMF tan\u0131s\u0131 kondu\u011funu s\u00f6yledi. Bir s\u00fcre Ankara&#8217;da hastal\u0131\u011f\u0131na \u00e7are arad\u0131klar\u0131n\u0131 ard\u0131ndan Erciyes \u00dcniversitesi T\u0131p Fak\u00fcltesi Hastanesinde tedavi g\u00f6rd\u00fc\u011f\u00fcn\u00fc anlatan K\u00fc\u00e7\u00fckhurman, 5 y\u0131l boyunca diyalize girdi\u011fini ve bu d\u00f6nemde e\u015fiyle tan\u0131\u015f\u0131p ni\u015fanland\u0131klar\u0131n\u0131 [&hellip;]<\/p>\n","protected":false},"author":1,"featured_media":25160,"comment_status":"","ping_status":"","sticky":false,"template":"","format":"standard","meta":[],"categories":[46],"tags":[],"_links":{"self":[{"href":"https:\/\/kraios.app\/news\/wp-json\/wp\/v2\/posts\/25158"}],"collection":[{"href":"https:\/\/kraios.app\/news\/wp-json\/wp\/v2\/posts"}],"about":[{"href":"https:\/\/kraios.app\/news\/wp-json\/wp\/v2\/types\/post"}],"author":[{"embeddable":true,"href":"https:\/\/kraios.app\/news\/wp-json\/wp\/v2\/users\/1"}],"replies":[{"embeddable":true,"href":"https:\/\/kraios.app\/news\/wp-json\/wp\/v2\/comments?post=25158"}],"version-history":[{"count":0,"href":"https:\/\/kraios.app\/news\/wp-json\/wp\/v2\/posts\/25158\/revisions"}],"wp:featuredmedia":[{"embeddable":true,"href":"https:\/\/kraios.app\/news\/wp-json\/wp\/v2\/media\/25160"}],"wp:attachment":[{"href":"https:\/\/kraios.app\/news\/wp-json\/wp\/v2\/media?parent=25158"}],"wp:term":[{"taxonomy":"category","embeddable":true,"href":"https:\/\/kraios.app\/news\/wp-json\/wp\/v2\/categories?post=25158"},{"taxonomy":"post_tag","embeddable":true,"href":"https:\/\/kraios.app\/news\/wp-json\/wp\/v2\/tags?post=25158"}],"curies":[{"name":"wp","href":"https:\/\/api.w.org\/{rel}","templated":true}]}}