{"id":25135,"date":"2024-01-12T05:39:27","date_gmt":"2024-01-12T05:39:27","guid":{"rendered":"https:\/\/kraios.app\/news\/saglik\/2024\/01\/12\/vucudu-alkol-ureten-hastanin-tedavisine-giresunda-baslandi\/"},"modified":"2024-01-12T05:39:27","modified_gmt":"2024-01-12T05:39:27","slug":"vucudu-alkol-ureten-hastanin-tedavisine-giresunda-baslandi","status":"publish","type":"post","link":"https:\/\/kraios.app\/news\/saglik\/2024\/01\/12\/vucudu-alkol-ureten-hastanin-tedavisine-giresunda-baslandi\/","title":{"rendered":"V\u00fccudu alkol \u00fcreten hastan\u0131n tedavisine Giresun&#8217;da ba\u015fland\u0131"},"content":{"rendered":"<p><\/p>\n<div>\n<p>Giresun E\u011fitim ve Ara\u015ft\u0131rma Hastanesi Ba\u015fhekimi Do\u00e7. Dr. Faz\u0131l Kulakl\u0131, hastanede d\u00fczenledi\u011fi bas\u0131n toplant\u0131s\u0131nda, 2023 y\u0131l\u0131nda ula\u015f\u0131lan hasta, tetkik ve i\u015flem say\u0131lar\u0131na ili\u015fkin bilgi verdi.<\/p>\n<p>Ge\u00e7en y\u0131l tomografi, radyoterapi, MR gibi yeni cihazlar\u0131n hastaneye kazand\u0131r\u0131ld\u0131\u011f\u0131n\u0131 aktaran Kulakl\u0131, kornea nakli gibi \u00f6nemli \u00e7al\u0131\u015fmalar da yapt\u0131klar\u0131n\u0131 s\u00f6yledi.<\/p>\n<p>Kulakl\u0131, hastanenin y\u00fczde 90 dolulukla hizmet verdi\u011fine i\u015faret ederek, &#8220;Yeni bir ek bina talebimiz oldu, binayla ilgili \u00e7al\u0131\u015fmalar\u0131m\u0131z\u0131 ba\u015flatt\u0131k, yak\u0131n d\u00f6nemde in\u015fallah bununla ilgili m\u00fcjdeli haber bekliyoruz.&#8221; dedi.<\/p>\n<p><img decoding=\"async\" alt=\"\" src=\"https:\/\/www.aa.com.tr\/uploads\/userFiles\/a54ea27f-6036-4f79-88c6-6bc9ba19a35d\/08_Nisan%2F03%20ekim%2F09%2FAA-33410504.jpg\"\/><\/p>\n<h3>Auto brewery sendromu<\/h3>\n<p>Sa\u011fl\u0131k turizmi ile yurt i\u00e7i ve d\u0131\u015f\u0131ndan hastalar beklediklerini belirten Kulakl\u0131, s\u00f6zlerini \u015f\u00f6yle s\u00fcrd\u00fcrd\u00fc:<\/p>\n<p>&#8220;Auto brewery olarak adland\u0131r\u0131lan, v\u00fccudun kendi kendine alkol \u00fcretme sendromu olan bir hastaya tedavi verdik. Bu hastam\u0131z bas\u0131nda &#8216;i\u00e7meden sarho\u015f olma&#8217; gibi bir terimle geni\u015f yer buldu. Bu hastam\u0131z\u0131n, alkol almamas\u0131na ra\u011fmen alkol d\u00fczeyi y\u00fcksek oluyordu. \u015eu anda Giresun E\u011fitim ve Ara\u015ft\u0131rma Hastanesi, T\u00fcrkiye&#8217;de bu hastal\u0131\u011f\u0131n tedavisinin merkezi haline geldi. Orta Do\u011fu&#8217;nun da merkezi olma teklifi ald\u0131k, bunun i\u00e7in alana ihtiyac\u0131m\u0131z var ama sa\u011fl\u0131k turizminde Giresun&#8217;un ad\u0131n\u0131 duyuruyoruz ve duyurmaya devam edece\u011fiz.&#8221;<\/p>\n<p>Kulakl\u0131, \u0130zmir&#8217;den bir hastan\u0131n tedavi i\u00e7in Giresun&#8217;a geldi\u011fini kaydederek, &#8220;\u0130stanbul&#8217;dan gelecek olanlar var, bir \u00f6nceki hastam\u0131z da \u0130stanbul&#8217;dan gelmi\u015fti. T\u00fcrkiye&#8217;nin farkl\u0131 illerinden 20-30 ki\u015fi bizi arad\u0131. Ama tabii ki bu hastalar\u0131 yat\u0131r\u0131p tedavi etti\u011fimiz zaman kapasitemiz yeterli olmad\u0131\u011f\u0131 i\u00e7in, normal hizmet gereken hastalara hizmet veremeyece\u011fimiz i\u00e7in bu hastalar\u0131 bir bir al\u0131yoruz.&#8221; diye konu\u015ftu.<\/p>\n<p>Giresun \u00dcniversitesi T\u0131p Fak\u00fcltesi T\u0131bbi Mikrobiyoloji Uzman\u0131 Do\u00e7. Dr. Emel Uzuno\u011flu da d\u00fcnyada tedavisi \u00e7ok az yerde yap\u0131lan hastal\u0131\u011f\u0131n Orta Do\u011fu&#8217;da merkezi olma yolunda ilerlediklerini s\u00f6yledi.<\/p>\n<p>                            <span class=\"detay-foto-editor\">&#13;<br \/>\n                                <a href=\"https:\/\/www.aa.com.tr\/tr\/p\/abonelik-talep-formu\/1001\" target=\"_blank\" style=\"font-size:12px; color:#444; text-decoration:none;\" rel=\"noopener\">&#13;<br \/>\n                                    Anadolu Ajans\u0131 web sitesinde, AA Haber Ak\u0131\u015f Sistemi (HAS) \u00fczerinden abonelere sunulan haberler, \u00f6zetlenerek yay\u0131mlanmaktad\u0131r. <b style=\"color:#1897F7\">Abonelik i\u00e7in l\u00fctfen ileti\u015fime ge\u00e7iniz.<\/b>&#13;<br \/>\n                                <\/a>&#13;<br \/>\n                            <\/span>\n                        <\/div>\n<p><script>\n\t  window.fbAsyncInit = function() {\n\t\tFB.init({\n\t\t  appId: '1855843514662870',\n\t\t  status : true, \/\/ check login status\n\t\t  cookie : true, \/\/ enable cookies to allow the server to access the session\n\t\t  xfbml  : true  \/\/ parse XFBML\n\t\t});\n\t  };<\/p>\n<p>\t  (function() {\n\t\tvar e = document.createElement('script');\n\t\te.src=\"https:\/\/connect.facebook.net\/tr_TR\/all.js\";\n\t\te.async = true;\n\t\tdocument.getElementById('fb-root').appendChild(e);\n\t  }());\n    <\/script><\/p>\n","protected":false},"excerpt":{"rendered":"<p>Giresun E\u011fitim ve Ara\u015ft\u0131rma Hastanesi Ba\u015fhekimi Do\u00e7. Dr. Faz\u0131l Kulakl\u0131, hastanede d\u00fczenledi\u011fi bas\u0131n toplant\u0131s\u0131nda, 2023 y\u0131l\u0131nda ula\u015f\u0131lan hasta, tetkik ve i\u015flem say\u0131lar\u0131na ili\u015fkin bilgi verdi. Ge\u00e7en y\u0131l tomografi, radyoterapi, MR gibi yeni cihazlar\u0131n hastaneye kazand\u0131r\u0131ld\u0131\u011f\u0131n\u0131 aktaran Kulakl\u0131, kornea nakli gibi \u00f6nemli \u00e7al\u0131\u015fmalar da yapt\u0131klar\u0131n\u0131 s\u00f6yledi. Kulakl\u0131, hastanenin y\u00fczde 90 dolulukla hizmet verdi\u011fine i\u015faret ederek, &#8220;Yeni [&hellip;]<\/p>\n","protected":false},"author":1,"featured_media":25136,"comment_status":"","ping_status":"","sticky":false,"template":"","format":"standard","meta":[],"categories":[46],"tags":[],"_links":{"self":[{"href":"https:\/\/kraios.app\/news\/wp-json\/wp\/v2\/posts\/25135"}],"collection":[{"href":"https:\/\/kraios.app\/news\/wp-json\/wp\/v2\/posts"}],"about":[{"href":"https:\/\/kraios.app\/news\/wp-json\/wp\/v2\/types\/post"}],"author":[{"embeddable":true,"href":"https:\/\/kraios.app\/news\/wp-json\/wp\/v2\/users\/1"}],"replies":[{"embeddable":true,"href":"https:\/\/kraios.app\/news\/wp-json\/wp\/v2\/comments?post=25135"}],"version-history":[{"count":0,"href":"https:\/\/kraios.app\/news\/wp-json\/wp\/v2\/posts\/25135\/revisions"}],"wp:featuredmedia":[{"embeddable":true,"href":"https:\/\/kraios.app\/news\/wp-json\/wp\/v2\/media\/25136"}],"wp:attachment":[{"href":"https:\/\/kraios.app\/news\/wp-json\/wp\/v2\/media?parent=25135"}],"wp:term":[{"taxonomy":"category","embeddable":true,"href":"https:\/\/kraios.app\/news\/wp-json\/wp\/v2\/categories?post=25135"},{"taxonomy":"post_tag","embeddable":true,"href":"https:\/\/kraios.app\/news\/wp-json\/wp\/v2\/tags?post=25135"}],"curies":[{"name":"wp","href":"https:\/\/api.w.org\/{rel}","templated":true}]}}