{"id":25102,"date":"2024-01-11T13:00:05","date_gmt":"2024-01-11T13:00:05","guid":{"rendered":"https:\/\/kraios.app\/news\/saglik\/2024\/01\/11\/turk-kizilay-birbirimize-candan-bagliyiz-sloganiyla-ulusal-kan-bagisi-kampanyasi-baslatti\/"},"modified":"2024-01-11T13:00:05","modified_gmt":"2024-01-11T13:00:05","slug":"turk-kizilay-birbirimize-candan-bagliyiz-sloganiyla-ulusal-kan-bagisi-kampanyasi-baslatti","status":"publish","type":"post","link":"https:\/\/kraios.app\/news\/saglik\/2024\/01\/11\/turk-kizilay-birbirimize-candan-bagliyiz-sloganiyla-ulusal-kan-bagisi-kampanyasi-baslatti\/","title":{"rendered":"T\u00fcrk K\u0131z\u0131lay &#8220;Birbirimize candan ba\u011fl\u0131y\u0131z&#8221; slogan\u0131yla ulusal kan ba\u011f\u0131\u015f\u0131 kampanyas\u0131 ba\u015flatt\u0131"},"content":{"rendered":"<p><\/p>\n<div>\n<p>T\u00fcrk K\u0131z\u0131lay Ba\u015fkan\u0131 Fatma Meri\u00e7 Y\u0131lmaz, bir otelde d\u00fczenlenen programda, k\u0131\u015f \u015fartlar\u0131n\u0131n hayat\u0131 iyice zorla\u015ft\u0131rmas\u0131ndan \u00f6nce kan stoklar\u0131n\u0131 belirli bir seviyenin \u00fczerine \u00e7\u0131karmak ve kan ba\u011f\u0131\u015f\u0131 hakk\u0131nda fark\u0131ndal\u0131k olu\u015fturmak i\u00e7in ba\u015flat\u0131lan ulusal kan ba\u011f\u0131\u015f\u0131 kampanyas\u0131n\u0131n tan\u0131t\u0131m\u0131n\u0131 yapt\u0131.<\/p>\n<p>Konu\u015fmas\u0131nda yaz ve k\u0131\u015f aylar\u0131 ile ramazanda kan ba\u011f\u0131\u015f\u0131 sisteminin zorland\u0131\u011f\u0131n\u0131 ifade eden Y\u0131lmaz, &#8220;Tam k\u0131\u015fa girerken kampanyam\u0131z\u0131 kan stoklar\u0131m\u0131z\u0131 artt\u0131rmak i\u00e7in f\u0131rsat olarak g\u00f6r\u00fcyoruz.&#8221; dedi.<\/p>\n<p><img decoding=\"async\" alt=\"\" src=\"https:\/\/www.aa.com.tr\/uploads\/userFiles\/a54ea27f-6036-4f79-88c6-6bc9ba19a35d\/08_Nisan%2F03%20ekim%2F09%2FAA-33410720.jpg\"\/><\/p>\n<p>Ba\u011f\u0131\u015f\u00e7\u0131lar\u0131n hi\u00e7 tan\u0131mad\u0131klar\u0131 insanlarla g\u00f6n\u00fcl ba\u011f\u0131 kurduklar\u0131n\u0131 belirten Y\u0131lmaz, g\u00fcvenli kan temini projesinin b\u00fcy\u00fcd\u00fc\u011f\u00fcn\u00fc, d\u00fcnyan\u0131n en g\u00fcvenilir kan y\u00f6netim sistemlerinden biri haline geldi\u011fini, 69 kan ba\u011f\u0131\u015f merkezi, 18 b\u00f6lge kan merkezi, 300&#8217;den fazla mobil ara\u00e7 ve 2 bin 920 uzman personelin gece g\u00fcnd\u00fcz demeden bu organizasyonu yapt\u0131\u011f\u0131n\u0131 anlatt\u0131.<\/p>\n<p>Kan veren ki\u015finin sa\u011fl\u0131\u011f\u0131n\u0131n da kan alan ki\u015fininki kadar \u00f6nemli oldu\u011funu vurgulayan Y\u0131lmaz, bu sebeple kan al\u0131m\u0131ndan \u00f6nce ba\u011f\u0131\u015f\u00e7\u0131n\u0131n fiziki muayenesinin yap\u0131ld\u0131\u011f\u0131n\u0131 bildirdi.<\/p>\n<p><img decoding=\"async\" alt=\"\" src=\"https:\/\/www.aa.com.tr\/uploads\/userFiles\/a54ea27f-6036-4f79-88c6-6bc9ba19a35d\/08_Nisan%2F03%20ekim%2F09%2FAA-33410723.jpg\"\/><\/p>\n<p>Testler yap\u0131ld\u0131ktan ve kullan\u0131m\u0131n\u0131n g\u00fcvenli oldu\u011fu kan\u0131tland\u0131ktan sonra kanlar\u0131n T\u00fcrkiye genelindeki hastanelere teslim edildi\u011fini aktaran Y\u0131lmaz, &#8220;T\u00fcrkiye genelindeki t\u00fcm kan sistemi K\u0131z\u0131lay taraf\u0131ndan y\u00fcr\u00fct\u00fcl\u00fcyor. Bu d\u00f6ng\u00fcn\u00fcn herhangi bir yerinde hasta ve K\u0131z\u0131lay aras\u0131nda para al\u0131\u015fveri\u015finin olmas\u0131 zaten sistem olarak m\u00fcmk\u00fcn de\u011fil. K\u0131z\u0131lay\u0131n yapt\u0131\u011f\u0131 kan sistemi kamu hizmetidir, devletimizin kontrol\u00fcnde, sponsorlu\u011funda y\u00fcr\u00fcyen bir hizmettir.&#8221; diye konu\u015ftu.<\/p>\n<p><img decoding=\"async\" alt=\"\" src=\"https:\/\/www.aa.com.tr\/uploads\/userFiles\/a54ea27f-6036-4f79-88c6-6bc9ba19a35d\/08_Nisan%2F03%20ekim%2F09%2FAA-33410724.jpg\"\/><\/p>\n<h3>5 bin 651 ki\u015fi T\u00dcRKK\u00d6K sayesinde hayata tutundu<\/h3>\n<p>Y\u0131lmaz, 2023 y\u0131l\u0131n\u0131 2 milyon 674 bin \u00fcnite kan ba\u011f\u0131\u015f\u0131yla tamamlad\u0131klar\u0131n\u0131, bu rakam\u0131n \u00fclkedeki kan kullan\u0131m\u0131n\u0131n y\u00fczde 87&#8217;sine kar\u015f\u0131l\u0131k geldi\u011fini s\u00f6yledi.<\/p>\n<p>T\u00fcrkiye K\u00f6k H\u00fccre Koordinasyon Merkezinden (T\u00dcRKK\u00d6K) de bahseden Fatma Meri\u00e7 Y\u0131lmaz, \u015funlar\u0131 kaydetti:<\/p>\n<p>&#8220;T\u00dcRKK\u00d6K, k\u00f6k h\u00fccre nakline ihtiya\u00e7 duyan hastalar\u0131m\u0131z\u0131n vericilere \u00e7ok daha kolay ula\u015fabilmelerini sa\u011flayan bir veri bankas\u0131. Ba\u011f\u0131\u015f\u00e7\u0131lar\u0131m\u0131za &#8216;K\u00f6k h\u00fccre vericisi olmak ister misiniz?&#8217; diye soruyoruz. Kanlar\u0131n\u0131 al\u0131yoruz ve Sa\u011fl\u0131k Bakanl\u0131\u011f\u0131 bunlar\u0131n testlerini ger\u00e7ekle\u015ftiriyor. Birinin k\u00f6k h\u00fccreye ihtiyac\u0131 oldu\u011funda Sa\u011fl\u0131k Bakanl\u0131\u011f\u0131n\u0131n veri taban\u0131na ba\u015fvuruda bulunuluyor. E\u015fle\u015fme sa\u011fland\u0131\u011f\u0131nda vericilerimize &#8216;e\u015fle\u015fme sa\u011fland\u0131&#8217; diye m\u00fcjdeyi veriyoruz ve nakil ger\u00e7ekle\u015fiyor. Bug\u00fcn sistemin i\u00e7inde 1 milyon 75 bin 687 veri saklan\u0131yor. Bug\u00fcne kadar sistem \u00fczerinden 21 bin 106 e\u015fle\u015fme oldu, 5 bin 651 ki\u015fi bu sayede hayat\u0131na devam eder hale geldi.&#8221;<\/p>\n<p><img decoding=\"async\" alt=\"\" src=\"https:\/\/www.aa.com.tr\/uploads\/userFiles\/a54ea27f-6036-4f79-88c6-6bc9ba19a35d\/08_Nisan%2F03%20ekim%2F09%2FAA-33410725.jpg\"\/><\/p>\n<p>18-65 ya\u015f aras\u0131 her sa\u011fl\u0131kl\u0131 kad\u0131n\u0131n 4, erke\u011fin 3 ayda bir kan ba\u011f\u0131\u015flayabilece\u011fi bilgisini veren Y\u0131lmaz, d\u00fczenli kan ba\u011f\u0131\u015f\u0131n\u0131n \u015fu an y\u00fczde 47,5 oldu\u011funu, bunu y\u00fczde 80&#8217;lere \u00e7\u0131karmay\u0131 hedeflediklerini dile getirdi.<\/p>\n<p>Y\u0131lmaz, konu\u015fmas\u0131n\u0131n ard\u0131ndan d\u00fczenli kan ba\u011f\u0131\u015f\u00e7\u0131lar\u0131na plaket takdim etti. Program\u0131n sonunda kat\u0131l\u0131mc\u0131lar kan ba\u011f\u0131\u015f\u0131nda bulundu.<\/p>\n<p>                            <span class=\"detay-foto-editor\">&#13;<br \/>\n                                <a href=\"https:\/\/www.aa.com.tr\/tr\/p\/abonelik-talep-formu\/1001\" target=\"_blank\" style=\"font-size:12px; color:#444; text-decoration:none;\" rel=\"noopener\">&#13;<br \/>\n                                    Anadolu Ajans\u0131 web sitesinde, AA Haber Ak\u0131\u015f Sistemi (HAS) \u00fczerinden abonelere sunulan haberler, \u00f6zetlenerek yay\u0131mlanmaktad\u0131r. <b style=\"color:#1897F7\">Abonelik i\u00e7in l\u00fctfen ileti\u015fime ge\u00e7iniz.<\/b>&#13;<br \/>\n                                <\/a>&#13;<br \/>\n                            <\/span>\n                        <\/div>\n<p><script>\n\t  window.fbAsyncInit = function() {\n\t\tFB.init({\n\t\t  appId: '1855843514662870',\n\t\t  status : true, \/\/ check login status\n\t\t  cookie : true, \/\/ enable cookies to allow the server to access the session\n\t\t  xfbml  : true  \/\/ parse XFBML\n\t\t});\n\t  };<\/p>\n<p>\t  (function() {\n\t\tvar e = document.createElement('script');\n\t\te.src=\"https:\/\/connect.facebook.net\/tr_TR\/all.js\";\n\t\te.async = true;\n\t\tdocument.getElementById('fb-root').appendChild(e);\n\t  }());\n    <\/script><\/p>\n","protected":false},"excerpt":{"rendered":"<p>T\u00fcrk K\u0131z\u0131lay Ba\u015fkan\u0131 Fatma Meri\u00e7 Y\u0131lmaz, bir otelde d\u00fczenlenen programda, k\u0131\u015f \u015fartlar\u0131n\u0131n hayat\u0131 iyice zorla\u015ft\u0131rmas\u0131ndan \u00f6nce kan stoklar\u0131n\u0131 belirli bir seviyenin \u00fczerine \u00e7\u0131karmak ve kan ba\u011f\u0131\u015f\u0131 hakk\u0131nda fark\u0131ndal\u0131k olu\u015fturmak i\u00e7in ba\u015flat\u0131lan ulusal kan ba\u011f\u0131\u015f\u0131 kampanyas\u0131n\u0131n tan\u0131t\u0131m\u0131n\u0131 yapt\u0131. Konu\u015fmas\u0131nda yaz ve k\u0131\u015f aylar\u0131 ile ramazanda kan ba\u011f\u0131\u015f\u0131 sisteminin zorland\u0131\u011f\u0131n\u0131 ifade eden Y\u0131lmaz, &#8220;Tam k\u0131\u015fa girerken kampanyam\u0131z\u0131 [&hellip;]<\/p>\n","protected":false},"author":1,"featured_media":25103,"comment_status":"","ping_status":"","sticky":false,"template":"","format":"standard","meta":[],"categories":[46],"tags":[],"_links":{"self":[{"href":"https:\/\/kraios.app\/news\/wp-json\/wp\/v2\/posts\/25102"}],"collection":[{"href":"https:\/\/kraios.app\/news\/wp-json\/wp\/v2\/posts"}],"about":[{"href":"https:\/\/kraios.app\/news\/wp-json\/wp\/v2\/types\/post"}],"author":[{"embeddable":true,"href":"https:\/\/kraios.app\/news\/wp-json\/wp\/v2\/users\/1"}],"replies":[{"embeddable":true,"href":"https:\/\/kraios.app\/news\/wp-json\/wp\/v2\/comments?post=25102"}],"version-history":[{"count":0,"href":"https:\/\/kraios.app\/news\/wp-json\/wp\/v2\/posts\/25102\/revisions"}],"wp:featuredmedia":[{"embeddable":true,"href":"https:\/\/kraios.app\/news\/wp-json\/wp\/v2\/media\/25103"}],"wp:attachment":[{"href":"https:\/\/kraios.app\/news\/wp-json\/wp\/v2\/media?parent=25102"}],"wp:term":[{"taxonomy":"category","embeddable":true,"href":"https:\/\/kraios.app\/news\/wp-json\/wp\/v2\/categories?post=25102"},{"taxonomy":"post_tag","embeddable":true,"href":"https:\/\/kraios.app\/news\/wp-json\/wp\/v2\/tags?post=25102"}],"curies":[{"name":"wp","href":"https:\/\/api.w.org\/{rel}","templated":true}]}}