{"id":25070,"date":"2024-01-11T02:04:30","date_gmt":"2024-01-11T02:04:30","guid":{"rendered":"https:\/\/kraios.app\/news\/saglik\/2024\/01\/11\/izmir-sehir-hastanesinde-organ-nakli-ameliyatlari-basladi\/"},"modified":"2024-01-11T02:04:30","modified_gmt":"2024-01-11T02:04:30","slug":"izmir-sehir-hastanesinde-organ-nakli-ameliyatlari-basladi","status":"publish","type":"post","link":"https:\/\/kraios.app\/news\/saglik\/2024\/01\/11\/izmir-sehir-hastanesinde-organ-nakli-ameliyatlari-basladi\/","title":{"rendered":"\u0130zmir \u015eehir Hastanesinde organ nakli ameliyatlar\u0131 ba\u015flad\u0131"},"content":{"rendered":"<p><\/p>\n<div>\n<p>\u0130l Sa\u011fl\u0131k M\u00fcd\u00fcrl\u00fc\u011f\u00fcnden yap\u0131lan a\u00e7\u0131klamaya g\u00f6re, Genel Cerrahi Uzmanlar\u0131 Prof. Dr. Adam Uslu, Prof. Dr. Sait Murat Do\u011fan ve Do\u00e7. Dr. G\u00f6kalp Okut taraf\u0131ndan hastanede ge\u00e7en hafta, 48 ya\u015f\u0131ndaki U\u011fur Bulut&#8217;a, 40 ya\u015f\u0131ndaki karde\u015fi Ufuk Bulut\u2019tan al\u0131nan b\u00f6brek nakledildi.<\/p>\n<p>Bu ameliyat\u0131n ard\u0131ndan trafik kazas\u0131 sonucu beyin \u00f6l\u00fcm\u00fc ger\u00e7ekle\u015fen bir hastan\u0131n b\u00f6brekleri hastanede 2 hastaya nakledildi.<\/p>\n<p>A\u00e7\u0131klamada g\u00f6r\u00fc\u015flerine yer verilen Ba\u015fhekim Prof. Dr. Orhan G\u00f6kalp, hastanenin organ nakli birimini operasyonlar nedeniyle kutlad\u0131.<\/p>\n<p>\u0130lklerin \u00f6nemli oldu\u011funu belirten G\u00f6kalp, &#8220;Hastanemiz yeni a\u00e7\u0131lan fakat s\u00fcratle ivme kazanan, b\u00f6lgenin sa\u011fl\u0131kta parlayan bir merkez haline geldi. Hastanemizin \u00fcst d\u00fczey olanaklar\u0131, ekiplerimizin profesyonelli\u011fi ile birle\u015fince ortaya \u00e7ok g\u00fczel i\u015fler \u00e7\u0131k\u0131yor. Hekim arkada\u015flar\u0131m\u0131z\u0131n ellerine sa\u011fl\u0131k. Hastalar\u0131m\u0131z da ge\u00e7mi\u015f olsun dileklerimi iletiyorum.&#8221; ifadelerini kulland\u0131.<\/p>\n<p><img decoding=\"async\" alt=\"\" src=\"https:\/\/www.aa.com.tr\/uploads\/userFiles\/c9f1ae26-3cf3-4ab4-9d72-230dedd01a4c\/20240110_2_62052155_96634898.jpg\"\/><\/p>\n<h3>2 bin 60 yatakl\u0131 hastane<\/h3>\n<p>\u0130zmir \u015eehir Hastanesi, genel hastane ile kad\u0131n do\u011fum ve \u00e7ocuk hastanesi, kalp damar ve kardiyoloji hastanesi, onkoloji Hastanesi, fizik tedavi hastanesi, adli psikiyatri hastanesi, kemik ili\u011fi merkezi, organ nakli merkezi, inme merkezi, uyku merkezi ve hiperbarik oksijen tedavi merkezini i\u00e7eriyor.<\/p>\n<p>\u0130leri t\u0131p teknolojilerine ve geli\u015fmi\u015f olanaklara sahip 2 bin 60 yatakl\u0131 \u0130zmir \u015eehir Hastanesi, toplam 628 bin 15 metrekare kapal\u0131 alana sahip hastanenin 337 poliklini\u011fi, 54 ameliyathanesi, 374 yo\u011fun bak\u0131m yata\u011f\u0131, 30 diyaliz yata\u011f\u0131 bulunuyor. \u0130zmir \u015eehir Hastanesi, bu \u00f6zellikleriyle Ege B\u00f6lgesi&#8217;nin en b\u00fcy\u00fck hastanesi olma niteli\u011fini ta\u015f\u0131yor.<\/p>\n<p>\u0130zmir Kar\u015f\u0131yaka \u00c7evre Yolu yan\u0131ndaki alana kurulan hastanenin yap\u0131m\u0131, 2017&#8217;de ba\u015flam\u0131\u015ft\u0131.<\/p>\n<p>                            <span class=\"detay-foto-editor\">&#13;<br \/>\n                                <a href=\"https:\/\/www.aa.com.tr\/tr\/p\/abonelik-talep-formu\/1001\" target=\"_blank\" style=\"font-size:12px; color:#444; text-decoration:none;\" rel=\"noopener\">&#13;<br \/>\n                                    Anadolu Ajans\u0131 web sitesinde, AA Haber Ak\u0131\u015f Sistemi (HAS) \u00fczerinden abonelere sunulan haberler, \u00f6zetlenerek yay\u0131mlanmaktad\u0131r. <b style=\"color:#1897F7\">Abonelik i\u00e7in l\u00fctfen ileti\u015fime ge\u00e7iniz.<\/b>&#13;<br \/>\n                                <\/a>&#13;<br \/>\n                            <\/span>\n                        <\/div>\n<p><script>\n\t  window.fbAsyncInit = function() {\n\t\tFB.init({\n\t\t  appId: '1855843514662870',\n\t\t  status : true, \/\/ check login status\n\t\t  cookie : true, \/\/ enable cookies to allow the server to access the session\n\t\t  xfbml  : true  \/\/ parse XFBML\n\t\t});\n\t  };<\/p>\n<p>\t  (function() {\n\t\tvar e = document.createElement('script');\n\t\te.src=\"https:\/\/connect.facebook.net\/tr_TR\/all.js\";\n\t\te.async = true;\n\t\tdocument.getElementById('fb-root').appendChild(e);\n\t  }());\n    <\/script><\/p>\n","protected":false},"excerpt":{"rendered":"<p>\u0130l Sa\u011fl\u0131k M\u00fcd\u00fcrl\u00fc\u011f\u00fcnden yap\u0131lan a\u00e7\u0131klamaya g\u00f6re, Genel Cerrahi Uzmanlar\u0131 Prof. Dr. Adam Uslu, Prof. Dr. Sait Murat Do\u011fan ve Do\u00e7. Dr. G\u00f6kalp Okut taraf\u0131ndan hastanede ge\u00e7en hafta, 48 ya\u015f\u0131ndaki U\u011fur Bulut&#8217;a, 40 ya\u015f\u0131ndaki karde\u015fi Ufuk Bulut\u2019tan al\u0131nan b\u00f6brek nakledildi. Bu ameliyat\u0131n ard\u0131ndan trafik kazas\u0131 sonucu beyin \u00f6l\u00fcm\u00fc ger\u00e7ekle\u015fen bir hastan\u0131n b\u00f6brekleri hastanede 2 hastaya nakledildi. [&hellip;]<\/p>\n","protected":false},"author":1,"featured_media":25071,"comment_status":"","ping_status":"","sticky":false,"template":"","format":"standard","meta":[],"categories":[46],"tags":[],"_links":{"self":[{"href":"https:\/\/kraios.app\/news\/wp-json\/wp\/v2\/posts\/25070"}],"collection":[{"href":"https:\/\/kraios.app\/news\/wp-json\/wp\/v2\/posts"}],"about":[{"href":"https:\/\/kraios.app\/news\/wp-json\/wp\/v2\/types\/post"}],"author":[{"embeddable":true,"href":"https:\/\/kraios.app\/news\/wp-json\/wp\/v2\/users\/1"}],"replies":[{"embeddable":true,"href":"https:\/\/kraios.app\/news\/wp-json\/wp\/v2\/comments?post=25070"}],"version-history":[{"count":0,"href":"https:\/\/kraios.app\/news\/wp-json\/wp\/v2\/posts\/25070\/revisions"}],"wp:featuredmedia":[{"embeddable":true,"href":"https:\/\/kraios.app\/news\/wp-json\/wp\/v2\/media\/25071"}],"wp:attachment":[{"href":"https:\/\/kraios.app\/news\/wp-json\/wp\/v2\/media?parent=25070"}],"wp:term":[{"taxonomy":"category","embeddable":true,"href":"https:\/\/kraios.app\/news\/wp-json\/wp\/v2\/categories?post=25070"},{"taxonomy":"post_tag","embeddable":true,"href":"https:\/\/kraios.app\/news\/wp-json\/wp\/v2\/tags?post=25070"}],"curies":[{"name":"wp","href":"https:\/\/api.w.org\/{rel}","templated":true}]}}