{"id":25042,"date":"2024-01-10T09:44:41","date_gmt":"2024-01-10T09:44:41","guid":{"rendered":"https:\/\/kraios.app\/news\/saglik\/2024\/01\/10\/prof-dr-metintastan-eris-varyantina-karsi-istirahat-ve-bol-sulu-gida-onerisi\/"},"modified":"2024-01-10T09:44:41","modified_gmt":"2024-01-10T09:44:41","slug":"prof-dr-metintastan-eris-varyantina-karsi-istirahat-ve-bol-sulu-gida-onerisi","status":"publish","type":"post","link":"https:\/\/kraios.app\/news\/saglik\/2024\/01\/10\/prof-dr-metintastan-eris-varyantina-karsi-istirahat-ve-bol-sulu-gida-onerisi\/","title":{"rendered":"Prof. Dr. Metinta\u015f&#8217;tan &#8220;eris&#8221; varyant\u0131na kar\u015f\u0131 istirahat ve bol sulu g\u0131da \u00f6nerisi"},"content":{"rendered":"<p><\/p>\n<div>\n<p>ESOG\u00dc Rekt\u00f6rl\u00fc\u011f\u00fcnden yap\u0131lan a\u00e7\u0131klamada g\u00f6r\u00fc\u015flerine yer verilen Prof. Dr. Metinta\u015f, d\u00fcnya \u00fczerinde grip vir\u00fcs\u00fcn\u00fcn yan\u0131 s\u0131ra Kovid-19 etkeni SARS-CoV-2&#8217;nin de \u00f6nemli \u00f6l\u00e7\u00fcde yayg\u0131n oldu\u011funu, vir\u00fcs\u00fcn evrimini ger\u00e7ekle\u015ftirirken mutasyona u\u011frad\u0131\u011f\u0131n\u0131 ve halk aras\u0131nda &#8220;eris&#8221; olarak adland\u0131r\u0131lan yeni bir varyant\u0131n ortaya \u00e7\u0131kt\u0131\u011f\u0131n\u0131 belirtti.<\/p>\n<p>Yayg\u0131nl\u0131\u011f\u0131n nedenlerini vir\u00fcs\u00fcn do\u011fas\u0131, hastal\u0131\u011f\u0131 ge\u00e7irenlerin ba\u011f\u0131\u015f\u0131k olmamalar\u0131 ve istenen a\u015f\u0131lama oran\u0131na ula\u015f\u0131lamamas\u0131 olarak s\u0131ralayan Metinta\u015f, &#8220;Pandeminin ilk y\u0131l\u0131nda de\u011filiz, daha az say\u0131da vaka g\u00f6r\u00fcyoruz ve her yeni varyant ilk \u00e7\u0131kan tipe g\u00f6re daha az \u00f6ld\u00fcr\u00fcc\u00fc, daha az \u015fiddetle hastal\u0131k yap\u0131yor ancak daha \u00e7ok bula\u015f\u0131c\u0131.&#8221; ifadesini kulland\u0131.<\/p>\n<p>Metinta\u015f, hem influenza vir\u00fcs\u00fc hem de koronavir\u00fcs\u00fcn yayg\u0131n oldu\u011fu bu d\u00f6nemde \u00f6zellikle riskli grupta bulunanlar\u0131n kendilerini iyi korumalar\u0131 gerekti\u011fine dikkati \u00e7ekti.<\/p>\n<p>&#8220;Maske, mesafe, temizlik&#8221; kural\u0131n\u0131 hat\u0131rlatan Metinta\u015f, \u015f\u00f6yle devam etti:<\/p>\n<p>&#8220;Vir\u00fcsler ancak laboratuvarda s\u00fcr\u00fcnt\u00fc \u00f6rne\u011fiyle ayr\u0131labilir. Ancak tedavileri a\u00e7\u0131s\u0131ndan bir farkl\u0131l\u0131k yoktur. Hasta takibinin yap\u0131lmas\u0131, istirahat edilmesi ve bol sulu g\u0131dan\u0131n al\u0131nmas\u0131 gerekir. Ate\u015f y\u00fcksekli\u011finin devam etmesi, solunum s\u0131k\u0131nt\u0131s\u0131n\u0131n ba\u015flamas\u0131yla sa\u011fl\u0131k kurulu\u015flar\u0131na ba\u015fvurulmal\u0131d\u0131r. Kovid-19 a\u015f\u0131lar\u0131yla ilgili \u00e7ok yayg\u0131n &#8216;infodemi&#8217; dedi\u011fimiz hatal\u0131 bilgiler var. Bunlar\u0131n ger\u00e7ekle bir ili\u015fkisi yoktur. D\u00fcnya Sa\u011fl\u0131k \u00d6rg\u00fct\u00fc bununla ilgili \u00e7al\u0131\u015fmalar yapt\u0131. A\u015f\u0131s\u0131 eksik olanlar\u0131n a\u015f\u0131lar\u0131n\u0131 tamamlatmalar\u0131nda da fayda var.&#8221;<\/p>\n<p><img decoding=\"async\" alt=\"\" src=\"https:\/\/www.aa.com.tr\/uploads\/userFiles\/76bad36d-1411-48e8-a1ae-b65e58872c06\/01.04%2F15%2FNew%20folder%2F20240109_2_62029156_96592545.jpg\"\/><\/p>\n<h3>&#8220;Kirli ellerle a\u011f\u0131z, burun ve g\u00f6ze dokunmamak gerekiyor&#8221;<\/h3>\n<p>Prof. Dr. Metinta\u015f, bireylerin sa\u011fl\u0131kl\u0131yken kendilerini korumalar\u0131n\u0131n \u00f6nemli oldu\u011funu vurgulad\u0131.<\/p>\n<p>\u0130yi beslenmenin ve fiziksel aktivitenin \u00f6nemine ili\u015fkin \u00e7al\u0131\u015fmalar\u0131n bulundu\u011funu aktaran Metinta\u015f, &#8220;Onun d\u0131\u015f\u0131nda ellerin temiz tutulmas\u0131, s\u0131k s\u0131k y\u0131kanmas\u0131, el y\u0131kama f\u0131rsat\u0131 olmad\u0131\u011f\u0131 durumlarda en az y\u00fczde 60 i\u00e7eren alkol dezenfektanlar\u0131yla ellerin temizlenmesi geliyor. Kirli ellerle solunum yoluyla vir\u00fcslerin v\u00fccuda girdi\u011fi a\u011f\u0131z, burun ve g\u00f6ze dokunmamak gerekiyor. Hasta bireylerle temas etmemek gerekiyor.&#8221; de\u011ferlendirmesini yapt\u0131.<\/p>\n<p>Metinta\u015f, kalabal\u0131k ve havaland\u0131rmas\u0131 k\u00f6t\u00fc bir yere girildi\u011finde maske tak\u0131lmas\u0131na ihtiya\u00e7 oldu\u011funu belirtti.<\/p>\n<p>Hasta bireylerin toplum ve kalabal\u0131k i\u00e7ine girmeyip kendini izole etmesinin \u00f6nemine de\u011finen Metinta\u015f, &#8220;Hasta olan ki\u015filer bir mecburiyet i\u00e7in toplum i\u00e7ine girecekse mutlaka maskelerini \u00e7ok daha titizlikle takmalar\u0131 gerekiyor. Bir istirahat s\u00fcrecinin olmas\u0131 laz\u0131m. A\u015f\u0131 olmayan bireylerin a\u015f\u0131lar\u0131n\u0131 olmas\u0131nda b\u00fcy\u00fck fayda var.&#8221; a\u00e7\u0131klamas\u0131n\u0131 yapt\u0131.<\/p>\n<p>                            <span class=\"detay-foto-editor\">&#13;<br \/>\n                                <a href=\"https:\/\/www.aa.com.tr\/tr\/p\/abonelik-talep-formu\/1001\" target=\"_blank\" style=\"font-size:12px; color:#444; text-decoration:none;\" rel=\"noopener\">&#13;<br \/>\n                                    Anadolu Ajans\u0131 web sitesinde, AA Haber Ak\u0131\u015f Sistemi (HAS) \u00fczerinden abonelere sunulan haberler, \u00f6zetlenerek yay\u0131mlanmaktad\u0131r. <b style=\"color:#1897F7\">Abonelik i\u00e7in l\u00fctfen ileti\u015fime ge\u00e7iniz.<\/b>&#13;<br \/>\n                                <\/a>&#13;<br \/>\n                            <\/span>\n                        <\/div>\n<p><script>\n\t  window.fbAsyncInit = function() {\n\t\tFB.init({\n\t\t  appId: '1855843514662870',\n\t\t  status : true, \/\/ check login status\n\t\t  cookie : true, \/\/ enable cookies to allow the server to access the session\n\t\t  xfbml  : true  \/\/ parse XFBML\n\t\t});\n\t  };<\/p>\n<p>\t  (function() {\n\t\tvar e = document.createElement('script');\n\t\te.src=\"https:\/\/connect.facebook.net\/tr_TR\/all.js\";\n\t\te.async = true;\n\t\tdocument.getElementById('fb-root').appendChild(e);\n\t  }());\n    <\/script><\/p>\n","protected":false},"excerpt":{"rendered":"<p>ESOG\u00dc Rekt\u00f6rl\u00fc\u011f\u00fcnden yap\u0131lan a\u00e7\u0131klamada g\u00f6r\u00fc\u015flerine yer verilen Prof. Dr. Metinta\u015f, d\u00fcnya \u00fczerinde grip vir\u00fcs\u00fcn\u00fcn yan\u0131 s\u0131ra Kovid-19 etkeni SARS-CoV-2&#8217;nin de \u00f6nemli \u00f6l\u00e7\u00fcde yayg\u0131n oldu\u011funu, vir\u00fcs\u00fcn evrimini ger\u00e7ekle\u015ftirirken mutasyona u\u011frad\u0131\u011f\u0131n\u0131 ve halk aras\u0131nda &#8220;eris&#8221; olarak adland\u0131r\u0131lan yeni bir varyant\u0131n ortaya \u00e7\u0131kt\u0131\u011f\u0131n\u0131 belirtti. Yayg\u0131nl\u0131\u011f\u0131n nedenlerini vir\u00fcs\u00fcn do\u011fas\u0131, hastal\u0131\u011f\u0131 ge\u00e7irenlerin ba\u011f\u0131\u015f\u0131k olmamalar\u0131 ve istenen a\u015f\u0131lama oran\u0131na ula\u015f\u0131lamamas\u0131 olarak [&hellip;]<\/p>\n","protected":false},"author":1,"featured_media":25043,"comment_status":"","ping_status":"","sticky":false,"template":"","format":"standard","meta":[],"categories":[46],"tags":[],"_links":{"self":[{"href":"https:\/\/kraios.app\/news\/wp-json\/wp\/v2\/posts\/25042"}],"collection":[{"href":"https:\/\/kraios.app\/news\/wp-json\/wp\/v2\/posts"}],"about":[{"href":"https:\/\/kraios.app\/news\/wp-json\/wp\/v2\/types\/post"}],"author":[{"embeddable":true,"href":"https:\/\/kraios.app\/news\/wp-json\/wp\/v2\/users\/1"}],"replies":[{"embeddable":true,"href":"https:\/\/kraios.app\/news\/wp-json\/wp\/v2\/comments?post=25042"}],"version-history":[{"count":0,"href":"https:\/\/kraios.app\/news\/wp-json\/wp\/v2\/posts\/25042\/revisions"}],"wp:featuredmedia":[{"embeddable":true,"href":"https:\/\/kraios.app\/news\/wp-json\/wp\/v2\/media\/25043"}],"wp:attachment":[{"href":"https:\/\/kraios.app\/news\/wp-json\/wp\/v2\/media?parent=25042"}],"wp:term":[{"taxonomy":"category","embeddable":true,"href":"https:\/\/kraios.app\/news\/wp-json\/wp\/v2\/categories?post=25042"},{"taxonomy":"post_tag","embeddable":true,"href":"https:\/\/kraios.app\/news\/wp-json\/wp\/v2\/tags?post=25042"}],"curies":[{"name":"wp","href":"https:\/\/api.w.org\/{rel}","templated":true}]}}