{"id":24859,"date":"2024-01-05T16:14:40","date_gmt":"2024-01-05T16:14:40","guid":{"rendered":"https:\/\/kraios.app\/news\/saglik\/2024\/01\/05\/hitit-universitesinde-cevre-kirliliginin-ureme-sagligina-etkileri-arastiriliyor\/"},"modified":"2024-01-05T16:14:40","modified_gmt":"2024-01-05T16:14:40","slug":"hitit-universitesinde-cevre-kirliliginin-ureme-sagligina-etkileri-arastiriliyor","status":"publish","type":"post","link":"https:\/\/kraios.app\/news\/saglik\/2024\/01\/05\/hitit-universitesinde-cevre-kirliliginin-ureme-sagligina-etkileri-arastiriliyor\/","title":{"rendered":"Hitit \u00dcniversitesinde \u00e7evre kirlili\u011finin \u00fcreme sa\u011fl\u0131\u011f\u0131na etkileri ara\u015ft\u0131r\u0131l\u0131yor"},"content":{"rendered":"<p><\/p>\n<div>\n<p>Sa\u011fl\u0131k Hizmetleri Meslek Y\u00fcksekokulu \u00c7evre Sa\u011fl\u0131\u011f\u0131 B\u00f6l\u00fcm\u00fc \u00d6\u011fretim G\u00f6revlisi Dr. Merve \u0130lhan, \u00e7evre kirlili\u011fine neden olan partik\u00fcllerin belirlenmesi amac\u0131yla &#8220;Kad\u0131n \u00dcreme Sa\u011fl\u0131\u011f\u0131 ve \u00c7evre Kirleticileri Projesi&#8221;ni hayata ge\u00e7irdi.<\/p>\n<p>T\u00fcrkiye Sa\u011fl\u0131k Enstit\u00fcleri Ba\u015fkanl\u0131\u011f\u0131nca desteklenmeye hak kazanan proje kapsam\u0131nda, nano boyutta ak\u0131ll\u0131 polimerler geli\u015ftirilerek, \u00e7evre kirleticilerin kad\u0131n \u00fcreme sa\u011fl\u0131\u011f\u0131 \u00fczerindeki etkileri ara\u015ft\u0131r\u0131lacak.<\/p>\n<p>Bir y\u0131lda tamamlanmas\u0131 planlanan projede Hitit \u00dcniversitesi \u00dcreme Endokrinolojisi ve \u0130nfertilite Klini\u011fine ba\u015fvuran 18-40 ya\u015f aral\u0131\u011f\u0131nda d\u00fc\u015f\u00fck ve normal yumurtal\u0131k rezervine sahip kad\u0131nlardan al\u0131nacak \u00f6rnekler, optik sens\u00f6rle incelenecek.<\/p>\n<p><img decoding=\"async\" alt=\"\" src=\"https:\/\/www.aa.com.tr\/uploads\/userFiles\/54a427bf-71c5-4e63-a83d-6196709e92a3\/008_2024%2F12_OCAK%2F27_Ocak%2F13%2F20240105_2_61980394_96477610.jpg\"\/><\/p>\n<p>Merve \u0130lhan, gazetecilere, proje sonunda elde edilecek verilerin kad\u0131nlar\u0131n \u00fcreme sa\u011fl\u0131\u011f\u0131n\u0131 olumsuz etkileyen d\u00fc\u015f\u00fck yumurtal\u0131k rezervi, erken menopoz, polikistik over sendromu (adet d\u00fczensizli\u011fi ve hamile kalmakta g\u00fc\u00e7l\u00fck \u00e7ekme yak\u0131nmalar\u0131) gibi hastal\u0131klar\u0131n \u00e7evre kirleticileriyle ili\u015fkisinin ayd\u0131nlat\u0131laca\u011f\u0131n\u0131 s\u00f6yledi.<\/p>\n<p>Do\u011fal veya sanayi faaliyetleri sonucu olu\u015fan \u00e7evre kirleticilerinin insan hayat\u0131n\u0131 tehdit edecek d\u00fczeye geldi\u011fine dikkati \u00e7eken \u0130lhan, 2020&#8217;de \u0130svi\u00e7re merkezli bir \u015firket taraf\u0131ndan haz\u0131rlanan ve 106 \u00fclkeyi kapsayan D\u00fcnya Hava Kirlili\u011fi raporuna g\u00f6re T\u00fcrkiye&#8217;de partik\u00fcler madde cinsinden hava kirlili\u011finin en yo\u011fun oldu\u011fu ilin \u00c7orum olarak belirlendi\u011fini belirtti.<\/p>\n<p>T\u00fcrkiye&#8217;nin, Avrupa Ye\u015fil Mutabakat\u0131 ve Paris \u0130klim Anla\u015fmalar\u0131 gibi \u00e7evre kirletici seviyelerini belirli bir d\u00fczeyde tutmay\u0131 ama\u00e7layan anla\u015fmalara taraf olarak destek verdi\u011fini dile getiren \u0130lhan, \u00e7evreyi ve havay\u0131 kirleten kimyasallar\u0131n hormon bozucu etkisinin de t\u0131p literat\u00fcr\u00fcnde yer ald\u0131\u011f\u0131n\u0131 anlatt\u0131.<\/p>\n<p>D\u00fc\u015f\u00fck yumurtal\u0131k rezervi, erken menepoz, polikistik over sendromu gibi hastal\u0131klar\u0131n son y\u0131llarda d\u00fcnya \u00e7ap\u0131nda art\u0131\u015f g\u00f6sterdi\u011fini vurgulayan \u0130lhan, \u015funlar\u0131 kaydetti:<\/p>\n<p>&#8220;Bu hastal\u0131klar\u0131n nedenleriyle alakal\u0131 s\u0131n\u0131rl\u0131 say\u0131da bilgiye sahibiz. Altta yatan mekanizmalar hen\u00fcz net de\u011fil. Bu sebeple geli\u015ftirece\u011fimiz nano boyutta ak\u0131ll\u0131 polimerler ile kad\u0131nlar\u0131n kanlar\u0131nda ve folik\u00fcler s\u0131v\u0131lar\u0131nda \u00e7evre kirleticilerinin ara\u015ft\u0131r\u0131lmas\u0131 ger\u00e7ekle\u015ftirilecek. \u00c7al\u0131\u015fmam\u0131zda \u00e7evre kirleticiler, nano boyutlu polimerler sentezlenerek, optik sens\u00f6r vas\u0131tas\u0131yla analiz edilecek. Elde edilen veriler hastal\u0131\u011f\u0131n tan\u0131s\u0131, te\u015fhisi ve nedenlerine y\u00f6nelik bilgi sa\u011flayacakt\u0131r. Ayr\u0131ca T\u00fcrkiye&#8217;nin \u00e7evre sa\u011fl\u0131\u011f\u0131 vizyonuna da katk\u0131 sa\u011flayacakt\u0131r.&#8221;<\/p>\n<p>                            <span class=\"detay-foto-editor\">&#13;<br \/>\n                                <a href=\"https:\/\/www.aa.com.tr\/tr\/p\/abonelik-talep-formu\/1001\" target=\"_blank\" style=\"font-size:12px; color:#444; text-decoration:none;\" rel=\"noopener\">&#13;<br \/>\n                                    Anadolu Ajans\u0131 web sitesinde, AA Haber Ak\u0131\u015f Sistemi (HAS) \u00fczerinden abonelere sunulan haberler, \u00f6zetlenerek yay\u0131mlanmaktad\u0131r. <b style=\"color:#1897F7\">Abonelik i\u00e7in l\u00fctfen ileti\u015fime ge\u00e7iniz.<\/b>&#13;<br \/>\n                                <\/a>&#13;<br \/>\n                            <\/span>\n                        <\/div>\n<p><script>\n\t  window.fbAsyncInit = function() {\n\t\tFB.init({\n\t\t  appId: '1855843514662870',\n\t\t  status : true, \/\/ check login status\n\t\t  cookie : true, \/\/ enable cookies to allow the server to access the session\n\t\t  xfbml  : true  \/\/ parse XFBML\n\t\t});\n\t  };<\/p>\n<p>\t  (function() {\n\t\tvar e = document.createElement('script');\n\t\te.src=\"https:\/\/connect.facebook.net\/tr_TR\/all.js\";\n\t\te.async = true;\n\t\tdocument.getElementById('fb-root').appendChild(e);\n\t  }());\n    <\/script><\/p>\n","protected":false},"excerpt":{"rendered":"<p>Sa\u011fl\u0131k Hizmetleri Meslek Y\u00fcksekokulu \u00c7evre Sa\u011fl\u0131\u011f\u0131 B\u00f6l\u00fcm\u00fc \u00d6\u011fretim G\u00f6revlisi Dr. Merve \u0130lhan, \u00e7evre kirlili\u011fine neden olan partik\u00fcllerin belirlenmesi amac\u0131yla &#8220;Kad\u0131n \u00dcreme Sa\u011fl\u0131\u011f\u0131 ve \u00c7evre Kirleticileri Projesi&#8221;ni hayata ge\u00e7irdi. T\u00fcrkiye Sa\u011fl\u0131k Enstit\u00fcleri Ba\u015fkanl\u0131\u011f\u0131nca desteklenmeye hak kazanan proje kapsam\u0131nda, nano boyutta ak\u0131ll\u0131 polimerler geli\u015ftirilerek, \u00e7evre kirleticilerin kad\u0131n \u00fcreme sa\u011fl\u0131\u011f\u0131 \u00fczerindeki etkileri ara\u015ft\u0131r\u0131lacak. Bir y\u0131lda tamamlanmas\u0131 planlanan projede [&hellip;]<\/p>\n","protected":false},"author":1,"featured_media":24860,"comment_status":"","ping_status":"","sticky":false,"template":"","format":"standard","meta":[],"categories":[46],"tags":[],"_links":{"self":[{"href":"https:\/\/kraios.app\/news\/wp-json\/wp\/v2\/posts\/24859"}],"collection":[{"href":"https:\/\/kraios.app\/news\/wp-json\/wp\/v2\/posts"}],"about":[{"href":"https:\/\/kraios.app\/news\/wp-json\/wp\/v2\/types\/post"}],"author":[{"embeddable":true,"href":"https:\/\/kraios.app\/news\/wp-json\/wp\/v2\/users\/1"}],"replies":[{"embeddable":true,"href":"https:\/\/kraios.app\/news\/wp-json\/wp\/v2\/comments?post=24859"}],"version-history":[{"count":0,"href":"https:\/\/kraios.app\/news\/wp-json\/wp\/v2\/posts\/24859\/revisions"}],"wp:featuredmedia":[{"embeddable":true,"href":"https:\/\/kraios.app\/news\/wp-json\/wp\/v2\/media\/24860"}],"wp:attachment":[{"href":"https:\/\/kraios.app\/news\/wp-json\/wp\/v2\/media?parent=24859"}],"wp:term":[{"taxonomy":"category","embeddable":true,"href":"https:\/\/kraios.app\/news\/wp-json\/wp\/v2\/categories?post=24859"},{"taxonomy":"post_tag","embeddable":true,"href":"https:\/\/kraios.app\/news\/wp-json\/wp\/v2\/tags?post=24859"}],"curies":[{"name":"wp","href":"https:\/\/api.w.org\/{rel}","templated":true}]}}