{"id":24836,"date":"2024-01-05T06:49:54","date_gmt":"2024-01-05T06:49:54","guid":{"rendered":"https:\/\/kraios.app\/news\/saglik\/2024\/01\/05\/sicak-cayin-yemek-borusu-kanserine-etkisi-bilimsel-calismayla-ortaya-konuldu\/"},"modified":"2024-01-05T06:49:54","modified_gmt":"2024-01-05T06:49:54","slug":"sicak-cayin-yemek-borusu-kanserine-etkisi-bilimsel-calismayla-ortaya-konuldu","status":"publish","type":"post","link":"https:\/\/kraios.app\/news\/saglik\/2024\/01\/05\/sicak-cayin-yemek-borusu-kanserine-etkisi-bilimsel-calismayla-ortaya-konuldu\/","title":{"rendered":"S\u0131cak \u00e7ay\u0131n yemek borusu kanserine etkisi bilimsel \u00e7al\u0131\u015fmayla ortaya konuldu"},"content":{"rendered":"<p><\/p>\n<div>\n<p>Atat\u00fcrk \u00dcniversitesi T\u0131p Fak\u00fcltesi G\u00f6\u011f\u00fcs Cerrahisi Ana Bilim Dal\u0131 Ba\u015fkan\u0131 Prof. Dr. Atilla Ero\u011flu, Do\u011fu Anadolu&#8217;da s\u0131k rastlanan yemek borusu kanseri \u00fczerine farkl\u0131 \u00fcniversitelerden 4 akademisyen ile \u00e7al\u0131\u015fma ba\u015flatt\u0131.<\/p>\n<p>\u00c7al\u0131\u015fma kapsam\u0131nda, 25 y\u0131ld\u0131r yemek borusu kanseri te\u015fhisi konulan 742 erkek ile 720 kad\u0131n\u0131n verileri toplanarak, bu hastalardan y\u00fczde 85&#8217;inin \u00e7ay\u0131 \u00e7ok s\u0131cak i\u00e7ti\u011fi bilgisine ula\u015f\u0131ld\u0131.<\/p>\n<p>Yemek borusu kanserine s\u0131cak \u00e7ay\u0131n yan\u0131 s\u0131ra genetik fakt\u00f6rler, sebze ve meyveden fakir diyet, sigara ve alkol gibi etkenlerin de ara\u015ft\u0131r\u0131ld\u0131\u011f\u0131 bu \u00e7al\u0131\u015fma, Turkish Journal of Medical Sciences dergisinde yay\u0131mland\u0131.<\/p>\n<p><img decoding=\"async\" alt=\"\" src=\"https:\/\/www.aa.com.tr\/uploads\/userFiles\/76bad36d-1411-48e8-a1ae-b65e58872c06\/01.04%2F11%2F20240103_2_61950065_96418836.jpg\"\/><\/p>\n<h3>&#8220;Yemek borusu kanserinin b\u00f6lgede s\u0131k g\u00f6r\u00fclmesinin sebebi s\u0131cak \u00e7ay t\u00fcketimi&#8221;<\/h3>\n<p>Prof. Dr. Atilla Ero\u011flu, AA muhabirine, \u00e7ay\u0131n \u00e7e\u015fitli faydalar\u0131n\u0131n yan\u0131 s\u0131ra v\u00fccuda baz\u0131 zararlar\u0131n\u0131n da oldu\u011funu s\u00f6yledi.<\/p>\n<p>Erzurum&#8217;da 94-95 derecede suyun kaynad\u0131\u011f\u0131n\u0131, barda\u011fa d\u00f6k\u00fcld\u00fc\u011f\u00fcnde ve i\u00e7ine \u015feker at\u0131l\u0131p kar\u0131\u015ft\u0131r\u0131ld\u0131\u011f\u0131nda bu s\u0131cakl\u0131\u011f\u0131n 83-85 dereceye kadar d\u00fc\u015ft\u00fc\u011f\u00fcn\u00fc ifade eden Ero\u011flu, &#8220;Bu s\u0131cakl\u0131ktaki \u00e7ay bile eli yakar. \u00d6nerimiz, literat\u00fcr\u00fcn de s\u00f6yledi\u011fi, g\u00fcnde 5-6 bardak hafif \u0131l\u0131t\u0131lm\u0131\u015f \u00e7ay i\u00e7ilmesi ama s\u0131cak \u00e7ay i\u00e7meyin. S\u0131cak \u00e7ay kanser yap\u0131yor. \u00d6zellikle a\u011f\u0131z, yutak ve yemek borusu kanserinin b\u00f6lgede en s\u0131k g\u00f6r\u00fclmesinin sebebi s\u0131cak \u00e7ay t\u00fcketimi.&#8221; dedi.<\/p>\n<p>Ero\u011flu, 85 derecede t\u00fcketilen \u00e7ay\u0131n mukozalar gibi hassas sindirim sisteminde ciddi yan\u0131klara ve h\u00fccre de\u011fi\u015fikli\u011fine sebep oldu\u011funu belirterek, \u015f\u00f6yle devam etti:<\/p>\n<p>&#8220;S\u0131cak \u00e7ay, sindirim sistemindeki bariyeri yok ediyor ve kansere sebep oluyor. \u00c7ay\u0131n 65 derecenin alt\u0131nda i\u00e7ilmesi gerekli. Barda\u011fa koyduktan sonra \u00e7ay\u0131 3-4 dakika bekletelim. 25 y\u0131l s\u00fcren bilimsel \u00e7al\u0131\u015fmam\u0131zda, \u00e7ay\u0131n etkileri ve b\u00f6lgemizde yemek borusu kanserlerinin fazla g\u00f6r\u00fclmesini ara\u015ft\u0131rd\u0131k, en \u00f6nemli sebebin s\u0131cak \u00e7ay t\u00fcketimi oldu\u011funu, 85 derecenin \u00fczerinde i\u00e7ilen \u00e7ay\u0131n 65 derecenin alt\u0131nda i\u00e7ilen \u00e7aya k\u0131yasla 8 kat daha yemek borusu kanserini art\u0131rd\u0131\u011f\u0131n\u0131 bilimsel veri olarak tespit ettik. L\u00fctfen \u00e7ay\u0131 hafif \u0131l\u0131t\u0131p i\u00e7in.&#8221;<\/p>\n<h3>&#8220;G\u00fcnde 7-8 bardak \u00e7ay i\u00e7en ile daha fazla i\u00e7enleri kar\u015f\u0131la\u015ft\u0131rd\u0131k&#8221;<\/h3>\n<p>\u00c7al\u0131\u015fmada iki grup halinde kar\u015f\u0131la\u015ft\u0131rd\u0131klar\u0131 ki\u015filerin \u00e7ay i\u00e7me s\u0131kl\u0131\u011f\u0131 ile yo\u011funluklar\u0131n\u0131 da ara\u015ft\u0131rd\u0131klar\u0131n\u0131 anlatan Ero\u011flu, \u015funlar\u0131 kaydetti:<\/p>\n<p>&#8220;\u00c7al\u0131\u015fmam\u0131zda \u00f6zellikle Erzurum, Van, A\u011fr\u0131, Mu\u015f, Bitlis, Bayburt ve Erzincan olmak \u00fczere \u00e7evre illerde daha \u00e7ok g\u00f6r\u00fclen yemek borusu kanserinin en \u00f6nemli sebebinin s\u0131cak \u00e7ay t\u00fcketimi oldu\u011fu ortaya \u00e7\u0131kt\u0131. G\u00fcnde 1 litreden daha az yakla\u015f\u0131k 7-8 bardak \u00e7ay i\u00e7en ile daha fazla i\u00e7enleri kar\u015f\u0131la\u015ft\u0131rd\u0131k ve g\u00fcnde 15-20 bardak \u00e7ay i\u00e7en gruptakilerde de yemek borusu kanserlerinin y\u00fcksek oranda g\u00f6r\u00fcld\u00fc\u011f\u00fcn\u00fc tespit ettik.&#8221;<\/p>\n<p>ABD ve Avrupa&#8217;da yemek borusu kanserlerinin en \u00f6nemli sebebinin obezite ve refl\u00fc, T\u00fcrkiye&#8217;de ise \u00f6zelikle Do\u011fu Anadolu&#8217;da s\u0131cak \u00e7ay ve beslenme al\u0131\u015fkanl\u0131klar\u0131 oldu\u011funu belirten Ero\u011flu, \u00c7in&#8217;de 9,5 y\u0131l boyunca takip edilen 500 bin ki\u015fide s\u0131cak \u00e7ay, kahve, \u00e7orba ve yemek t\u00fcketiminin ara\u015ft\u0131r\u0131ld\u0131\u011f\u0131n\u0131, \u00f6zellikle s\u0131cak \u00e7ay i\u00e7enlerde yemek borusu ve yutak kanserlerinin \u00e7ok fazla g\u00f6r\u00fcld\u00fc\u011f\u00fcn\u00fc, benzer \u00e7al\u0131\u015fma yap\u0131lan ABD ve \u0130ngiltere&#8217;de de ayn\u0131 sonucun \u00e7\u0131kt\u0131\u011f\u0131n\u0131 s\u00f6yledi.<\/p>\n<p><img decoding=\"async\" alt=\"\" src=\"https:\/\/www.aa.com.tr\/uploads\/userFiles\/76bad36d-1411-48e8-a1ae-b65e58872c06\/01.04%2F11%2F20240103_2_61950065_96418842.jpg\"\/><\/p>\n<h3>&#8220;\u00c7ok s\u0131cak \u00e7ay isteyenlere biraz so\u011fumas\u0131 i\u00e7in beklemelerini s\u00f6yl\u00fcyoruz&#8221;<\/h3>\n<p>Erzurum&#8217;da uzun y\u0131llar \u00e7ayc\u0131l\u0131k yapan Yener Temelli de \u00e7ok s\u0131cak i\u00e7ilen \u00e7ay\u0131n bo\u011faz\u0131 yakt\u0131\u011f\u0131n\u0131 belirterek, &#8220;Lezzetini de alamazs\u0131n\u0131z. \u00c7ay\u0131 barda\u011fa doldurduktan sonra 2 dakika beklemeliyiz. M\u00fc\u015fterilerimizden \u00e7ok s\u0131cak \u00e7ay isteyenlere biraz so\u011fumas\u0131 i\u00e7in beklemelerini s\u00f6yl\u00fcyoruz.&#8221; dedi.<\/p>\n<p>\u00c7ay tiryakilerinden Mehmet Akif Ersoy ise Erzurum&#8217;da so\u011fuk \u00e7ay\u0131n fazla i\u00e7ilmedi\u011fini, aksine hem s\u0131cak hem de \u00e7ok fazla \u00e7ay i\u00e7ildi\u011fini anlatt\u0131.<\/p>\n<p>Kadir \u00d6zg\u00fcn ise Erzurumlular olarak \u00e7ay\u0131 \u00e7ok sevdiklerini ve genelde s\u0131cak i\u00e7tiklerini ifade ederek, &#8220;Gecemiz g\u00fcnd\u00fcz\u00fcm\u00fcz \u00e7ay, Erzurum so\u011fuk oldu\u011fu i\u00e7in s\u0131cak \u00e7ay keyif veriyor. G\u00fcnl\u00fck ortalama 15-20 bardak i\u00e7iyorum.&#8221; diye konu\u015ftu.<\/p>\n<p>                            <span class=\"detay-foto-editor\">&#13;<br \/>\n                                <a href=\"https:\/\/www.aa.com.tr\/tr\/p\/abonelik-talep-formu\/1001\" target=\"_blank\" style=\"font-size:12px; color:#444; text-decoration:none;\" rel=\"noopener\">&#13;<br \/>\n                                    Anadolu Ajans\u0131 web sitesinde, AA Haber Ak\u0131\u015f Sistemi (HAS) \u00fczerinden abonelere sunulan haberler, \u00f6zetlenerek yay\u0131mlanmaktad\u0131r. <b style=\"color:#1897F7\">Abonelik i\u00e7in l\u00fctfen ileti\u015fime ge\u00e7iniz.<\/b>&#13;<br \/>\n                                <\/a>&#13;<br \/>\n                            <\/span>\n                        <\/div>\n<p><script>\n\t  window.fbAsyncInit = function() {\n\t\tFB.init({\n\t\t  appId: '1855843514662870',\n\t\t  status : true, \/\/ check login status\n\t\t  cookie : true, \/\/ enable cookies to allow the server to access the session\n\t\t  xfbml  : true  \/\/ parse XFBML\n\t\t});\n\t  };<\/p>\n<p>\t  (function() {\n\t\tvar e = document.createElement('script');\n\t\te.src=\"https:\/\/connect.facebook.net\/tr_TR\/all.js\";\n\t\te.async = true;\n\t\tdocument.getElementById('fb-root').appendChild(e);\n\t  }());\n    <\/script><\/p>\n","protected":false},"excerpt":{"rendered":"<p>Atat\u00fcrk \u00dcniversitesi T\u0131p Fak\u00fcltesi G\u00f6\u011f\u00fcs Cerrahisi Ana Bilim Dal\u0131 Ba\u015fkan\u0131 Prof. Dr. Atilla Ero\u011flu, Do\u011fu Anadolu&#8217;da s\u0131k rastlanan yemek borusu kanseri \u00fczerine farkl\u0131 \u00fcniversitelerden 4 akademisyen ile \u00e7al\u0131\u015fma ba\u015flatt\u0131. \u00c7al\u0131\u015fma kapsam\u0131nda, 25 y\u0131ld\u0131r yemek borusu kanseri te\u015fhisi konulan 742 erkek ile 720 kad\u0131n\u0131n verileri toplanarak, bu hastalardan y\u00fczde 85&#8217;inin \u00e7ay\u0131 \u00e7ok s\u0131cak i\u00e7ti\u011fi bilgisine ula\u015f\u0131ld\u0131. [&hellip;]<\/p>\n","protected":false},"author":1,"featured_media":24837,"comment_status":"","ping_status":"","sticky":false,"template":"","format":"standard","meta":[],"categories":[46],"tags":[],"_links":{"self":[{"href":"https:\/\/kraios.app\/news\/wp-json\/wp\/v2\/posts\/24836"}],"collection":[{"href":"https:\/\/kraios.app\/news\/wp-json\/wp\/v2\/posts"}],"about":[{"href":"https:\/\/kraios.app\/news\/wp-json\/wp\/v2\/types\/post"}],"author":[{"embeddable":true,"href":"https:\/\/kraios.app\/news\/wp-json\/wp\/v2\/users\/1"}],"replies":[{"embeddable":true,"href":"https:\/\/kraios.app\/news\/wp-json\/wp\/v2\/comments?post=24836"}],"version-history":[{"count":0,"href":"https:\/\/kraios.app\/news\/wp-json\/wp\/v2\/posts\/24836\/revisions"}],"wp:featuredmedia":[{"embeddable":true,"href":"https:\/\/kraios.app\/news\/wp-json\/wp\/v2\/media\/24837"}],"wp:attachment":[{"href":"https:\/\/kraios.app\/news\/wp-json\/wp\/v2\/media?parent=24836"}],"wp:term":[{"taxonomy":"category","embeddable":true,"href":"https:\/\/kraios.app\/news\/wp-json\/wp\/v2\/categories?post=24836"},{"taxonomy":"post_tag","embeddable":true,"href":"https:\/\/kraios.app\/news\/wp-json\/wp\/v2\/tags?post=24836"}],"curies":[{"name":"wp","href":"https:\/\/api.w.org\/{rel}","templated":true}]}}