{"id":24825,"date":"2024-01-05T01:09:33","date_gmt":"2024-01-05T01:09:33","guid":{"rendered":"https:\/\/kraios.app\/news\/saglik\/2024\/01\/05\/kronik-ve-iyilesmeyen-yaralar-erzurum-sehir-hastanesinde-tedavi-edilecek\/"},"modified":"2024-01-05T01:09:33","modified_gmt":"2024-01-05T01:09:33","slug":"kronik-ve-iyilesmeyen-yaralar-erzurum-sehir-hastanesinde-tedavi-edilecek","status":"publish","type":"post","link":"https:\/\/kraios.app\/news\/saglik\/2024\/01\/05\/kronik-ve-iyilesmeyen-yaralar-erzurum-sehir-hastanesinde-tedavi-edilecek\/","title":{"rendered":"Kronik ve iyile\u015fmeyen yaralar Erzurum \u015eehir Hastanesi&#039;nde tedavi edilecek"},"content":{"rendered":"<p>Erzurum \u015eehir Hastanesi&#8217;nde, kronik ve iyile\u015fmeyen yaralar\u0131n tedavi edilece\u011fi poliklinik ve pansuman odalar\u0131 bulunan kronik yara bak\u0131m \u00fcnitesi hizmete getirdi.<\/p>\n","protected":false},"excerpt":{"rendered":"<p>Erzurum \u015eehir Hastanesi&#8217;nde, kronik ve iyile\u015fmeyen yaralar\u0131n tedavi edilece\u011fi poliklinik ve pansuman odalar\u0131 bulunan kronik yara bak\u0131m \u00fcnitesi hizmete getirdi.<\/p>\n","protected":false},"author":1,"featured_media":24826,"comment_status":"","ping_status":"","sticky":false,"template":"","format":"standard","meta":[],"categories":[46],"tags":[],"_links":{"self":[{"href":"https:\/\/kraios.app\/news\/wp-json\/wp\/v2\/posts\/24825"}],"collection":[{"href":"https:\/\/kraios.app\/news\/wp-json\/wp\/v2\/posts"}],"about":[{"href":"https:\/\/kraios.app\/news\/wp-json\/wp\/v2\/types\/post"}],"author":[{"embeddable":true,"href":"https:\/\/kraios.app\/news\/wp-json\/wp\/v2\/users\/1"}],"replies":[{"embeddable":true,"href":"https:\/\/kraios.app\/news\/wp-json\/wp\/v2\/comments?post=24825"}],"version-history":[{"count":0,"href":"https:\/\/kraios.app\/news\/wp-json\/wp\/v2\/posts\/24825\/revisions"}],"wp:featuredmedia":[{"embeddable":true,"href":"https:\/\/kraios.app\/news\/wp-json\/wp\/v2\/media\/24826"}],"wp:attachment":[{"href":"https:\/\/kraios.app\/news\/wp-json\/wp\/v2\/media?parent=24825"}],"wp:term":[{"taxonomy":"category","embeddable":true,"href":"https:\/\/kraios.app\/news\/wp-json\/wp\/v2\/categories?post=24825"},{"taxonomy":"post_tag","embeddable":true,"href":"https:\/\/kraios.app\/news\/wp-json\/wp\/v2\/tags?post=24825"}],"curies":[{"name":"wp","href":"https:\/\/api.w.org\/{rel}","templated":true}]}}