{"id":22999,"date":"2023-11-25T21:46:48","date_gmt":"2023-11-25T21:46:48","guid":{"rendered":"https:\/\/kraios.app\/news\/ekonomi\/2023\/11\/25\/egenin-girisimci-kadinlari-yarismasinin-odul-toreni-kutahyada-yapildi\/"},"modified":"2023-11-25T21:46:48","modified_gmt":"2023-11-25T21:46:48","slug":"egenin-girisimci-kadinlari-yarismasinin-odul-toreni-kutahyada-yapildi","status":"publish","type":"post","link":"https:\/\/kraios.app\/news\/ekonomi\/2023\/11\/25\/egenin-girisimci-kadinlari-yarismasinin-odul-toreni-kutahyada-yapildi\/","title":{"rendered":"&#8220;Ege&#8217;nin Giri\u015fimci Kad\u0131nlar\u0131 Yar\u0131\u015fmas\u0131&#8221;n\u0131n \u00f6d\u00fcl t\u00f6reni K\u00fctahya&#8217;da yap\u0131ld\u0131"},"content":{"rendered":"<p> <br \/>\n<\/p>\n<div id=\"icerikDiv_61394234\">\n<p>Kad\u0131n\u00a0giri\u015fimcilik ekosisteminin\u00a0geli\u015ftirilmesi ve yayg\u0131nla\u015ft\u0131r\u0131lmas\u0131 amac\u0131yla KUTSO&#8217;nun ev sahipli\u011finde T\u00fcrkiye Ekonomi Politikalar\u0131 Ara\u015ft\u0131rma Vakf\u0131 (TEPAV) i\u015fbirli\u011fiyle ger\u00e7ekle\u015ftirilen yar\u0131\u015fman\u0131n \u00f6d\u00fcl t\u00f6reni, K\u00fctahya Dumlup\u0131nar \u00dcniversitesi \u0130ktisadi ve \u0130dari Bilimler Fak\u00fcltesi \u0130\u015fletme B\u00f6l\u00fcm\u00fc Amfi 2&#8217;de yap\u0131ld\u0131.<\/p>\n<p>T\u00fcrkiye&#8217;de kad\u0131n\u00a0giri\u015fimcili\u011fine destek olmak ve kad\u0131n i\u015f g\u00fcc\u00fcn\u00fcn g\u00fc\u00e7lenmesini sa\u011flamak amac\u0131yla d\u00fczenlenen yar\u0131\u015fmaya K\u00fctahya, Afyonkarahisar, Manisa, U\u015fak, Ayd\u0131n ve \u0130zmir&#8217;den kad\u0131n\u00a0giri\u015fimciler kat\u0131ld\u0131.<\/p>\n<p>K\u00fctahya Valisi Musa I\u015f\u0131n, t\u00f6rende yapt\u0131\u011f\u0131 konu\u015fmada, K\u00fctahya&#8217;da\u00a0kad\u0131nlar\u0131n \u00f6nemli bir\u00a0giri\u015fimci\u00a0ruha sahip oldu\u011funu s\u00f6yledi.<\/p>\n<p>\u0130l\u00e7eleri gezdi\u011finde \u00f6zellikle kad\u0131n kooperatiflerinin\u00a0memnuniyetini g\u00f6rd\u00fc\u011f\u00fcn\u00fc belirten I\u015f\u0131n, &#8220;Kad\u0131nlar\u0131n toplumda en az erkekler kadar yer almas\u0131 bizim i\u00e7in \u00f6nemlidir. Toplumumuzda da kad\u0131nlar gittik\u00e7e daha fazla yol katettiler. Art\u0131k T\u00fcrk toplumunda her a\u015famada ve her kurumda\u00a0kad\u0131nlar\u0131m\u0131z\u0131 rahatl\u0131kla g\u00f6rmekteyiz.&#8221; dedi.<\/p>\n<p><img decoding=\"async\" alt=\"\" src=\"https:\/\/www.aa.com.tr\/uploads\/userFiles\/c9f1ae26-3cf3-4ab4-9d72-230dedd01a4c\/20231124_2_61399022_95271916.jpg\"\/><\/p>\n<p>Afyonkarahisar Valisi K\u00fcbra G\u00fcran Yi\u011fitba\u015f\u0131 da T\u00fcrkiye&#8217;nin\u00a0ba\u015far\u0131l\u0131, nitelikli ve yarat\u0131c\u0131 insan kayna\u011f\u0131na sahip oldu\u011funu vurgulad\u0131.<\/p>\n<p>\u00d6zellikle bir\u00e7ok nitelikli ve yarat\u0131c\u0131 i\u015fte\u00a0kad\u0131nlar\u0131n imzas\u0131n\u0131n bulundu\u011funu anlatan Yi\u011fitba\u015f\u0131, &#8220;Bug\u00fcn b\u00fct\u00fcn mesele, bu topraklarda kad\u0131n\u00a0giri\u015fimcilerden olu\u015fan bir ekosistem yaratabilmektir. Sa\u011fl\u0131kl\u0131, dengeli ve i\u015flevsel bir ekonomik ekosistem, g\u00fcn\u00fcm\u00fczde ancak\u00a0kad\u0131nlar\u0131n a\u011f\u0131rl\u0131\u011f\u0131yla m\u00fcmk\u00fcn olmaktad\u0131r.&#8221; ifadesini kulland\u0131.<\/p>\n<p>K\u00fctahya Dumlup\u0131nar \u00dcniversitesi (DP\u00dc) Rekt\u00f6r\u00fc Prof. Dr. S\u00fcleyman K\u0131z\u0131ltoprak, &#8220;Kad\u0131n ev i\u015flerinde, devlet i\u015flerinde, toplumsal hayatta, ekonomik hayatta e\u015ftir, ortakt\u0131r. Kad\u0131n\u0131n toplum i\u00e7indeki yerinin\u00a0ve rol\u00fcn\u00fcn belirlenmesindeki etkilerini g\u00f6rebilmenin\u00a0en iyi y\u00f6ntemi tarihsel verileri g\u00f6z \u00f6n\u00fcnde bulundurarak m\u00fcmk\u00fcn olur. Bir\u00e7ok destan\u0131n merkezini kahraman kad\u0131nlar olu\u015fturuyor.&#8221; diye konu\u015ftu.<\/p>\n<p>KUTSO Y\u00f6netim Kurulu Ba\u015fkan\u0131 Esin G\u00fcral Argat ise KUTSO ve TEPAV i\u015f birli\u011finde &#8220;Ege&#8217;nin\u00a0Giri\u015fimci\u00a0Kad\u0131nlar\u00a0Yar\u0131\u015fmas\u0131&#8221;n\u0131n ilkini T\u00fcrkiye Cumhuriyeti&#8217;nin\u00a0100. y\u0131l\u0131nda ger\u00e7ekle\u015ftirmenin\u00a0gururunu ya\u015fad\u0131klar\u0131n\u0131 dile getirdi.<\/p>\n<p><img decoding=\"async\" alt=\"\" src=\"https:\/\/www.aa.com.tr\/uploads\/userFiles\/c9f1ae26-3cf3-4ab4-9d72-230dedd01a4c\/20231124_2_61399022_95271926.jpg\"\/><\/p>\n<p>Kad\u0131nlar\u0131n her sekt\u00f6rde kendilerine e\u015fit imkanlar ve \u00e7al\u0131\u015fma f\u0131rsatlar\u0131n\u0131 yakalamas\u0131 gerekti\u011fini belirten Argat, \u015funlar\u0131 kaydetti:<\/p>\n<p>&#8220;T\u00fcrkiye&#8217;de 11&#8217;inci Kalk\u0131nma Plan\u0131\u2019nda da kad\u0131n\u00a0giri\u015fimcilere i\u015f geli\u015ftirme s\u00fcre\u00e7lerinde dan\u0131\u015fmanl\u0131k ve rehberlik hizmeti sunulmas\u0131n\u0131n, kad\u0131nlara dijital okuryazarl\u0131k e\u011fitimleri verilerek i\u015flerini b\u00fcy\u00fctmelerini sa\u011flaman\u0131n \u00f6nemini vurgulan\u0131yor.\u00a0Kad\u0131nlar\u0131n kooperatif kurmalar\u0131n\u0131n kolayla\u015ft\u0131r\u0131lmas\u0131 iller baz\u0131ndan kad\u0131nlara e\u011fitim, staj, i\u015fba\u015f\u0131 e\u011fitimi gibi uygulamalar sunulmas\u0131 da di\u011fer \u00e7\u00f6z\u00fcm \u00f6nerileri aras\u0131nda s\u0131ralan\u0131yor. K\u0131rsal kesimde kad\u0131n\u00a0giri\u015fimcili\u011finin\u00a0artmas\u0131na y\u00f6nelik destek mekanizmalar\u0131n\u0131 da hayata ge\u00e7irmek b\u00fcy\u00fck \u00f6nem ta\u015f\u0131yor. Ayr\u0131ca e\u011fitim bu konunun en k\u00f6kten \u00e7\u00f6z\u00fcm noktas\u0131. K\u0131z \u00e7ocuklar\u0131n\u0131n da fen, teknoloji, m\u00fchendislik, matematik alanlar\u0131ndaki mesleklere y\u00f6nlendirilmesi gelece\u011fin kad\u0131n\u00a0giri\u015fimcilerinin\u00a0say\u0131s\u0131n\u0131 da art\u0131racakt\u0131r.<\/p>\n<p>KUTSO olarak strateji plan\u0131m\u0131z\u0131 a\u00e7\u0131klad\u0131\u011f\u0131m\u0131z g\u00fcnden bu yana kad\u0131n\u00a0giri\u015fimcileri te\u015fvik etmeye,\u00a0kad\u0131nlar\u0131n i\u015f g\u00fcc\u00fcne kat\u0131l\u0131m\u0131n\u0131 desteklemeye y\u00f6nelik \u00e7al\u0131\u015fmalar yapaca\u011f\u0131m\u0131z\u0131 a\u00e7\u0131klam\u0131\u015ft\u0131k.\u00a0Kad\u0131nlar\u0131n i\u015f d\u00fcnyas\u0131nda aktif rol almalar\u0131 ve ekonomik \u00f6zg\u00fcrl\u00fcklerini kazanarak g\u00fc\u00e7lenmelerini sa\u011flamak amac\u0131yla ilk ad\u0131m\u0131 att\u0131k ve Kad\u0131n\u00a0Giri\u015fimcilik Ofisi&#8217;ni kurduk. Bu yar\u0131\u015fma ile kad\u0131n\u00a0giri\u015fimcileri desteklemek, g\u00f6r\u00fcn\u00fcr k\u0131lmak ve di\u011fer kad\u0131nlara \u00f6rnek olmalar\u0131n\u0131 sa\u011flamay\u0131 hedefledik. Umar\u0131m bu hedefe ula\u015f\u0131r\u0131z ve iki y\u0131lda bir d\u00fczenlenmesi planlanan bu yar\u0131\u015fma umar\u0131z ileriki y\u0131llarda da gelenekselle\u015ferek kad\u0131n\u00a0giri\u015fimci\u00a0ekosistemine fayda sunan bir platform olur.&#8221;<\/p>\n<p><img decoding=\"async\" alt=\"\" src=\"https:\/\/www.aa.com.tr\/uploads\/userFiles\/c9f1ae26-3cf3-4ab4-9d72-230dedd01a4c\/20231124_2_61399022_95271923.jpg\"\/><\/p>\n<h3>\u00d6d\u00fcl kazanan kurulu\u015flar<\/h3>\n<p>Programda, TOBB K\u00fctahya Kad\u0131n\u00a0Giri\u015fimciler Kurulu \u0130cra Komitesi Ba\u015fkan\u0131 Sema G\u00fcral S\u00fcrmeli, Koton Y\u00f6netim Kurulu \u00dcyesi ve GEN T\u00fcrkiye Y\u00f6netim Kurulu Ba\u015fkan Yard\u0131mc\u0131s\u0131 G\u00fclden Y\u0131lmaz, Big Chefs Kurucusu Gamze Cizreli, rol model kad\u0131n\u00a0giri\u015fimciler olarak tecr\u00fcbelerini kat\u0131l\u0131mc\u0131larla payla\u015ft\u0131.<\/p>\n<p>D\u00fczenlenen panelde, DP\u00dc E\u011fitim Fak\u00fcltesi Dekan\u0131 Prof. Dr. Fulya Top\u00e7uo\u011flu \u00dcnal, Designpr Kurucu Ba\u015fkan\u0131, TOBB \u0130stanbul Kad\u0131n\u00a0Giri\u015fimciler Kurulu \u00dcyesi, TOBB Eski\u015fehir Gen\u00e7\u00a0Giri\u015fimciler \u0130cra Kurulu \u00dcyesi \u00c7i\u011fdem Dedeo\u011flu, TOBB \u0130zmir \u0130cra Kurulu Ba\u015fkan\u0131 Deniz Celep, Mutlu Metal Y\u00f6netim Kurulu Ba\u015fkan Yard\u0131mc\u0131s\u0131 ve USB Certification Kurucu Orta\u011f\u0131 Nesrin Serin,\u00a0kad\u0131nlar\u0131n toplumun her alan\u0131nda daha etkin, daha g\u00fc\u00e7l\u00fc ve daha \u00f6zg\u00fcr \u015fekilde yer almas\u0131n\u0131n \u00f6nemine dikkati \u00e7ekti.<\/p>\n<p>&#8220;En H\u0131zl\u0131 B\u00fcy\u00fcyen Kad\u0131n\u00a0Giri\u015fimci&#8221; kategorisinde birinci Sava\u015f Besi \u00c7iftlikleri (Afyonkarahisar), ikinci \u00d6zak Yurt Hizmetleri Mimarl\u0131k M\u00fchendislik G\u0131da Otomotiv Turizm Sanayi ve Ticaret Limited \u015eirketi (K\u00fctahya), \u00fc\u00e7\u00fcnc\u00fc Toprak Ticaret-N\u00fcfide Erdurgut (K\u00fctahya) oldu.<\/p>\n<p>&#8220;Kad\u0131n \u0130stihdam\u0131n\u0131 En \u00c7ok Art\u0131ran \u015eirket&#8221; kategorisinde birinci \u00d6zak Yurt Hizmetleri Mimarl\u0131k M\u00fchendislik G\u0131da Otomotiv Turizm Sanayi ve Ticaret Limited \u015eirketi (K\u00fctahya), ikinci Afyonkarahisar Akd Kids Anaokulu \u00d6zel E\u011fitim \u00d6\u011fretim Hizmetleri Limited \u015eirketi (Afyonkarahisar), \u00fc\u00e7\u00fcnc\u00fc \u00d6zmay Grup Tekstil Group (K\u00fctahya) olarak belirlendi.<\/p>\n<p>&#8220;\u0130lham Veren \u00d6yk\u00fclerle Kad\u0131nlar Anlat\u0131yor&#8221; kategorisinde Jojo Boutique Tekstil Aksesuar ve Mobilya \u0130hracat Limited \u015eirketi, &#8220;En Dijitalle\u015fen Kad\u0131n\u00a0Giri\u015fimci&#8221; kategorisinde \u00d6zerdem Mensucat Sanayi ve Ticaret A\u015e, &#8220;En H\u0131zl\u0131 B\u00fcy\u00fcyen Kad\u0131n Kooperatifi&#8221; kategorisinde SS Ala\u015fehir Kad\u0131n Giri\u015fimi \u00dcretim ve \u0130\u015fletme Kooperatifi, &#8220;En H\u0131zl\u0131 B\u00fcy\u00fcyen Kad\u0131n Kooperatifi&#8221; kategorisinde j\u00fcri \u00f6zel \u00f6d\u00fcl\u00fc SS \u00c7ay Kad\u0131n K\u00fclt\u00fcr Evi Kad\u0131n Giri\u015fimi \u00dcretim \u0130\u015fletme ve Kalk\u0131nma Kooperatifine verildi.<\/p>\n<\/div>\n<p><script>\n\t  window.fbAsyncInit = function() {\n\t\tFB.init({\n\t\t  appId: '1855843514662870',\n\t\t  status : true, \/\/ check login status\n\t\t  cookie : true, \/\/ enable cookies to allow the server to access the session\n\t\t  xfbml  : true  \/\/ parse XFBML\n\t\t});\n\t  };<\/p>\n<p>\t  (function() {\n\t\tvar e = document.createElement('script');\n\t\te.src=\"https:\/\/connect.facebook.net\/tr_TR\/all.js\";\n\t\te.async = true;\n\t\tdocument.getElementById('fb-root').appendChild(e);\n\t  }());\n    <\/script><br \/>\n<br \/><br \/>\n<br \/><a href=\"https:\/\/www.aa.com.tr\/tr\/ekonomi\/egenin-girisimci-kadinlari-yarismasinin-odul-toreni-kutahyada-yapildi\/3064852\">Source link <\/a><\/p>\n","protected":false},"excerpt":{"rendered":"<p>Kad\u0131n\u00a0giri\u015fimcilik ekosisteminin\u00a0geli\u015ftirilmesi ve yayg\u0131nla\u015ft\u0131r\u0131lmas\u0131 amac\u0131yla KUTSO&#8217;nun ev sahipli\u011finde T\u00fcrkiye Ekonomi Politikalar\u0131 Ara\u015ft\u0131rma Vakf\u0131 (TEPAV) i\u015fbirli\u011fiyle ger\u00e7ekle\u015ftirilen yar\u0131\u015fman\u0131n \u00f6d\u00fcl t\u00f6reni, K\u00fctahya Dumlup\u0131nar \u00dcniversitesi \u0130ktisadi ve \u0130dari Bilimler Fak\u00fcltesi \u0130\u015fletme B\u00f6l\u00fcm\u00fc Amfi 2&#8217;de yap\u0131ld\u0131. T\u00fcrkiye&#8217;de kad\u0131n\u00a0giri\u015fimcili\u011fine destek olmak ve kad\u0131n i\u015f g\u00fcc\u00fcn\u00fcn g\u00fc\u00e7lenmesini sa\u011flamak amac\u0131yla d\u00fczenlenen yar\u0131\u015fmaya K\u00fctahya, Afyonkarahisar, Manisa, U\u015fak, Ayd\u0131n ve \u0130zmir&#8217;den kad\u0131n\u00a0giri\u015fimciler kat\u0131ld\u0131. K\u00fctahya [&hellip;]<\/p>\n","protected":false},"author":1,"featured_media":23000,"comment_status":"","ping_status":"","sticky":false,"template":"","format":"standard","meta":[],"categories":[44],"tags":[],"_links":{"self":[{"href":"https:\/\/kraios.app\/news\/wp-json\/wp\/v2\/posts\/22999"}],"collection":[{"href":"https:\/\/kraios.app\/news\/wp-json\/wp\/v2\/posts"}],"about":[{"href":"https:\/\/kraios.app\/news\/wp-json\/wp\/v2\/types\/post"}],"author":[{"embeddable":true,"href":"https:\/\/kraios.app\/news\/wp-json\/wp\/v2\/users\/1"}],"replies":[{"embeddable":true,"href":"https:\/\/kraios.app\/news\/wp-json\/wp\/v2\/comments?post=22999"}],"version-history":[{"count":0,"href":"https:\/\/kraios.app\/news\/wp-json\/wp\/v2\/posts\/22999\/revisions"}],"wp:featuredmedia":[{"embeddable":true,"href":"https:\/\/kraios.app\/news\/wp-json\/wp\/v2\/media\/23000"}],"wp:attachment":[{"href":"https:\/\/kraios.app\/news\/wp-json\/wp\/v2\/media?parent=22999"}],"wp:term":[{"taxonomy":"category","embeddable":true,"href":"https:\/\/kraios.app\/news\/wp-json\/wp\/v2\/categories?post=22999"},{"taxonomy":"post_tag","embeddable":true,"href":"https:\/\/kraios.app\/news\/wp-json\/wp\/v2\/tags?post=22999"}],"curies":[{"name":"wp","href":"https:\/\/api.w.org\/{rel}","templated":true}]}}