{"id":22707,"date":"2023-11-22T11:16:00","date_gmt":"2023-11-22T11:16:00","guid":{"rendered":"https:\/\/kraios.app\/news\/siyaset\/2023\/11\/22\/ak-parti-genel-baskanvekili-aladan-chp-genel-baskani-ozelin-aciklamalarina-tepki\/"},"modified":"2023-11-22T11:16:00","modified_gmt":"2023-11-22T11:16:00","slug":"ak-parti-genel-baskanvekili-aladan-chp-genel-baskani-ozelin-aciklamalarina-tepki","status":"publish","type":"post","link":"https:\/\/kraios.app\/news\/siyaset\/2023\/11\/22\/ak-parti-genel-baskanvekili-aladan-chp-genel-baskani-ozelin-aciklamalarina-tepki\/","title":{"rendered":"AK Parti Genel Ba\u015fkanvekili Ala&#039;dan CHP Genel Ba\u015fkan\u0131 \u00d6zel&#039;in a\u00e7\u0131klamalar\u0131na tepki"},"content":{"rendered":"<p>AK Parti Genel Ba\u015fkanvekil Ala, CHP&#8217;li \u00d6zel&#8217;in &#8220;darbe&#8221; ile ilgili a\u00e7\u0131klamas\u0131na ili\u015fkin &#8220;AK Parti ve Cumhurba\u015fkan\u0131&#8217;m\u0131z\u0131n siyasi hayat\u0131, darbe ve darbecilerle m\u00fccadelenin siyasi tarihidir. Bize sald\u0131rarak demokrasi a\u00e7\u0131klar\u0131n\u0131 kapatamazlar&#8221; dedi.<\/p>\n","protected":false},"excerpt":{"rendered":"<p>AK Parti Genel Ba\u015fkanvekil Ala, CHP&#8217;li \u00d6zel&#8217;in &#8220;darbe&#8221; ile ilgili a\u00e7\u0131klamas\u0131na ili\u015fkin &#8220;AK Parti ve Cumhurba\u015fkan\u0131&#8217;m\u0131z\u0131n siyasi hayat\u0131, darbe ve darbecilerle m\u00fccadelenin siyasi tarihidir. Bize sald\u0131rarak demokrasi a\u00e7\u0131klar\u0131n\u0131 kapatamazlar&#8221; dedi.<\/p>\n","protected":false},"author":1,"featured_media":22710,"comment_status":"","ping_status":"","sticky":false,"template":"","format":"standard","meta":[],"categories":[47],"tags":[],"_links":{"self":[{"href":"https:\/\/kraios.app\/news\/wp-json\/wp\/v2\/posts\/22707"}],"collection":[{"href":"https:\/\/kraios.app\/news\/wp-json\/wp\/v2\/posts"}],"about":[{"href":"https:\/\/kraios.app\/news\/wp-json\/wp\/v2\/types\/post"}],"author":[{"embeddable":true,"href":"https:\/\/kraios.app\/news\/wp-json\/wp\/v2\/users\/1"}],"replies":[{"embeddable":true,"href":"https:\/\/kraios.app\/news\/wp-json\/wp\/v2\/comments?post=22707"}],"version-history":[{"count":0,"href":"https:\/\/kraios.app\/news\/wp-json\/wp\/v2\/posts\/22707\/revisions"}],"wp:featuredmedia":[{"embeddable":true,"href":"https:\/\/kraios.app\/news\/wp-json\/wp\/v2\/media\/22710"}],"wp:attachment":[{"href":"https:\/\/kraios.app\/news\/wp-json\/wp\/v2\/media?parent=22707"}],"wp:term":[{"taxonomy":"category","embeddable":true,"href":"https:\/\/kraios.app\/news\/wp-json\/wp\/v2\/categories?post=22707"},{"taxonomy":"post_tag","embeddable":true,"href":"https:\/\/kraios.app\/news\/wp-json\/wp\/v2\/tags?post=22707"}],"curies":[{"name":"wp","href":"https:\/\/api.w.org\/{rel}","templated":true}]}}