{"id":22639,"date":"2023-11-21T20:29:52","date_gmt":"2023-11-21T20:29:52","guid":{"rendered":"https:\/\/kraios.app\/news\/siyaset\/2023\/11\/21\/501-tartismalari-yeni-sistemin-dogasini-zedelemeyecek-onarimin-uzlasmayla-yapilacagi-inancindayim\/"},"modified":"2023-11-21T20:29:52","modified_gmt":"2023-11-21T20:29:52","slug":"501-tartismalari-yeni-sistemin-dogasini-zedelemeyecek-onarimin-uzlasmayla-yapilacagi-inancindayim","status":"publish","type":"post","link":"https:\/\/kraios.app\/news\/siyaset\/2023\/11\/21\/501-tartismalari-yeni-sistemin-dogasini-zedelemeyecek-onarimin-uzlasmayla-yapilacagi-inancindayim\/","title":{"rendered":"(50+1 tart\u0131\u015fmalar\u0131) Yeni sistemin do\u011fas\u0131n\u0131 zedelemeyecek onar\u0131m\u0131n uzla\u015fmayla yap\u0131laca\u011f\u0131 inanc\u0131nday\u0131m"},"content":{"rendered":"<p><\/p>\n<div>\n<p><strong>MHP Genel Ba\u015fkan\u0131 Devlet Bah\u00e7eli,<\/strong> partisinin Meclis Grup Toplant\u0131s\u0131&#8217;ndaki konu\u015fmas\u0131nda, Filistin&#8217;in huzurunun T\u00fcrkiye&#8217;nin huzuru, Suriye&#8217;nin istikrar\u0131n\u0131n T\u00fcrkiye&#8217;nin istikrar\u0131, Irak&#8217;\u0131n esenli\u011finin T\u00fcrkiye&#8217;nin esenli\u011fi oldu\u011funu vurgulad\u0131.<\/p>\n<p>Ecdad\u0131n Filistin&#8217;i \u015eam Beylerbeyli\u011fi&#8217;ne ba\u011fl\u0131 \u00fc\u00e7 sancak halinde te\u015fkilatland\u0131rd\u0131\u011f\u0131n\u0131, bunlar\u0131n Kud\u00fcs, Gazze, Nablus Sanca\u011f\u0131 oldu\u011funu hat\u0131rlatan Bah\u00e7eli, &#8220;D\u00fcn sanca\u011f\u0131m\u0131z olan Gazze&#8217;nin bug\u00fcn felaketine s\u0131rt d\u00f6nmemiz, y\u00fcz \u00e7evirmemiz, suskun kalmam\u0131z milli ve manevi emanetlerimize en hafif tabirle sayg\u0131s\u0131zl\u0131kt\u0131r. Gazze&#8217;yi Kud\u00fcs&#8217;ten, Kud\u00fcs&#8217;\u00fc \u0130stanbul&#8217;dan ay\u0131rmak, ayr\u0131\u015ft\u0131rmak ve ayr\u0131 d\u00fc\u015f\u00fcnmek akan tarih nehrine kar\u015f\u0131 bo\u015funa k\u00fcrek \u00e7ekmektir.&#8221; \u015feklinde konu\u015ftu.<\/p>\n<p>&#8220;Bizim i\u00e7in bu konuda tarafs\u0131zl\u0131k diye bir \u015fey s\u00f6z konusu olamaz.&#8221; diyen Bah\u00e7eli, T\u00fcrk milletinin, \u0130srail&#8217;in ve zul\u00fcm destek\u00e7ilerinin \u015feytani oyunlar\u0131na, \u015fer ve \u015fiddet ya\u011fd\u0131ran operasyonlar\u0131na sonuna kadar tepkili, mesafeli ve \u00f6fkeli oldu\u011funu belirtti.<\/p>\n<p>Bah\u00e7eli, &#8220;\u0130srail ile Filistin aras\u0131nda acil ve insani ate\u015fkesin olmas\u0131 i\u00e7in daha ka\u00e7 \u00e7ocu\u011fun, ka\u00e7 masumun \u00f6lmesi laz\u0131md\u0131r? Okullar, hastaneler, sivil yerle\u015fim alanlar\u0131, camiler, kiliseler, f\u0131r\u0131nlar, ambulanslar, su \u015febekeleri, elektrik santralleri, yollar, k\u00f6pr\u00fcler, mezarl\u0131klar, son tahlilde insana dair ne varsa bombalan\u0131yorken Almanya Ba\u015fbakan\u0131&#8217;n\u0131n \u00e7\u0131k\u0131p da &#8216;\u0130srail&#8217;in yapt\u0131\u011f\u0131 nefsi m\u00fcdafaa&#8217; demesinin ahlaki, hukuki ve vicdani bir kar\u015f\u0131l\u0131\u011f\u0131ndan bahsetmek m\u00fcmk\u00fcn m\u00fcd\u00fcr? \u0130srail vandall\u0131\u011f\u0131n\u0131n s\u00f6zde nefsini savunanlar\u0131n, mazlumlar\u0131n nefsini konu\u015facak \u015ferefli duru\u015fu g\u00f6stermeleri i\u00e7in daha ba\u015fka neyin ve nelerin olmas\u0131 gerekmektedir?&#8221; sorular\u0131n\u0131 y\u00f6neltti.<\/p>\n<h3>&#8220;Almanya Ba\u015fbakan\u0131 tarihin ve insani de\u011ferlerin yanl\u0131\u015f taraf\u0131nda&#8221;<\/h3>\n<p>Cumhurba\u015fkan\u0131 Recep Tayyip Erdo\u011fan&#8217;\u0131n Almanya Ba\u015fbakan\u0131 Olaf Scholz ile yapt\u0131\u011f\u0131 g\u00f6r\u00fc\u015fmeyi hat\u0131rlatan Bah\u00e7eli, &#8220;Berlin&#8217;de ge\u00e7ti\u011fimiz cuma ak\u015fam\u0131 d\u00fczenlenen ortak bas\u0131n toplant\u0131s\u0131nda, Cumhurba\u015fkan\u0131&#8217;m\u0131z\u0131n Almanya Ba\u015fbakan\u0131&#8217;n\u0131n y\u00fcz\u00fcne \u00e7ekinmeden, a\u00e7\u0131k s\u00f6zl\u00fcl\u00fckle hayk\u0131rd\u0131\u011f\u0131 ger\u00e7ekler T\u00fcrk milletinin, esasen her \u015feyi bilse de susmay\u0131 tercih eden baz\u0131 Arap ve \u0130slam \u00fclkelerinin ortak sesi, ortak sesleni\u015fidir. Do\u011fruya do\u011fru, yanl\u0131\u015fa yanl\u0131\u015f diyen milli basiret herkese dersini vermi\u015f, muhatab\u0131n\u0131n gev\u015feyen vidalar\u0131n\u0131 da s\u0131km\u0131\u015ft\u0131r.&#8221; diye konu\u015ftu.<\/p>\n<p>\u0130srail&#8217;e para, silah, m\u00fchimmat deste\u011fi ile siyasi omuz veren \u00fclkelerin i\u015flenen bebek cinayetlerinden, g\u00fcn ge\u00e7tik\u00e7e a\u011f\u0131rla\u015fan katliam tablosundan birinci derecede sorumlu oldu\u011funun alt\u0131n\u0131 \u00e7izen Bah\u00e7eli, \u0130srail&#8217;in soyk\u0131r\u0131m su\u00e7una sessiz kalanlar\u0131n, bununla da yetinmeyip 46 g\u00fcnd\u00fcr s\u00fcregelen devlet ter\u00f6r\u00fcn\u00fc g\u00f6rmezden gelenlerin bir g\u00fcn insanl\u0131k vicdan\u0131nda mahkum olaca\u011f\u0131n\u0131 s\u00f6yledi.<\/p>\n<p>Almanya&#8217;n\u0131n da bu kategoride oldu\u011funu ifade eden Bah\u00e7eli, &#8220;\u00c7ok \u015f\u00fck\u00fcr bizim ge\u00e7mi\u015fimizin hi\u00e7bir sayfas\u0131nda gaz odalar\u0131 canili\u011fi, toplama kamplar\u0131n\u0131n lekesi, Holokost felaketinin izi yoktur. Almanya Ba\u015fbakan\u0131 tarihin ve insani de\u011ferlerin yanl\u0131\u015f taraf\u0131ndad\u0131r. \u0130srail fa\u015fizmine, \u0130srail soyk\u0131r\u0131m\u0131na ilik nakli yapanlar aras\u0131nda bulunmas\u0131 feci bir sapma halidir. Adalet tevzi edecek insan bir defa \u015fahs\u0131na adil olmal\u0131d\u0131r. Kald\u0131 ki bunlar\u0131n kendilerine bile hay\u0131rlar\u0131 yoktur.&#8221; dedi.<\/p>\n<h3>&#8220;N\u00fckleer ba\u015fl\u0131kl\u0131 silahlar\u0131n ara\u015ft\u0131r\u0131lmas\u0131 derhal yap\u0131lmal\u0131&#8221;<\/h3>\n<p>Bah\u00e7eli, Almanya&#8217;n\u0131n T\u00fcrkiye&#8217;ye yeni nesil sava\u015f u\u00e7a\u011f\u0131 satmak i\u00e7in ayak s\u00fcr\u00fcmesinin, temelsiz bahaneler \u00fcretmesinin kendi bilecekleri bir \u015fey oldu\u011funu ve d\u00fcnyan\u0131n sonu olmad\u0131\u011f\u0131n\u0131 vurgulad\u0131. Bah\u00e7eli, &#8220;Milli muharip u\u00e7a\u011f\u0131m\u0131z KAAN yak\u0131nda havalanacak, in\u015fallah zora girmemizi bekleyen odaklar\u0131 teker teker \u00e7atlatacakt\u0131r.&#8221; ifadelerini kulland\u0131.<\/p>\n<p>\u0130srail&#8217;in orant\u0131s\u0131z, onursuz ve ahlaks\u0131z sald\u0131r\u0131lar\u0131na derhal son vermesini isteyen Bah\u00e7eli, uluslararas\u0131 toplumun \u0130srail \u00fczerindeki bask\u0131y\u0131 art\u0131rmas\u0131n\u0131 talep etti. Bah\u00e7eli, \u015f\u00f6yle devam etti:<\/p>\n<p>&#8220;Son g\u00fcnlerde yo\u011funla\u015fan protesto g\u00f6sterileri, uyan\u0131\u015fa ge\u00e7en k\u00fcresel vicdan, \u0130srail halk\u0131 aras\u0131ndaki keskin b\u00f6l\u00fcnmeler, bu \u00fclke siyasetindeki sert \u00e7alkant\u0131lar Netanyahu&#8217;nun elini g\u00fcnbeg\u00fcn zay\u0131flatmakta, yaln\u0131zl\u0131\u011fa itmektedir. \u00c7\u0131kmaza s\u00fcr\u00fcklenen, kafas\u0131 ve kalbi rehin alt\u0131nda olan \u0130srail Ba\u015fbakan\u0131&#8217;n\u0131n siyasetten silinip gidece\u011fi g\u00fcnler uzak de\u011fildir. \u0130srail ile Filistin aras\u0131nda \u00e7ok acil ve kal\u0131c\u0131 ate\u015fkes sa\u011flanmal\u0131d\u0131r. S\u00fcrd\u00fcr\u00fclebilir bir bar\u0131\u015f ortam\u0131 muhakkak surette tesis edilmelidir. \u0130srail&#8217;in kontrol\u00fcndeki n\u00fckleer ba\u015fl\u0131kl\u0131 silahlar\u0131n ara\u015ft\u0131r\u0131lmas\u0131 uluslararas\u0131 g\u00f6zlemciler vas\u0131tas\u0131yla derhal yap\u0131lmal\u0131d\u0131r. Rehinelerin kurtar\u0131lmas\u0131 maksad\u0131yla diyalog ve diplomatik kanallar olu\u015fturulmal\u0131, at\u0131lan ad\u0131mlar kar\u015f\u0131l\u0131k bulmal\u0131, insani yard\u0131mlar\u0131n \u00f6n\u00fc a\u00e7\u0131lmal\u0131d\u0131r.&#8221;<\/p>\n<h3>&#8220;Filistin&#8217;in yutulmas\u0131na, siyonizm masas\u0131nda men\u00fc olmas\u0131na g\u00f6z yummayaca\u011f\u0131z&#8221;<\/h3>\n<p>Bah\u00e7eli, \u015eifa Hastanesi&#8217;nin alt\u0131nda t\u00fcneller oldu\u011funu ve karargah kuruldu\u011funu iddia eden \u0130srail h\u00fck\u00fcmetinin kara propagandas\u0131n\u0131n da elinde patlad\u0131\u011f\u0131n\u0131 s\u00f6yledi. D\u00fcnyan\u0131n daha fazla hareketsiz kalmamas\u0131n\u0131 isteyen Bah\u00e7eli, &#8220;\u0130srail sald\u0131r\u0131lar\u0131n\u0131 cayd\u0131rmak i\u00e7in askeri, ekonomik ve siyasi yapt\u0131r\u0131m kararlar\u0131 e\u015fg\u00fcd\u00fcm halinde ve s\u00fcratle al\u0131nmal\u0131d\u0131r. ABD y\u00f6netimi ve AB \u00fclkeleri \u00e7eli\u015fkili a\u00e7\u0131klamalar\u0131na nokta koymal\u0131 ve \u0130srail&#8217;e verdikleri deste\u011fi b\u0131\u00e7ak gibi kesmelidir. B\u00fcy\u00fck \u0130srail projesine yat\u0131r\u0131m yapanlar, vaat edilmi\u015f topraklar\u0131n hayalini kuranlar ya Nil&#8217;in ya da F\u0131rat&#8217;\u0131n sular\u0131nda bo\u011fulmaya da m\u00fcstahakt\u0131r. T\u00fcrk milleti b\u00f6ylesi bir korsan yay\u0131lmac\u0131l\u0131\u011fa, en \u00fcst d\u00fczeyde alarm zilleri \u00e7alan tarihsel ve s\u00f6zde inan\u00e7 temelli tehdit alg\u0131s\u0131na kesinlikle f\u0131rsat vermeyecektir.&#8221; de\u011ferlendirmesinde bulundu.<\/p>\n<p>\u0130srail&#8217;in manevi kurucusu ve siyonizmin mucidi Theodor Herzl&#8217;e 19 Haziran 1896 tarihinde Sultan 2. Abd\u00fclhamid&#8217;in g\u00f6nderdi\u011fi mesaj\u0131n T\u00fcrk milletinin ruh k\u00f6k\u00fcn\u00fc ayn\u0131s\u0131yla yans\u0131tt\u0131\u011f\u0131n\u0131 bildiren Bah\u00e7eli, &#8220;127 y\u0131l \u00f6nceki bu duru\u015f T\u00fcrk milletinin bug\u00fcnk\u00fc duru\u015fudur. Filistin\u2019in yutulmas\u0131na, siyonizm masas\u0131nda men\u00fc olmas\u0131na g\u00f6z yummayaca\u011f\u0131z.&#8221; dedi.<\/p>\n<h3>&#8220;Cumhurba\u015fkanl\u0131\u011f\u0131 H\u00fck\u00fcmet Sistemi konjonkt\u00fcrel re\u00e7ete hi\u00e7 de\u011fildir&#8221;<\/h3>\n<p>Cumhuriyet&#8217;in yeni y\u00fczy\u0131l\u0131nda, T\u00fcrk ve T\u00fcrkiye Y\u00fczy\u0131l\u0131 hedeflerinin temin s\u00fcrecinin ba\u015f\u0131nda en b\u00fcy\u00fck kozlar\u0131n\u0131n, en m\u00fcstesna kuvvetlerinin 16 Nisan halkoylamas\u0131yla y\u00f6netim sisteminde yap\u0131lan reform oldu\u011funu belirten Bah\u00e7eli, bu reformun mimarba\u015f\u0131n\u0131n T\u00fcrk milleti ve onun ruh k\u00f6k\u00fcnden do\u011fan Cumhur \u0130ttifak\u0131 oldu\u011funu s\u00f6yledi.<\/p>\n<p>Cumhurba\u015fkanl\u0131\u011f\u0131 H\u00fck\u00fcmet Sistemi&#8217;nin, T\u00fcrkiye Cumhuriyeti&#8217;nin hem \u00fc\u00e7\u00fcnc\u00fc evreye ge\u00e7i\u015fini sa\u011flad\u0131\u011f\u0131n\u0131 hem de yeni y\u00fczy\u0131l\u0131 kavrayan ve ku\u015fatan demokratik ve dinamik nitelikli sistemsel ba\u015far\u0131s\u0131n\u0131 somutla\u015ft\u0131rd\u0131\u011f\u0131n\u0131 vurgulayan Bah\u00e7eli, Cumhurba\u015fkanl\u0131\u011f\u0131 H\u00fck\u00fcmet Sistemi ile devlet hayat\u0131nda \u00e7atlak seslerin dindi\u011fini, karar alma s\u00fcre\u00e7lerinin seriye ba\u011fland\u0131\u011f\u0131n\u0131, kuvvetler ayr\u0131m\u0131n\u0131n billurla\u015ft\u0131\u011f\u0131n\u0131, \u00e7ok ba\u015fl\u0131l\u0131k devrinin kapand\u0131\u011f\u0131n\u0131, b\u00fcrokratik oligar\u015finin suyunun kesildi\u011fini kaydetti.<\/p>\n<p>Bah\u00e7eli, yeni sistemin gerekli, yeterli siyasi, stratejik ve fikri demlenme s\u00fcrecinin devam etti\u011fini, kurum ve kurallar\u0131yla olgunla\u015fmas\u0131, ilke ve esaslar\u0131yla oturmas\u0131n\u0131n T\u00fcrk ve T\u00fcrkiye Y\u00fczy\u0131l\u0131&#8217;n\u0131n g\u00fcvencesi olaca\u011f\u0131n\u0131 dile getirdi.<\/p>\n<p>Bah\u00e7eli, &#8220;Cumhurba\u015fkanl\u0131\u011f\u0131 H\u00fck\u00fcmet Sistemi gelip ge\u00e7ici bir heves de\u011fildir. Cumhurba\u015fkanl\u0131\u011f\u0131 H\u00fck\u00fcmet Sistemi i\u015fi bitince buru\u015fturulup bir k\u00f6\u015feye at\u0131lacak tek kullan\u0131ml\u0131k konjonkt\u00fcrel re\u00e7ete hi\u00e7 de\u011fildir. Cumhurba\u015fkanl\u0131\u011f\u0131 H\u00fck\u00fcmet Sistemi T\u00fcrkiye Cumhuriyeti&#8217;nin istikbal haysiyeti, milli bekas\u0131n\u0131n habitat\u0131; T\u00fcrk milletinin huzur, bar\u0131\u015f ve karde\u015flik iradesinin temel harc\u0131d\u0131r.&#8221; diye konu\u015ftu.<\/p>\n<p>Cumhurba\u015fkanl\u0131\u011f\u0131 H\u00fck\u00fcmet Sistemi&#8217;nin aksayan, tekleyen ve ar\u0131za sinyali veren y\u00f6nleri varsa mutabakatla ele al\u0131n\u0131p d\u00fczeltilmesi gerekti\u011finin alt\u0131n\u0131 \u00e7izen Bah\u00e7eli, bunun da son derece do\u011fal ve do\u011fru bir se\u00e7enek oldu\u011funu s\u00f6yledi.<\/p>\n<p>Her y\u00f6netim sisteminin bir \u00f6z\u00fc, hukuki ve ahlaki me\u015fruiyetini sa\u011flayan demokratik bir \u00f6zelli\u011fi oldu\u011funu belirten Bah\u00e7eli, bunun tart\u0131\u015f\u0131lmas\u0131n\u0131n da \u00f6ng\u00f6r\u00fclemez sorun ve s\u0131k\u0131nt\u0131lara yol a\u00e7ma riski ta\u015f\u0131d\u0131\u011f\u0131n\u0131 ifade etti.<\/p>\n<p>Bah\u00e7eli, \u015funlar\u0131 kaydetti:<\/p>\n<p>&#8220;G\u00fc\u00e7lendirilmi\u015f Parlamenter Sistem hedefiyle milletimizin huzuruna \u00e7\u0131kan zillet ittifak\u0131 ama\u00e7lad\u0131\u011f\u0131 icazet ve ruhsat\u0131 alamam\u0131\u015f, milli irade Cumhurba\u015fkanl\u0131\u011f\u0131 H\u00fck\u00fcmet Sistemi&#8217;ni mevcut ve mahut haliyle tasdik ve teyit etmi\u015ftir. La\u011fvolunan bir kurum veya sistemin tekrar ihyas\u0131 diye bir \u015fey zaten makul ve mant\u0131kl\u0131 bir \u015fey de\u011fildir. \u0130ster iyile\u015ftirilsin isterse de g\u00fc\u00e7lendirilsin, e\u011fer Parlamenter Sistem her \u015feye ra\u011fmen ihya edilseydi; dejenere olmas\u0131, kaosa hizmet etmesi, kutupla\u015fma ve kampla\u015fmay\u0131 k\u00f6r\u00fcklemesi, devlet y\u00f6netimini krize sokmas\u0131 mukadder bir siyaset ve hayat ger\u00e7e\u011fi haline gelirdi. Bu ise 15 Temmuz FET\u00d6 darbe te\u015febb\u00fcs\u00fc kadar vahim geli\u015fmelere neden olabilirdi. Hamdolsun aziz milletimiz k\u00f6t\u00fcr\u00fcm ve k\u00f6hne siyasetin ayak oyunlar\u0131na, y\u00f6netilemeyen T\u00fcrkiye \u00f6nerisine m\u00fcsaade etmemi\u015f, buna f\u0131rsat vermemi\u015ftir.&#8221;<\/p>\n<p>Bah\u00e7eli, Cumhurba\u015fkan\u0131 Recep Tayyip Erdo\u011fan&#8217;\u0131n Almanya ziyaretinden d\u00f6nerken Cumhurba\u015fkanl\u0131\u011f\u0131 H\u00fck\u00fcmet Sistemi&#8217;ne ili\u015fkin a\u00e7\u0131klamalarda bulundu\u011funu hat\u0131rlatt\u0131.<\/p>\n<p>Erdo\u011fan&#8217;\u0131n cumhurba\u015fkan\u0131 se\u00e7imindeki 50 art\u0131 1 oy \u015fart\u0131yla ilgili tespit ve de\u011ferlendirmelerinin, siyasetin ve kurulan ittifaklar\u0131n par\u00e7al\u0131 yap\u0131s\u0131na bak\u0131ld\u0131\u011f\u0131nda tutarl\u0131 ve anlaml\u0131 oldu\u011funu ifade eden Bah\u00e7eli, kendisinin bu konuda ge\u00e7mi\u015ften bug\u00fcne s\u00f6yledi\u011fi s\u00f6zler, yapt\u0131\u011f\u0131 a\u00e7\u0131klamalar ve payla\u015ft\u0131\u011f\u0131 g\u00f6r\u00fc\u015flerin ise belli oldu\u011funu ve hi\u00e7 de\u011fi\u015fme g\u00f6stermedi\u011fini belirtti.<\/p>\n<p>Bu konuda 7 Haziran 2018&#8217;de Kayseri Merkezli B\u00f6lge \u0130sti\u015fare Toplant\u0131s\u0131, 2 Temmuz 2019&#8217;da MHP TBMM Grup Toplant\u0131s\u0131&#8217;nda yapt\u0131\u011f\u0131 konu\u015fmalar\u0131 an\u0131msatan Bah\u00e7eli, \u015funlar\u0131 kaydetti:<\/p>\n<p>&#8220;Yine 16 Kas\u0131m 2021&#8217;deki Meclis Grup Toplant\u0131m\u0131zda ise \u015funlar\u0131 s\u00f6ylemi\u015ftim: Cumhurba\u015fkanl\u0131\u011f\u0131 H\u00fck\u00fcmet Sistemi milletimizin bir ba\u015far\u0131s\u0131, gelece\u011finin m\u00fcjdesi, milli bekan\u0131n g\u00fcvencesi, milli birlik ve dayan\u0131\u015fman\u0131n z\u0131rh\u0131, devlet y\u00f6netiminin milli hedeflerle birle\u015fmesidir. Bu sistemin demokratik me\u015fruiyet temeli y\u00fczde 50+1&#8217;dir. Cumhurba\u015fkanl\u0131\u011f\u0131 H\u00fck\u00fcmet Sistemi&#8217;nde cumhurba\u015fkan\u0131 do\u011frudan halk taraf\u0131ndan se\u00e7ildi\u011fi ve h\u00fck\u00fcmet TBMM\u2019den g\u00fcvenoyu almad\u0131\u011f\u0131 i\u00e7in &#8216;y\u00f6netimde istikrar&#8217; ilkesi kendili\u011finden ger\u00e7ekle\u015fmi\u015ftir. Bu itibarla y\u00fczde 50 art\u0131 1 oyla cumhurba\u015fkan\u0131 se\u00e7ilmesi \u00e7o\u011fulcu demokrasinin d\u00fcnyaya emsal te\u015fkil edecek, model olacak bir \u015feklidir. Dikkat buyurunuz, milletvekili se\u00e7miyoruz, belediye ba\u015fkan\u0131 se\u00e7miyoruz, muhtar se\u00e7miyoruz, cumhurun b\u00fct\u00fcn\u00fcn\u00fc temsil edecek cumhurba\u015fkan\u0131n\u0131 se\u00e7iyoruz.<\/p>\n<p>MHP olarak d\u00fcn ne demi\u015fsek bug\u00fcn ayn\u0131 \u00e7izgide, ayn\u0131 d\u00fc\u015f\u00fcncede, ayn\u0131 g\u00f6r\u00fc\u015fteyiz. Ancak Cumhur \u0130ttifak\u0131 olarak konu\u015fup tart\u0131\u015farak orta yolun, makul \u00e7\u00f6z\u00fcm\u00fcn, yeni sistemin do\u011fas\u0131n\u0131 zedelemeyecek tamirat ve onar\u0131m\u0131n kar\u015f\u0131l\u0131kl\u0131 anlay\u0131\u015f ve uzla\u015fmayla yap\u0131laca\u011f\u0131n\u0131n inanc\u0131na ve iradesine de sahibiz.&#8221;<\/p>\n<h3>&#8220;Cumhurba\u015fkan\u0131m\u0131zla diyalo\u011fumuz hasbidir, harbidir, haysiyetlidir&#8221;<\/h3>\n<p>MHP Genel Ba\u015fkan\u0131 Bah\u00e7eli, Cumhurba\u015fkan\u0131 Erdo\u011fan&#8217;\u0131n a\u00e7\u0131klamas\u0131n\u0131 \u00e7arp\u0131t\u0131p Cumhur \u0130ttifak\u0131 etraf\u0131nda tezvirat ve tefrika imal eden f\u0131rsat d\u00fc\u015fk\u00fcn\u00fc meczuplara prim vermeyeceklerini, itibar etmeyeceklerini s\u00f6yleyerek, &#8220;Bunlar\u0131 adam yerine bile koymay\u0131z.&#8221; ifadesini kulland\u0131.<\/p>\n<p>&#8220;Baz\u0131 zeka ve vicdan \u00f6z\u00fcrl\u00fclerin, &#8216;Erdo\u011fan, Bah\u00e7eli&#8217;yi s\u0131rt\u0131ndan atacak m\u0131?&#8217; \u015feklinde yaz\u0131 kaleme almalar\u0131n\u0131n, AK Parti ile MHP aras\u0131nda sorun oldu\u011fundan bahsetmelerinin, fitne tezgah\u0131 a\u00e7malar\u0131n\u0131n al\u00e7ak bir te\u015febb\u00fcs, namert bir telaffuz oldu\u011funu&#8221; ifade eden Bah\u00e7eli, \u015f\u00f6yle konu\u015ftu:<\/p>\n<p>&#8220;Buray\u0131 dikkatle dinleyin, kendi aran\u0131zda tart\u0131\u015f\u0131rken de dikkatli cevap verin. Allah&#8217;a \u00e7ok \u015f\u00fck\u00fcr siyasi hayat\u0131m\u0131z boyunca hi\u00e7 kimsenin s\u0131rt\u0131na binmedik, hi\u00e7 kimseyi de s\u0131rt\u0131m\u0131za bindirmedik. Onun bunun s\u0131rt\u0131ndan ge\u00e7inen keneler bizi anlayamaz, anlasa da anlatmaya takatleri yetmez. Y\u00fck ald\u0131k, y\u00fck olmad\u0131k; bedelse \u00f6dedik, yeri geldi \u015fehadet d\u00fc\u015ft\u00fc hissemize, ne gam ne tasa katiyen \u015fikayet etmedik, &#8216;\u00f6nce \u00fclkem ve milletim&#8217; demekten de asla vazge\u00e7medik. Cumhurba\u015fkanl\u0131\u011f\u0131 Kabinesi&#8217;ne bakan vermedik, do\u011frudur. Ne var ki bu kabine T\u00fcrkiye Cumhuriyeti&#8217;nin ve T\u00fcrk milletinin kabinesidir. Alaca\u011f\u0131 her karar\u0131n yan\u0131nday\u0131z, sefas\u0131na de\u011fil, gerekirse cefas\u0131na talibiz. MHP tufeyli de\u011fildir, yanc\u0131 de\u011fildir, ufak\u00e7\u0131 de\u011fildir, ulufeye talip de\u011fildir, ikbale merakl\u0131 de\u011fildir; T\u00fcrkl\u00fc\u011f\u00fcn, T\u00fcrkiye&#8217;nin ve T\u00fcrk milletinin serdenge\u00e7ti \u015fuuru, son kalesi, t\u00fcm \u00e7areler t\u00fckendi\u011finde d\u00fc\u015fmana s\u0131k\u0131lacak son kur\u015funudur. Bilmeyen varsa tekrar hat\u0131rlatay\u0131m; Say\u0131n Cumhurba\u015fkan\u0131m\u0131zla diyalo\u011fumuz hasbidir, harbidir, haysiyetlidir, hakseverlik \u00fczerinedir, sayg\u0131 ve sevgi temellidir, hi\u00e7 kimse de aram\u0131za giremeyecektir.&#8221;<\/p>\n<p>MHP lideri Bah\u00e7eli, Cumhur \u0130ttifak\u0131 ile ilgili polemik ve spek\u00fclasyon yapan &#8220;kara sinek tabiatl\u0131&#8221; g\u00fcruhun durumunun, &#8220;Sine\u011fin ak\u0131ll\u0131s\u0131 kiraza biner \u015fehre gider, sine\u011fin aptal\u0131 g\u00fcbreye d\u00fc\u015fer bunlar gibi ah\u0131ra gider.&#8221; ile ayn\u0131 oldu\u011funu dile getirdi.<\/p>\n<p>Cumhur \u0130ttifak\u0131&#8217;nda pazarl\u0131k ve ihtilaf olmad\u0131\u011f\u0131n\u0131 vurgulayan Bah\u00e7eli, &#8220;Cumhur \u0130ttifak\u0131, bir plan\u0131n \u00fcr\u00fcn\u00fc, sipari\u015f edilmi\u015f bir projenin \u00fcretimi de\u011fildir. Bu ittifak 15 Temmuz i\u015fgal ve ihanetine kar\u015f\u0131 meydanlarda kurulmu\u015ftur. Bu ittifak 7 A\u011fustos Yenikap\u0131 ruhuyla olu\u015fmu\u015ftur. Ter\u00f6rle m\u00fccadelede kesin sonu\u00e7 almak, sosyo-ekonomik geli\u015fmeyi en \u00fcst seviyeye ta\u015f\u0131mak, i\u00e7 ve d\u0131\u015f sorun alanlar\u0131n\u0131n birer birer \u00fcstesinden gelmek, deprem felaketinin derin izlerini tamam\u0131yla silmek, T\u00fcrk ve T\u00fcrkiye Y\u00fczy\u0131l\u0131 hedeflerinin ger\u00e7ekle\u015fmesi, d\u00fcnyada T\u00fcrk mucizesinin hayata ge\u00e7mesi i\u00e7in Cumhur \u0130ttifak\u0131&#8217;n\u0131n devam\u0131ndan yanay\u0131z. Hi\u00e7bir \u015fart alt\u0131nda da bu ittifak\u0131n bozulmas\u0131na kendi ad\u0131m\u0131za s\u00f6yl\u00fcyorum, ge\u00e7it vermeyece\u011fiz.&#8221; dedi.<\/p>\n<h3>&#8220;Ku\u015f beyinlerinizle Cumhur&#8217;u \u00e7atlatmaya kabiliyetiniz yetmez&#8221;<\/h3>\n<p>MHP lideri Bah\u00e7eli, Cumhurba\u015fkan\u0131 Erdo\u011fan&#8217;\u0131n, 14 May\u0131s ve 28 May\u0131s&#8217;ta ba\u015far\u0131ya ula\u015fmas\u0131 i\u00e7in her \u00f6zveriyi g\u00f6sterdiklerini ifade ederek, s\u00f6zlerini \u015f\u00f6yle s\u00fcrd\u00fcrd\u00fc:<\/p>\n<p>&#8220;Kiminle istiyorsa g\u00f6r\u00fc\u015f\u00fcp temas kurmas\u0131na destek verdik, hatta partimizden ihra\u00e7 edilen bir \u015fah\u0131sla ayn\u0131 kareye girmeye i\u00e7imiz ac\u0131sa bile ses \u00e7\u0131karmad\u0131k. San\u0131yorum herkes mesaj\u0131 ald\u0131 ve anlad\u0131, ne diyece\u011fimi merak edip karma\u015fa ve kavga bekleyenler k\u00fclah\u0131 kafalar\u0131na ters giyerek arkalar\u0131na bakmadan nifak mevzilerine tekrar geri d\u00f6nmek zorunda kald\u0131. Bu bedhahlara, bu gafillere diyorum ki, buradan size ekmek \u00e7\u0131kmaz, dedikodu \u00e7ark\u0131n\u0131z bize s\u00f6kmez. 6 tane televizyon ve konu\u015fmac\u0131lar\u0131, s\u00f6z\u00fcm size; ku\u015f beyinlerinizle Cumhur&#8217;u \u00e7atlatmaya kabiliyetiniz yetmez, ittifak\u0131m\u0131z\u0131 \u00f6\u011f\u00fctemez, \u00f6n\u00fcm\u00fcz\u00fc de kesemez.&#8221;<\/p>\n<h3>&#8220;\u00d6zg\u00fcr \u00d6zel ciddiye al\u0131nacak biri de\u011fil&#8221;<\/h3>\n<p>CHP Genel Ba\u015fkan\u0131 \u00d6zg\u00fcr \u00d6zel&#8217;in &#8220;asl\u0131nda siyasi birikim ve deneyim \u00e7er\u00e7evesinde pek ciddiye ve dikkate al\u0131nacak biri olmad\u0131\u011f\u0131n\u0131&#8221; s\u00f6yleyen Bah\u00e7eli, &#8220;HEDEP&#8217;e uzatt\u0131\u011f\u0131 zeytin dal\u0131, \u0130Y\u0130 Parti ile ortak payda aray\u0131\u015f\u0131, zillet masas\u0131n\u0131 tekrar kurma anlay\u0131\u015f ve amac\u0131 ge\u00e7mi\u015fin birebir kopyas\u0131d\u0131r. CHP&#8217;de yeni bir \u015fey yoktur. Hamamda kurna, d\u00fc\u011f\u00fcnde zurna be\u011fenmeyen bug\u00fcnk\u00fc CHP y\u00f6netimi her \u015feye kar\u015f\u0131, ge\u00e7mi\u015fine kar\u015f\u0131, i\u015fin \u00f6z\u00fcnde kar\u015f\u0131ya bile kar\u015f\u0131d\u0131r.&#8221; diye konu\u015ftu.<\/p>\n<p>Bah\u00e7eli, \u00d6zel&#8217;in \u0130stanbul Kad\u0131k\u00f6y&#8217;de bir operaya HEDEP&#8217;lilerle birlikte kat\u0131ld\u0131\u011f\u0131n\u0131 an\u0131msatarak, \u015funlar\u0131 kaydetti:<\/p>\n<p>&#8220;Sahne alan ve K\u00fcrdistan&#8217;dan bahsedip T\u00fcrkiye&#8217;yi i\u015fgalci diye karalayan s\u00f6zde bir sanat\u00e7\u0131n\u0131n elini \u00f6pmesi utan\u00e7 verici bir ay\u0131p ve rezalettir. E\u011fer eli \u00f6p\u00fclecek han\u0131mefendiler ar\u0131yorsan\u0131z Meclis&#8217;teki AK Parti ve MHP gruplar\u0131na bak\u0131n, her han\u0131m\u0131n eli \u00f6p\u00fcl\u00fcr. \u00d6pecek eli tan\u0131mayanlar\u0131n milletten tekme yemeleri mutlakt\u0131r. CHP ger\u00e7ekten de s\u00f6m\u00fcrgele\u015fmi\u015f, vesayet zincirine vurulmu\u015ftur. Bir b\u00f6l\u00fcc\u00fcn\u00fcn sayg\u0131yla elinin \u00f6p\u00fclmesi, CHP&#8217;nin mazisini inkar, T\u00fcrkiye&#8217;ye rest \u00e7ekmektir. Bu sefil fikri kimin verdi\u011fi az \u00e7ok bellidir. CHP Genel Ba\u015fkan\u0131 maalesef kuklad\u0131r, kuklac\u0131 ise \u0130stanbul B\u00fcy\u00fck\u015fehir Belediye Ba\u015fkanl\u0131\u011f\u0131 makam\u0131nda oturan zatt\u0131r. Onun da ipini tutanlar i\u00e7 ve d\u0131\u015f husumet cephesidir. CHP&#8217;de patron \u00e7\u0131ld\u0131rm\u0131\u015f, tasfiye i\u015flemi h\u0131zlanm\u0131\u015f, ya\u011fma vites y\u00fckseltmi\u015f, Atat\u00fcrk&#8217;\u00fcn partisi kapan\u0131n elinde kalm\u0131\u015ft\u0131r.&#8221;<\/p>\n<h3>&#8220;T\u00fcrk duru\u015fu hem sahada hem de masada Almanya&#8217;da g\u00f6sterilmi\u015ftir&#8221;<\/h3>\n<p>MHP Genel Ba\u015fkan\u0131 Bah\u00e7eli, sosyal medya fenomeni diye takdim edilen baz\u0131 s\u00fcfli tiplerin T\u00fcrk ve \u0130slam de\u011ferleriyle taban tabana z\u0131t ya\u015fant\u0131lar\u0131n\u0131n, m\u00fccadele edilmesi gereken koku\u015fmu\u015fluk alameti oldu\u011funu s\u00f6yleyerek, &#8220;Al\u0131n teri d\u00f6k\u00fclmeden, emek sarf edilmeden, helal-haram ayr\u0131m\u0131 yap\u0131lmadan ve bir yolla elde edilen servet d\u00fczeyindeki paralar\u0131n pervas\u0131zca ortal\u0131\u011fa sa\u00e7\u0131lmas\u0131, g\u00f6steri\u015f i\u00e7in harcanmas\u0131 milletimizde hakl\u0131 tepkiye neden olmaktad\u0131r. Toplumsal hassasiyetleri ka\u015f\u0131man\u0131n ve insanlar\u0131m\u0131z\u0131n sinir u\u00e7lar\u0131yla oynaman\u0131n hi\u00e7 kimseye bir yarar\u0131 olmaz, b\u00f6ylesine bir imtiyazlar\u0131 da olamaz.&#8221; de\u011ferlendirmesinde bulundu.<\/p>\n<p>\u00c7etelerle m\u00fccadele eden, her g\u00fcn yakalanan yerli ve yabanc\u0131 bir \u00f6rg\u00fct eleba\u015f\u0131na \u015fahit olmaktan duydu\u011fu memnuniyeti de dile getiren Bah\u00e7eli, \u0130\u00e7i\u015fleri Bakan\u0131 Ali Yerlikaya&#8217;n\u0131n gayretini takdirle kar\u015f\u0131lad\u0131klar\u0131n\u0131 ve desteklediklerini s\u00f6yledi.<\/p>\n<p>G\u00fcvenlik g\u00fc\u00e7leri ne zaman su\u00e7 ve su\u00e7lular\u0131n pe\u015fine d\u00fc\u015fse, ne zaman g\u00f6revlerini lay\u0131k\u0131yla yerine getirseler gecikmeksizin nevzuhur bir karalama kampanyas\u0131n\u0131n devreye girdi\u011fini ifade eden Bah\u00e7eli, \u0130Y\u0130 Parti Genel Ba\u015fkan\u0131 Meral Ak\u015fener&#8217;in, &#8220;huzursuzluk ve hezimet sarmal\u0131nda&#8221; oldu\u011funu ve T\u00fcrk polisine y\u00f6nelik &#8220;korkun\u00e7&#8221; bir iddiada bulundu\u011funu belirtti. F\u0131rt\u0131naya tutulan \u0130Y\u0130 Parti&#8217;nin \u015fu anki dalgal\u0131 ve krizli halinin kendilerini ilgilendirmedi\u011fini dile getiren Bah\u00e7eli, &#8220;\u0130P Ba\u015fkan\u0131&#8217;n\u0131n polis m\u00fcd\u00fcrleriyle ilgili iddias\u0131n\u0131n ispatlanmas\u0131 muhatab\u0131 i\u00e7in bir siyasi onur meselesidir. Hi\u00e7 kimse T\u00fcrk polisini t\u00f6hmet alt\u0131nda b\u0131rakamaz. S\u00f6z\u00fc s\u00f6yleyip de ucunu a\u00e7\u0131k b\u0131rakmak pi\u015fkinlik ve kurnazl\u0131kt\u0131r. Otellerinde fuhu\u015f yapt\u0131ran polis m\u00fcd\u00fcrleri kim ya da kimlerdir? \u0130P Ba\u015fkan\u0131 bunu a\u00e7\u0131klamak mecburiyetindedir. A\u00e7\u0131klamazsa m\u00fcfteri olarak an\u0131lacak ve kendine de yak\u0131\u015fan\u0131 yapm\u0131\u015f olacakt\u0131r.&#8221; diye konu\u015ftu.<\/p>\n<p>Bah\u00e7eli, TBMM Plan ve B\u00fct\u00e7e Komisyonunda g\u00f6r\u00fc\u015fmeleri s\u00fcren 2024 Y\u0131l\u0131 Merkezi Y\u00f6netim B\u00fct\u00e7e Kanun Teklifi&#8217;ne partisinin evet oyu kullanaca\u011f\u0131n\u0131 bildirdi.<\/p>\n<p>A Milli Futbol Tak\u0131m\u0131&#8217;n\u0131n Berlin Olimpiyat Stad\u0131&#8217;nda Almanya&#8217;y\u0131 3-2 ma\u011flup etmesinden duydu\u011fu sevinci de dile getiren Bah\u00e7eli, &#8220;T\u00fcrk duru\u015fu hem sahada hem de masada Allah&#8217;a \u015f\u00fck\u00fcrler olsun ki Almanya&#8217;da g\u00f6sterilmi\u015ftir.&#8221; ifadesini kulland\u0131.<\/p>\n<p>                            <span class=\"detay-foto-editor\">&#13;<br \/>\n                                <a href=\"https:\/\/www.aa.com.tr\/tr\/p\/abonelik-talep-formu\/1001\" target=\"_blank\" style=\"font-size:12px; color:#444; text-decoration:none;\" rel=\"noopener\">&#13;<br \/>\n                                    Anadolu Ajans\u0131 web sitesinde, AA Haber Ak\u0131\u015f Sistemi (HAS) \u00fczerinden abonelere sunulan haberler, \u00f6zetlenerek yay\u0131mlanmaktad\u0131r. <b style=\"color:#1897F7\">Abonelik i\u00e7in l\u00fctfen ileti\u015fime ge\u00e7iniz.<\/b>&#13;<br \/>\n                                <\/a>&#13;<br \/>\n                            <\/span>\n                        <\/div>\n<p><script>\n\t  window.fbAsyncInit = function() {\n\t\tFB.init({\n\t\t  appId: '1855843514662870',\n\t\t  status : true, \/\/ check login status\n\t\t  cookie : true, \/\/ enable cookies to allow the server to access the session\n\t\t  xfbml  : true  \/\/ parse XFBML\n\t\t});\n\t  };<\/p>\n<p>\t  (function() {\n\t\tvar e = document.createElement('script');\n\t\te.src=\"https:\/\/connect.facebook.net\/tr_TR\/all.js\";\n\t\te.async = true;\n\t\tdocument.getElementById('fb-root').appendChild(e);\n\t  }());\n    <\/script><\/p>\n","protected":false},"excerpt":{"rendered":"<p>MHP Genel Ba\u015fkan\u0131 Devlet Bah\u00e7eli, partisinin Meclis Grup Toplant\u0131s\u0131&#8217;ndaki konu\u015fmas\u0131nda, Filistin&#8217;in huzurunun T\u00fcrkiye&#8217;nin huzuru, Suriye&#8217;nin istikrar\u0131n\u0131n T\u00fcrkiye&#8217;nin istikrar\u0131, Irak&#8217;\u0131n esenli\u011finin T\u00fcrkiye&#8217;nin esenli\u011fi oldu\u011funu vurgulad\u0131. Ecdad\u0131n Filistin&#8217;i \u015eam Beylerbeyli\u011fi&#8217;ne ba\u011fl\u0131 \u00fc\u00e7 sancak halinde te\u015fkilatland\u0131rd\u0131\u011f\u0131n\u0131, bunlar\u0131n Kud\u00fcs, Gazze, Nablus Sanca\u011f\u0131 oldu\u011funu hat\u0131rlatan Bah\u00e7eli, &#8220;D\u00fcn sanca\u011f\u0131m\u0131z olan Gazze&#8217;nin bug\u00fcn felaketine s\u0131rt d\u00f6nmemiz, y\u00fcz \u00e7evirmemiz, suskun kalmam\u0131z milli ve [&hellip;]<\/p>\n","protected":false},"author":1,"featured_media":22640,"comment_status":"","ping_status":"","sticky":false,"template":"","format":"standard","meta":[],"categories":[47],"tags":[],"_links":{"self":[{"href":"https:\/\/kraios.app\/news\/wp-json\/wp\/v2\/posts\/22639"}],"collection":[{"href":"https:\/\/kraios.app\/news\/wp-json\/wp\/v2\/posts"}],"about":[{"href":"https:\/\/kraios.app\/news\/wp-json\/wp\/v2\/types\/post"}],"author":[{"embeddable":true,"href":"https:\/\/kraios.app\/news\/wp-json\/wp\/v2\/users\/1"}],"replies":[{"embeddable":true,"href":"https:\/\/kraios.app\/news\/wp-json\/wp\/v2\/comments?post=22639"}],"version-history":[{"count":0,"href":"https:\/\/kraios.app\/news\/wp-json\/wp\/v2\/posts\/22639\/revisions"}],"wp:featuredmedia":[{"embeddable":true,"href":"https:\/\/kraios.app\/news\/wp-json\/wp\/v2\/media\/22640"}],"wp:attachment":[{"href":"https:\/\/kraios.app\/news\/wp-json\/wp\/v2\/media?parent=22639"}],"wp:term":[{"taxonomy":"category","embeddable":true,"href":"https:\/\/kraios.app\/news\/wp-json\/wp\/v2\/categories?post=22639"},{"taxonomy":"post_tag","embeddable":true,"href":"https:\/\/kraios.app\/news\/wp-json\/wp\/v2\/tags?post=22639"}],"curies":[{"name":"wp","href":"https:\/\/api.w.org\/{rel}","templated":true}]}}