{"id":22613,"date":"2023-11-21T16:52:13","date_gmt":"2023-11-21T16:52:13","guid":{"rendered":"https:\/\/kraios.app\/news\/siyaset\/2023\/11\/21\/tbmm-baskanvekili-bozdag-israile-destek-veren-ulkelerin-savas-sucuna-ortak-oldugunu-soyledi\/"},"modified":"2023-11-21T16:52:13","modified_gmt":"2023-11-21T16:52:13","slug":"tbmm-baskanvekili-bozdag-israile-destek-veren-ulkelerin-savas-sucuna-ortak-oldugunu-soyledi","status":"publish","type":"post","link":"https:\/\/kraios.app\/news\/siyaset\/2023\/11\/21\/tbmm-baskanvekili-bozdag-israile-destek-veren-ulkelerin-savas-sucuna-ortak-oldugunu-soyledi\/","title":{"rendered":"TBMM Ba\u015fkanvekili Bozda\u011f, \u0130srail&#8217;e destek veren \u00fclkelerin sava\u015f su\u00e7una ortak oldu\u011funu s\u00f6yledi"},"content":{"rendered":"<p><\/p>\n<div>\n<p>\u00a0TBMM Ba\u015fkanvekili Bekir Bozda\u011f, Azerbaycan&#8217;\u0131n ba\u015fkenti Bak\u00fc&#8217;de T\u00fcrk Devletleri Parlamenter Asamblesinin (T\u00dcRKPA) kurulu\u015funun 15. y\u0131l\u0131 dolay\u0131s\u0131yla d\u00fczenlenen konferansa kat\u0131ld\u0131.<\/p>\n<p>Konu\u015fmas\u0131nda, \u0130srail&#8217;in Gazze&#8217;ye sald\u0131r\u0131lar\u0131na de\u011finen Bozda\u011f, &#8220;Gazze&#8217;de b\u00fcy\u00fck bir insanl\u0131k dram\u0131 ya\u015fanmaktad\u0131r. \u0130srail&#8217;in katliam ve soyk\u0131r\u0131mlar\u0131 sonucu akan kanda Birle\u015fmi\u015f Milletler (BM) bo\u011fularak \u00f6lm\u00fc\u015ft\u00fcr.&#8221; ifadelerini kulland\u0131.<\/p>\n<p>Bozda\u011f, BM&#8217;nin, \u0130srail&#8217;in zul\u00fcm ve katliamlar\u0131 kar\u015f\u0131s\u0131nda birka\u00e7 a\u00e7\u0131klama d\u0131\u015f\u0131nda hi\u00e7bir \u015fey yapmad\u0131\u011f\u0131n\u0131 s\u00f6yledi.<\/p>\n<p>\u0130srail&#8217;in Gazze&#8217;de masum sivilleri &#8220;ter\u00f6rist&#8221; diyerek katletti\u011fini, hastaneleri, kiliseleri, camileri, pazarlar\u0131, BM&#8217;nin g\u00f6zetim ve denetimi alt\u0131ndaki kamplar\u0131 bombalad\u0131\u011f\u0131n\u0131 dile getiren Bozda\u011f, &#8220;\u0130srail yapt\u0131klar\u0131yla sadece hakk\u0131, hukuku, adaleti, ahlak\u0131, vicdan\u0131, merhameti de\u011fil ayn\u0131 zamanda insani de\u011ferleri ve insanl\u0131\u011f\u0131 da \u00f6ld\u00fcr\u00fcyor.&#8221; diye konu\u015ftu.<\/p>\n<p>Amerika ve Avrupa y\u00f6netimlerinin tart\u0131\u015fmas\u0131z \u0130srail taraf\u0131nda saf tuttu\u011funu anlatan Bozda\u011f, ancak Amerika ve Avrupa&#8217;dakiler dahil d\u00fcnyadaki b\u00fct\u00fcn halklar\u0131n Gazze&#8217;deki masumlar\u0131n yan\u0131nda saf tuttu\u011funu vurgulad\u0131. Bozda\u011f, &#8220;Bu ger\u00e7e\u011fi de y\u00f6netimlerin g\u00f6rmesi, hakl\u0131larla \u00e7at\u0131\u015fan irade koyma yerine masumlardan yana tav\u0131r koymas\u0131 gerekir. Rusya ile Ukrayna aras\u0131nda \u00e7\u0131kan sava\u015fta Ukrayna&#8217;da \u00f6lenlere \u00e7ocuk, kad\u0131n, sivil, masum diye sahip \u00e7\u0131kan Avrupa ve Amerika&#8217;ya soruyorum buradan. Filistin&#8217;de \u00f6lenler, Ukrayna&#8217;daki gibi bir \u00e7ocuk de\u011fil mi? \u00d6ld\u00fcr\u00fclen M\u00fcsl\u00fcmansa bak\u0131\u015f ba\u015fka oluyor.&#8221; dedi.<\/p>\n<p>ABD ve Avrupa&#8217;n\u0131n, adalet ve insan haklar\u0131 laflar\u0131n\u0131 \u00e7ok kulland\u0131\u011f\u0131n\u0131 belirten Bozda\u011f, \u015funlar\u0131 kaydetti:<\/p>\n<p>&#8220;Ama bu ya\u015fananlar bize g\u00f6sterdi ki bahsettikleri hak, hukuk, adalet ve insan haklar\u0131 sadece kendileri i\u00e7in ve kendileri gibi inanan ve ya\u015fayanlar i\u00e7indir. Ama kendileri gibi inanmayan, d\u00fc\u015f\u00fcnmeyen ve ya\u015famayanlar i\u00e7in bu hakk\u0131n varl\u0131\u011f\u0131n\u0131n da bir k\u0131ymeti yok. \u0130srail yapt\u0131\u011f\u0131 zul\u00fcmden, katliamdan ve soyk\u0131r\u0131mdan tart\u0131\u015fmas\u0131z sorumludur ama \u0130srail&#8217;e destek veren ABD ba\u015fta olmak \u00fczere b\u00fct\u00fcn \u00fclkeler de bu g\u00fcnaha, bu sorumlulu\u011fa, bu sava\u015f su\u00e7una ortakt\u0131r. Do\u011frudan fail olmasa bile deste\u011fiyle buna ortak olmu\u015flard\u0131r.<\/p>\n<p>Tevrat &#8216;\u00d6ld\u00fcrmeyeceksin.&#8217; diyor ama Tevrat&#8217;tan her g\u00fcn al\u0131nt\u0131 yapan Netanyahu \u00f6ld\u00fcrmede yar\u0131\u015f yap\u0131yor. T\u00fcrkiye olarak zalim, soyk\u0131r\u0131mc\u0131, katil \u0130srail&#8217;i k\u0131n\u0131yoruz. Zul\u00fcmle abat olunmaz. \u0130srail, att\u0131\u011f\u0131 bombalarla ve yapt\u0131\u011f\u0131 zul\u00fcmle kendi ak\u0131betini h\u0131zland\u0131rmaktan, kendi sonunu getirmekten ba\u015fka bir i\u015f yapm\u0131yor. Yeni bir Selahaddin Eyyubi&#8217;nin geli\u015fini h\u0131zland\u0131rmaktan ba\u015fka bir i\u015fe yaramayacakt\u0131r. Tarih bunun \u00f6rnekleriyle doludur.&#8221;<\/p>\n<p>                            <span class=\"detay-foto-editor\">&#13;<br \/>\n                                <a href=\"https:\/\/www.aa.com.tr\/tr\/p\/abonelik-talep-formu\/1001\" target=\"_blank\" style=\"font-size:12px; color:#444; text-decoration:none;\" rel=\"noopener\">&#13;<br \/>\n                                    Anadolu Ajans\u0131 web sitesinde, AA Haber Ak\u0131\u015f Sistemi (HAS) \u00fczerinden abonelere sunulan haberler, \u00f6zetlenerek yay\u0131mlanmaktad\u0131r. <b style=\"color:#1897F7\">Abonelik i\u00e7in l\u00fctfen ileti\u015fime ge\u00e7iniz.<\/b>&#13;<br \/>\n                                <\/a>&#13;<br \/>\n                            <\/span>\n                        <\/div>\n<p><script>\n\t  window.fbAsyncInit = function() {\n\t\tFB.init({\n\t\t  appId: '1855843514662870',\n\t\t  status : true, \/\/ check login status\n\t\t  cookie : true, \/\/ enable cookies to allow the server to access the session\n\t\t  xfbml  : true  \/\/ parse XFBML\n\t\t});\n\t  };<\/p>\n<p>\t  (function() {\n\t\tvar e = document.createElement('script');\n\t\te.src=\"https:\/\/connect.facebook.net\/tr_TR\/all.js\";\n\t\te.async = true;\n\t\tdocument.getElementById('fb-root').appendChild(e);\n\t  }());\n    <\/script><\/p>\n","protected":false},"excerpt":{"rendered":"<p>\u00a0TBMM Ba\u015fkanvekili Bekir Bozda\u011f, Azerbaycan&#8217;\u0131n ba\u015fkenti Bak\u00fc&#8217;de T\u00fcrk Devletleri Parlamenter Asamblesinin (T\u00dcRKPA) kurulu\u015funun 15. y\u0131l\u0131 dolay\u0131s\u0131yla d\u00fczenlenen konferansa kat\u0131ld\u0131. Konu\u015fmas\u0131nda, \u0130srail&#8217;in Gazze&#8217;ye sald\u0131r\u0131lar\u0131na de\u011finen Bozda\u011f, &#8220;Gazze&#8217;de b\u00fcy\u00fck bir insanl\u0131k dram\u0131 ya\u015fanmaktad\u0131r. \u0130srail&#8217;in katliam ve soyk\u0131r\u0131mlar\u0131 sonucu akan kanda Birle\u015fmi\u015f Milletler (BM) bo\u011fularak \u00f6lm\u00fc\u015ft\u00fcr.&#8221; ifadelerini kulland\u0131. Bozda\u011f, BM&#8217;nin, \u0130srail&#8217;in zul\u00fcm ve katliamlar\u0131 kar\u015f\u0131s\u0131nda birka\u00e7 a\u00e7\u0131klama d\u0131\u015f\u0131nda [&hellip;]<\/p>\n","protected":false},"author":1,"featured_media":22614,"comment_status":"","ping_status":"","sticky":false,"template":"","format":"standard","meta":[],"categories":[47],"tags":[],"_links":{"self":[{"href":"https:\/\/kraios.app\/news\/wp-json\/wp\/v2\/posts\/22613"}],"collection":[{"href":"https:\/\/kraios.app\/news\/wp-json\/wp\/v2\/posts"}],"about":[{"href":"https:\/\/kraios.app\/news\/wp-json\/wp\/v2\/types\/post"}],"author":[{"embeddable":true,"href":"https:\/\/kraios.app\/news\/wp-json\/wp\/v2\/users\/1"}],"replies":[{"embeddable":true,"href":"https:\/\/kraios.app\/news\/wp-json\/wp\/v2\/comments?post=22613"}],"version-history":[{"count":0,"href":"https:\/\/kraios.app\/news\/wp-json\/wp\/v2\/posts\/22613\/revisions"}],"wp:featuredmedia":[{"embeddable":true,"href":"https:\/\/kraios.app\/news\/wp-json\/wp\/v2\/media\/22614"}],"wp:attachment":[{"href":"https:\/\/kraios.app\/news\/wp-json\/wp\/v2\/media?parent=22613"}],"wp:term":[{"taxonomy":"category","embeddable":true,"href":"https:\/\/kraios.app\/news\/wp-json\/wp\/v2\/categories?post=22613"},{"taxonomy":"post_tag","embeddable":true,"href":"https:\/\/kraios.app\/news\/wp-json\/wp\/v2\/tags?post=22613"}],"curies":[{"name":"wp","href":"https:\/\/api.w.org\/{rel}","templated":true}]}}