{"id":22585,"date":"2023-11-21T10:42:55","date_gmt":"2023-11-21T10:42:55","guid":{"rendered":"https:\/\/kraios.app\/news\/siyaset\/2023\/11\/21\/yeni-bir-anayasaya-ihtiyac-duydugumuz-aciktir\/"},"modified":"2023-11-21T10:42:55","modified_gmt":"2023-11-21T10:42:55","slug":"yeni-bir-anayasaya-ihtiyac-duydugumuz-aciktir","status":"publish","type":"post","link":"https:\/\/kraios.app\/news\/siyaset\/2023\/11\/21\/yeni-bir-anayasaya-ihtiyac-duydugumuz-aciktir\/","title":{"rendered":"Yeni bir Anayasaya ihtiya\u00e7 duydu\u011fumuz a\u00e7\u0131kt\u0131r"},"content":{"rendered":"<p><\/p>\n<div>\n<p>TBMM Plan ve B\u00fct\u00e7e Komisyonunda, Bakanl\u0131\u011f\u0131n\u0131n 2024 y\u0131l\u0131 b\u00fct\u00e7esine ili\u015fkin sunum yapan<strong> Adalet Bakan\u0131 Y\u0131lmaz Tun\u00e7,<\/strong> adaletin ve insan haklar\u0131n\u0131n k\u00fcresel d\u00fczeyde ayaklar alt\u0131na al\u0131nd\u0131\u011f\u0131 bir s\u00fcre\u00e7ten ge\u00e7ildi\u011fini, 7 Ekim&#8217;den bu yana Filistin&#8217;de insanl\u0131k su\u00e7u i\u015flendi\u011fini, \u00e7ocuk, kad\u0131n demeden masum sivillerin \u00fczerine bomba ya\u011fd\u0131r\u0131ld\u0131\u011f\u0131n\u0131, soyk\u0131r\u0131m yap\u0131ld\u0131\u011f\u0131n\u0131 dile getirdi.<\/p>\n<p>\u00d6ld\u00fcr\u00fclen Filistinlilerin y\u00fczde 70&#8217;inin kad\u0131n ve \u00e7ocuklardan olu\u015ftu\u011funu aktaran Tun\u00e7, soyk\u0131r\u0131m ve sava\u015f su\u00e7lar\u0131n\u0131n uluslararas\u0131 ceza mahkemesinin g\u00fcndemine gelece\u011fine inand\u0131\u011f\u0131n\u0131 kaydetti.<\/p>\n<p>T\u00fcrkiye olarak bug\u00fcne kadar oldu\u011fu gibi bundan sonra da Filistinlilerin hakk\u0131n\u0131, hukukunu savunmaya devam edeceklerini belirten Tun\u00e7, &#8220;Ac\u0131lar\u0131n bir an evvel sona ermesini temenni ediyor, bu insanl\u0131k d\u0131\u015f\u0131 sald\u0131r\u0131larda ve ger\u00e7ekle\u015ftirilen soyk\u0131r\u0131mda \u015fehit edilen masum insanlara Y\u00fcce Allah&#8217;tan rahmet diliyorum. \u0130nsanl\u0131k su\u00e7unu i\u015fleyen sald\u0131rganlar\u0131 huzurlar\u0131n\u0131zda bir kez daha lanetliyorum.&#8221; diye konu\u015ftu.<\/p>\n<p>Demokrasi ve hukukun \u00fcst\u00fcnl\u00fc\u011f\u00fcn\u00fcn; kamu g\u00fcvenli\u011finin, sosyal bar\u0131\u015f\u0131n, toplumsal ilerlemenin ve ekonomik b\u00fcy\u00fcmenin temel \u015fart\u0131 oldu\u011funu vurgulayan Tun\u00e7, hak ve \u00f6zg\u00fcrl\u00fcklerin yegane g\u00fcvencesinin de demokratik hukuk devleti oldu\u011funu kaydetti.<\/p>\n<p>Bakan Tun\u00e7, demokratik hukuk devletinin tahkim edilmesi, temel hak ve \u00f6zg\u00fcrl\u00fcklerin korunup geli\u015ftirilmesi, yarg\u0131n\u0131n ba\u011f\u0131ms\u0131zl\u0131\u011f\u0131 yan\u0131nda tarafs\u0131zl\u0131\u011f\u0131n\u0131n da sa\u011flanmas\u0131 hedefi do\u011frultusunda son y\u0131llarda reform say\u0131lacak \u00f6nemli ad\u0131mlar at\u0131ld\u0131\u011f\u0131n\u0131 vurgulad\u0131.<\/p>\n<p>Reformlara ve temel kanunlardaki de\u011fi\u015fikliklere ra\u011fmen Anayasa&#8217;da de\u011fi\u015fiklik yap\u0131lmas\u0131 gerekti\u011fini belirten Tun\u00e7, \u015f\u00f6yle devam etti:<\/p>\n<p>&#8220;Gerek Kanunlar\u0131m\u0131z\u0131n yenilenmesi gerekse Anayasa&#8217;da ger\u00e7ekle\u015ftirdi\u011fimiz reformlarla \u00f6nemli mesafeler kaydetmi\u015f olsak da halen yeni bir Anayasaya ihtiya\u00e7 duydu\u011fumuz a\u00e7\u0131kt\u0131r. Darbe d\u00f6neminde haz\u0131rlanan mevcut Anayasa&#8217;n\u0131n, hukukun \u00fcst\u00fcnl\u00fc\u011f\u00fcn\u00fc esas alan bir anlay\u0131\u015fla hak ve \u00f6zg\u00fcrl\u00fckler \u00e7er\u00e7evesinde yenilenmesi elzemdir. Bug\u00fcne kadar Anayasam\u0131zda 19 de\u011fi\u015fiklik paketi ile 184 de\u011fi\u015fiklik yap\u0131lm\u0131\u015f ve 200&#8217;den fazla noktaya temas edilmi\u015ftir. Zaman i\u00e7erisinde Anayasam\u0131z\u0131n yeknesakl\u0131\u011f\u0131 bozulmu\u015f ve adeta yamal\u0131 bir boh\u00e7a haline gelmi\u015ftir. Bu, herkes taraf\u0131ndan kabul g\u00f6ren bir ger\u00e7ektir. Bu itibarla demokratik, ku\u015fat\u0131c\u0131, temel hak ve \u00f6zg\u00fcrl\u00fckleri \u00f6ne alan, toplumun her kesiminin g\u00f6r\u00fc\u015flerini ihtiva eden ve b\u00fcy\u00fck bir mutabakatla kabul edilecek yeni ve sivil bir anayasa yapmak milletimize olan borcumuzdur.&#8221;<\/p>\n<h3>&#8220;Bakanl\u0131\u011f\u0131m\u0131za ait tesisler 7 bin depremzedeye ev sahipli\u011fi yapt\u0131&#8221;<\/h3>\n<p>Adalet Bakan\u0131 Tun\u00e7, 6 \u015eubat&#8217;ta Kahramanmara\u015f merkezli depremlerden etkilenen illerde adalet hizmetlerine ili\u015fkin bilgi verdi.<\/p>\n<p>Depremlerin yol a\u00e7t\u0131\u011f\u0131 zarar\u0131n adalet hizmetlerini de do\u011frudan etkiledi\u011fini kaydeden Tun\u00e7, adalet te\u015fkilat\u0131 olarak h\u0131zl\u0131 bir planlamayla t\u00fcm imkanlar\u0131n b\u00f6lgeye seferber edildi\u011fini ve \u00f6nlemlerin al\u0131nd\u0131\u011f\u0131n\u0131 kaydetti.<\/p>\n<p>Depremzedelerin hak kayb\u0131na u\u011framamas\u0131 i\u00e7in Ola\u011fan\u00fcst\u00fc Hal Kapsam\u0131nda Yarg\u0131 Alan\u0131nda Al\u0131nan Tedbirlere \u0130li\u015fkin 120 say\u0131l\u0131 Cumhurba\u015fkanl\u0131\u011f\u0131 Kararnamesi&#8217;nin yay\u0131mland\u0131\u011f\u0131n\u0131 an\u0131msatan Tun\u00e7, &#8220;B\u00f6lgede adli soru\u015fturmalar\u0131n ger\u00e7ekle\u015ftirilebilmesi i\u00e7in 1000 hakim ve savc\u0131 ilaveten g\u00f6revlendirilmi\u015f, delillerin ivedilikle toplanmas\u0131 i\u00e7in mimar, in\u015faat m\u00fchendislerinden olu\u015fan 984 bilirki\u015fi b\u00f6lgeye sevk edilmi\u015f, vefat eden vatanda\u015flar\u0131m\u0131z\u0131n DNA ve kimlik tespitleri i\u00e7in 538 adli t\u0131p uzman\u0131 g\u00f6revlendirilmi\u015ftir.&#8221; dedi.<\/p>\n<p>Karde\u015f adliye projesi kapsam\u0131nda 8 bin 951 adliye personelinin b\u00f6lgeye g\u00f6nderildi\u011fini ve yarg\u0131 hizmetlerine destek olduklar\u0131n\u0131 ifade eden Tun\u00e7, CEKUT ekiplerinin de arama-kurtarma faaliyetlerine kat\u0131ld\u0131\u011f\u0131n\u0131 hat\u0131rlatt\u0131.<\/p>\n<p>&#8220;Bakanl\u0131\u011f\u0131m\u0131za ait tesisler 7 bin depremzedeye ev sahipli\u011fi yapm\u0131\u015ft\u0131r.&#8221; diyen Tun\u00e7,<br \/>depremden etkilenen illerdeki Adalet Bakanl\u0131\u011f\u0131na ba\u011fl\u0131 108 hizmet binas\u0131 ile 89 lojman binas\u0131n\u0131n hasar tespitlerinin ivedi \u015fekilde yap\u0131ld\u0131\u011f\u0131n\u0131 s\u00f6yledi.<\/p>\n<p>Depremde 15 adliye binas\u0131n\u0131n a\u011f\u0131r hasar g\u00f6rd\u00fc\u011f\u00fcn\u00fc ifade eden Tun\u00e7, &#8220;Depremden etkilenen Malatya adalet binas\u0131n\u0131n ihalesini ger\u00e7ekle\u015ftirdik.&#8221; dedi.<\/p>\n<p>Adana-Karata\u015f, Ad\u0131yaman-Besni, Hatay-Samanda\u011f, \u015eanl\u0131urfa-Birecik, \u015eanl\u0131urfa-Suru\u00e7, \u015eanl\u0131urfa-Viran\u015fehir ve \u015eanl\u0131urfa Ek adalet binalar\u0131n\u0131n ihale i\u015flemlerinin ise devam etti\u011fini dile getiren Tun\u00e7, b\u00f6lgedeki di\u011fer ihtiya\u00e7lara ili\u015fkin \u00e7al\u0131\u015fmalar\u0131nda s\u00fcrd\u00fc\u011f\u00fcn\u00fc kaydetti.<\/p>\n<p>Bakan Tun\u00e7, &#8220;T\u00fcm bunlar\u0131n yan\u0131nda depremde hasar g\u00f6ren adalet binalar\u0131m\u0131z i\u00e7in tadilat, lojistik, ikmal ve di\u011fer hizmetler i\u00e7in Bakanl\u0131k olarak Ekim ay\u0131 itibar\u0131yla 531 milyon 309 bin 755 lira harcama ger\u00e7ekle\u015ftirdik.&#8221; ifadelerini kulland\u0131.<\/p>\n<h3>Deprem b\u00f6lgesinde 131 yeni mahkeme kuruldu<\/h3>\n<p>&#8220;Deprem nedeniyle yarg\u0131n\u0131n i\u015f y\u00fck\u00fcn\u00fcn artt\u0131\u011f\u0131n\u0131n ve \u00f6n\u00fcm\u00fczdeki s\u00fcre\u00e7te de artmaya devam edece\u011finin fark\u0131nday\u0131z&#8221; diyen Tun\u00e7, &#8220;Bu \u00e7er\u00e7evede yapm\u0131\u015f oldu\u011fumuz analize dayal\u0131 olarak deprem b\u00f6lgesinde \u015fimdiye kadar toplamda 131 yeni mahkeme kurduk. Kurulan mahkemelerin; 2\u2019si adli yarg\u0131 istinaf, 2\u2019si ise idari yarg\u0131 istinaf dairesidir.&#8221; \u015feklinde konu\u015ftu.<\/p>\n<p>Deprem b\u00f6lgesinde g\u00f6rev yapan hakim ve savc\u0131 say\u0131s\u0131n\u0131 da art\u0131rd\u0131klar\u0131n\u0131 kaydeden Tun\u00e7, son Kararname ile de b\u00f6lgeye ilave 221 hakim ve savc\u0131 atamas\u0131 ger\u00e7ekle\u015ftirdi\u011fini dile getirdi.<\/p>\n<p>Bakan Tun\u00e7, deprem b\u00f6lgesindeki baz\u0131 idari davalar\u0131n daha h\u0131zl\u0131 sonu\u00e7land\u0131r\u0131lmas\u0131na y\u00f6nelik d\u00fczenlemeyi i\u00e7eren 7471 say\u0131l\u0131 Kanun&#8217;un 9 Kas\u0131m 2023 tarihinde y\u00fcr\u00fcrl\u00fc\u011fe girdi\u011fini hat\u0131rlatt\u0131.<\/p>\n<h3>2017&#8217;den bug\u00fcne 945 bin &#8220;soru\u015fturmaya yer yok&#8221; karar\u0131<\/h3>\n<p>Adalet Bakan\u0131 Tun\u00e7, soru\u015fturma ile ba\u015flayan kovu\u015fturma ile devam eden ve infaz a\u015famas\u0131yla sona eren ceza adalet sisteminin, g\u00fcn\u00fcm\u00fcz insan haklar\u0131 anlay\u0131\u015f\u0131yla uyumlu hale getirilmesi ve sistemin geli\u015ftirilmesine y\u00f6nelik \u00f6nemli iyile\u015ftirmeler yap\u0131ld\u0131\u011f\u0131n\u0131 belirtti.<\/p>\n<p>Bu kapsamda 2017&#8217;de lekelenmeme hakk\u0131 do\u011frultusunda soru\u015fturma yap\u0131lmas\u0131na yer olmad\u0131\u011f\u0131na dair karar (SYOK) verilebilmesi imkan\u0131n\u0131n getirildi\u011fini ifade eden Tun\u00e7, &#8220;B\u00f6ylelikle hi\u00e7 kimsenin haks\u0131z, temelsiz ve yersiz su\u00e7lamalara muhatap olmamas\u0131n\u0131 sa\u011flad\u0131k. Bu \u00e7er\u00e7evede 2017\u2019den itibaren 945 bin SYOK karar\u0131 verilmi\u015ftir.&#8221; dedi.<\/p>\n<p>Bakan Tun\u00e7, ifade almaya y\u00f6nelik yakalama karar\u0131 nedeniyle olu\u015fan ma\u011fduriyeti gidermek amac\u0131yla da vatanda\u015flara taahh\u00fctle serbest kalma imkan\u0131 getirildi\u011fini an\u0131msatarak, &#8220;D\u00fczenlemenin y\u00fcr\u00fcrl\u00fc\u011fe girdi\u011fi tarihten bug\u00fcne kadar 234 bin 647 vatanda\u015f\u0131m\u0131z taahh\u00fct vererek serbest kalm\u0131\u015ft\u0131r.&#8221; diye konu\u015ftu.<\/p>\n<p>\u0130stanbul Havaliman\u0131&#8217;na kurulan adliyeye ili\u015fkin de bilgi veren Tun\u00e7, &#8220;11 \u015eubat 2020 tarihinden itibaren \u0130stanbul Havaliman\u0131&#8217;nda toplam 42 bin i\u015flem yap\u0131lm\u0131\u015ft\u0131r.&#8221; ifadelerini kulland\u0131.<\/p>\n<p>Bakan Tun\u00e7, tutuklaman\u0131n bir cezaland\u0131rma arac\u0131 olmad\u0131\u011f\u0131n\u0131, ceza soru\u015fturma ve kovu\u015fturmalar\u0131n\u0131n etkinli\u011finin temini i\u00e7in d\u00fczenlenmi\u015f bir koruma tedbiri oldu\u011funu an\u0131msatt\u0131.<\/p>\n<p>Son 21 y\u0131lda Ceza Muhakemesi Kanunu&#8217;ndaki de\u011fi\u015fikliklerle tutuklamada &#8220;somut delil kriteri ile soru\u015fturma ve kovu\u015fturma a\u015famalar\u0131 i\u00e7in ayr\u0131 ayr\u0131 azami tutukluluk s\u00fcreleri getirildi\u011fini&#8221; aktaran Tun\u00e7, &#8220;2002 y\u0131l\u0131nda cezaevlerinde bulunanlar\u0131n y\u00fczde 41&#8217;i tutuklu iken bu oran bug\u00fcn itibar\u0131yla y\u00fczde 16,21\u2019e d\u00fc\u015fm\u00fc\u015ft\u00fcr.&#8221; dedi.<\/p>\n<h3>&#8220;Kad\u0131na \u015fiddetin \u00f6nlenmesi noktas\u0131nda uygulama sorunlar\u0131n\u0131 ortadan kald\u0131rmak i\u00e7in \u00e7al\u0131\u015f\u0131yoruz&#8221;<\/h3>\n<p>Adalet Bakan\u0131 Tun\u00e7, \u00e7ocuk adaleti sisteminin, onar\u0131c\u0131 adalet yakla\u015f\u0131m\u0131yla yeniden yap\u0131land\u0131r\u0131lmas\u0131 ad\u0131na s\u00fcrd\u00fcr\u00fclen \u00e7al\u0131\u015fmalardan en \u00f6nemlilerinden birinin adli g\u00f6r\u00fc\u015fme odalar\u0131 oldu\u011funu, 81 il ve 162 adliyede 169 adli g\u00f6r\u00fc\u015fme odas\u0131 bulundu\u011funu s\u00f6yledi.<\/p>\n<p>Adli destek ve ma\u011fdur hizmetleri m\u00fcd\u00fcrl\u00fcklerinin say\u0131s\u0131n\u0131n ise 167 oldu\u011funu aktaran Tun\u00e7, \u00c7ocuk Adalet Merkezleri&#8217;nin de ilk olarak Erzurum&#8217;da faaliyete ge\u00e7ti\u011fini kaydetti. Tun\u00e7, &#8220;Gaziantep\u2019te ise \u00e7ocuk adalet merkezi olu\u015fturulmas\u0131 i\u00e7in B\u00fcy\u00fck\u015fehir Belediyesi ile protokol imzalanm\u0131\u015f olup merkezin kurulumuna ili\u015fkin \u00e7al\u0131\u015fmalar devam etmektedir.&#8221; diye konu\u015ftu.<\/p>\n<p>\u00c7ocuk tesliminin icra yoluyla yap\u0131lmas\u0131 usul\u00fcn\u00fc kald\u0131rd\u0131klar\u0131n\u0131 an\u0131msatan Tun\u00e7, &#8220;792 \u00e7ocuk g\u00f6r\u00fc\u015fme merkezinde bug\u00fcne kadar 19 bin 940 dosyada 127 bin 732 \u00e7ocuk teslimi ve ki\u015fisel ili\u015fki kurulmas\u0131na dair i\u015flem ger\u00e7ekle\u015ftirilmi\u015ftir.&#8221; dedi.<\/p>\n<p>Kad\u0131na y\u00f6nelik \u015fiddete kar\u015f\u0131 da bir\u00e7ok tedbir al\u0131nd\u0131\u011f\u0131n\u0131 ifade eden Tun\u00e7, &#8220;Kad\u0131na \u015fiddetin \u00f6nlenmesi noktas\u0131nda mevzuat\u0131m\u0131zdaki de\u011fi\u015fiklikleri \u00f6nemsiyoruz ve uygulama sorunlar\u0131n\u0131 ortadan kald\u0131rmak i\u00e7in \u00e7al\u0131\u015f\u0131yoruz.&#8221; ifadelerini kulland\u0131.<\/p>\n<h3>&#8220;Cezaevlerinde 49 bin 265 ki\u015fi e\u011fitim g\u00f6r\u00fcyor&#8221;<\/h3>\n<p>Adalet Bakan\u0131 Tun\u00e7, ceza adaleti sisteminin \u00f6nemli bir par\u00e7as\u0131n\u0131 infaz sistemi olu\u015fturdu\u011funu, sistemin amac\u0131n\u0131n su\u00e7lular\u0131n \u00f6zg\u00fcrl\u00fc\u011f\u00fcn\u00fc k\u0131s\u0131tlamak de\u011fil, yeniden topluma kazand\u0131rmak oldu\u011funu s\u00f6yledi.<\/p>\n<p>&#8220;Yap\u0131lan \u00e7al\u0131\u015fmalarla uluslararas\u0131 standartlara uygun bir ceza infaz sistemi olu\u015fturduk.&#8221; ifadelerini kullanan Tun\u00e7, fiziki \u015fartlar\u0131 yeterli olmayan cezaevlerinin kapat\u0131ld\u0131\u011f\u0131n\u0131 belirtti.<\/p>\n<p>Ceza infaz kurumlar\u0131ndaki h\u00fck\u00fcml\u00fc ve tutuklulara y\u00f6nelik psiko-sosyal m\u00fcdahale program\u0131 uyguland\u0131\u011f\u0131 bilgisini payla\u015fan Tun\u00e7, \u00f6te yandan ceza infaz kurumlar\u0131ndaki h\u00fck\u00fcml\u00fc ve tutuklular\u0131n e\u011fitim faaliyetlerini s\u00fcrd\u00fcrmelerinin de kolayla\u015ft\u0131r\u0131ld\u0131\u011f\u0131n\u0131 dile getirdi.<\/p>\n<p>Bakan Tun\u00e7, &#8220;Cezaevlerinde 49 bin 265 ki\u015fi ilkokuldan doktoraya kadar \u00f6\u011frenim g\u00f6rmektedir. \u00d6SYM ve Milli E\u011fitim Bakanl\u0131\u011f\u0131n\u0131n s\u0131nav merkezi olan cezaevlerinde 162 bin 838 ki\u015fi s\u0131nava girmi\u015ftir. Cezaevlerinde 4 \u00e7ok programl\u0131 lise, 39 da mesleki e\u011fitim merkezi bulunmaktad\u0131r. Buralardan mezun olan h\u00fck\u00fcml\u00fcler tahliye olduklar\u0131nda ellerinde meslek sahibi olarak tahliye olmaktad\u0131rlar.&#8221; ifadelerini kulland\u0131.<\/p>\n<p>Ak\u0131ll\u0131 Teknolojilerin Ceza \u0130nfaz Kurumlar\u0131na Entegrasyonu Projesi (ACEP) kapsam\u0131nda, ceza infaz kurumlar\u0131nda ilk defa g\u00f6r\u00fcnt\u00fcl\u00fc g\u00f6r\u00fc\u015fme uygulamas\u0131n\u0131n hayata ge\u00e7irildi\u011fini belirten Tun\u00e7, &#8220;Bu projeyi e-Doktor, e-Mektup uygulamalar\u0131yla da geli\u015ftirdik. Sistem \u00fczerinden bug\u00fcne kadar 130 milyona yak\u0131n g\u00f6r\u00fcnt\u00fcl\u00fc ve sesli g\u00f6r\u00fc\u015fme ger\u00e7ekle\u015ftirilmi\u015ftir.&#8221; diye konu\u015ftu.<\/p>\n<p>                            <span class=\"detay-foto-editor\">&#13;<br \/>\n                                <a href=\"https:\/\/www.aa.com.tr\/tr\/p\/abonelik-talep-formu\/1001\" target=\"_blank\" style=\"font-size:12px; color:#444; text-decoration:none;\" rel=\"noopener\">&#13;<br \/>\n                                    Anadolu Ajans\u0131 web sitesinde, AA Haber Ak\u0131\u015f Sistemi (HAS) \u00fczerinden abonelere sunulan haberler, \u00f6zetlenerek yay\u0131mlanmaktad\u0131r. <b style=\"color:#1897F7\">Abonelik i\u00e7in l\u00fctfen ileti\u015fime ge\u00e7iniz.<\/b>&#13;<br \/>\n                                <\/a>&#13;<br \/>\n                            <\/span>\n                        <\/div>\n<p><script>\n\t  window.fbAsyncInit = function() {\n\t\tFB.init({\n\t\t  appId: '1855843514662870',\n\t\t  status : true, \/\/ check login status\n\t\t  cookie : true, \/\/ enable cookies to allow the server to access the session\n\t\t  xfbml  : true  \/\/ parse XFBML\n\t\t});\n\t  };<\/p>\n<p>\t  (function() {\n\t\tvar e = document.createElement('script');\n\t\te.src=\"https:\/\/connect.facebook.net\/tr_TR\/all.js\";\n\t\te.async = true;\n\t\tdocument.getElementById('fb-root').appendChild(e);\n\t  }());\n    <\/script><\/p>\n","protected":false},"excerpt":{"rendered":"<p>TBMM Plan ve B\u00fct\u00e7e Komisyonunda, Bakanl\u0131\u011f\u0131n\u0131n 2024 y\u0131l\u0131 b\u00fct\u00e7esine ili\u015fkin sunum yapan Adalet Bakan\u0131 Y\u0131lmaz Tun\u00e7, adaletin ve insan haklar\u0131n\u0131n k\u00fcresel d\u00fczeyde ayaklar alt\u0131na al\u0131nd\u0131\u011f\u0131 bir s\u00fcre\u00e7ten ge\u00e7ildi\u011fini, 7 Ekim&#8217;den bu yana Filistin&#8217;de insanl\u0131k su\u00e7u i\u015flendi\u011fini, \u00e7ocuk, kad\u0131n demeden masum sivillerin \u00fczerine bomba ya\u011fd\u0131r\u0131ld\u0131\u011f\u0131n\u0131, soyk\u0131r\u0131m yap\u0131ld\u0131\u011f\u0131n\u0131 dile getirdi. \u00d6ld\u00fcr\u00fclen Filistinlilerin y\u00fczde 70&#8217;inin kad\u0131n ve \u00e7ocuklardan [&hellip;]<\/p>\n","protected":false},"author":1,"featured_media":22586,"comment_status":"","ping_status":"","sticky":false,"template":"","format":"standard","meta":[],"categories":[47],"tags":[],"_links":{"self":[{"href":"https:\/\/kraios.app\/news\/wp-json\/wp\/v2\/posts\/22585"}],"collection":[{"href":"https:\/\/kraios.app\/news\/wp-json\/wp\/v2\/posts"}],"about":[{"href":"https:\/\/kraios.app\/news\/wp-json\/wp\/v2\/types\/post"}],"author":[{"embeddable":true,"href":"https:\/\/kraios.app\/news\/wp-json\/wp\/v2\/users\/1"}],"replies":[{"embeddable":true,"href":"https:\/\/kraios.app\/news\/wp-json\/wp\/v2\/comments?post=22585"}],"version-history":[{"count":0,"href":"https:\/\/kraios.app\/news\/wp-json\/wp\/v2\/posts\/22585\/revisions"}],"wp:featuredmedia":[{"embeddable":true,"href":"https:\/\/kraios.app\/news\/wp-json\/wp\/v2\/media\/22586"}],"wp:attachment":[{"href":"https:\/\/kraios.app\/news\/wp-json\/wp\/v2\/media?parent=22585"}],"wp:term":[{"taxonomy":"category","embeddable":true,"href":"https:\/\/kraios.app\/news\/wp-json\/wp\/v2\/categories?post=22585"},{"taxonomy":"post_tag","embeddable":true,"href":"https:\/\/kraios.app\/news\/wp-json\/wp\/v2\/tags?post=22585"}],"curies":[{"name":"wp","href":"https:\/\/api.w.org\/{rel}","templated":true}]}}