{"id":22559,"date":"2023-11-21T01:54:12","date_gmt":"2023-11-21T01:54:12","guid":{"rendered":"https:\/\/kraios.app\/news\/siyaset\/2023\/11\/21\/tbmm-baskani-kurtulmus-endonezya-temsilciler-meclisi-baskani-maharani-ile-gorustu\/"},"modified":"2023-11-21T01:54:12","modified_gmt":"2023-11-21T01:54:12","slug":"tbmm-baskani-kurtulmus-endonezya-temsilciler-meclisi-baskani-maharani-ile-gorustu","status":"publish","type":"post","link":"https:\/\/kraios.app\/news\/siyaset\/2023\/11\/21\/tbmm-baskani-kurtulmus-endonezya-temsilciler-meclisi-baskani-maharani-ile-gorustu\/","title":{"rendered":"TBMM Ba\u015fkan\u0131 Kurtulmu\u015f, Endonezya Temsilciler Meclisi Ba\u015fkan\u0131 Maharani ile g\u00f6r\u00fc\u015ft\u00fc"},"content":{"rendered":"<p><\/p>\n<div>\n<p>TBMM Ba\u015fkan\u0131 Numan Kurtulmu\u015f, MIKTA 9. Parlamento Ba\u015fkanlar\u0131 Toplant\u0131s\u0131\u2019na kat\u0131lmak \u00fczere bulundu\u011fu Endonezya\u2019n\u0131n ba\u015fkenti Cakarta&#8217;da, Endonezya Temsilciler Meclisi Ba\u015fkan\u0131 Puan Maharani ile g\u00f6r\u00fc\u015ft\u00fc.<\/p>\n<p>G\u00f6r\u00fc\u015fmede, \u0130srail&#8217;in Gazze&#8217;ye y\u00f6nelik sald\u0131r\u0131lar\u0131, k\u00fcresel ve b\u00f6lgesel meselelerin yan\u0131 s\u0131ra T\u00fcrkiye-Endonezya ili\u015fkileri ele al\u0131nd\u0131.<\/p>\n<p>Kurtulmu\u015f, d\u00fcnyan\u0131n b\u00fcy\u00fck bir t\u00fcrb\u00fclanstan ge\u00e7ti\u011fini, adil ve hakkaniyetli bir k\u00fcresel sistem kurulamazsa daha \u00e7alkant\u0131l\u0131 g\u00fcnlerin ya\u015fanaca\u011f\u0131n\u0131 belirtti.<\/p>\n<p>Gazze\u2019de b\u00fcy\u00fck bir insanl\u0131k dram\u0131 ya\u015fand\u0131\u011f\u0131n\u0131 dile getiren Kurtulmu\u015f, 20 Kas\u0131m D\u00fcnya \u00c7ocuk Haklar\u0131 G\u00fcn\u00fc\u2019nde, Gazze\u2019de \u00e7ocuklar\u0131n \u00f6lmeye devam etti\u011fini vurgulad\u0131.<\/p>\n<p><img decoding=\"async\" alt=\"\" src=\"https:\/\/www.aa.com.tr\/uploads\/userFiles\/79121245-49cb-4f77-bd45-d9d308a833b3\/04_2023%2F02_Kasim%2F06%2FAA-32968569.jpg\"\/><\/p>\n<p>Filistin\u2019deki bu insanl\u0131k dram\u0131ndan sadece \u0130srail Ba\u015fbakan\u0131 Binyamin Netanyahu ve \u00e7etesi de\u011fil, sald\u0131r\u0131lara sessiz kalan t\u00fcm \u00fclkelerin ve insanl\u0131\u011f\u0131n da sorumlu oldu\u011funun alt\u0131n\u0131 \u00e7izen Kurtulmu\u015f, acil ate\u015fkes ve acil insani yard\u0131m ile siyasi \u00e7\u00f6z\u00fcm i\u00e7in gayret sarf edilmesi \u00e7a\u011fr\u0131lar\u0131n\u0131 yineledi.<\/p>\n<p>Baz\u0131 Bat\u0131l\u0131 \u00fclkelerin b\u00f6lgedeki sorunun \u00e7\u00f6z\u00fcm\u00fc konusunda \u201c\u00e7ift devletli \u00e7\u00f6z\u00fcm\u201d derken samimi olmad\u0131klar\u0131n\u0131 ifade eden Kurtulmu\u015f, s\u00f6z konusu \u00fclkelerin \u00f6nerdi\u011fi devletin; ka\u011f\u0131t \u00fczerinde kalan, bir mahallesinden di\u011ferine gidilirken \u0130srail\u2019in iznini gerektiren bir yap\u0131y\u0131 kastetti\u011fini aktard\u0131.<\/p>\n<p>Kurtulmu\u015f, sorunun \u00e7\u00f6z\u00fcm\u00fc i\u00e7in, co\u011frafi b\u00fct\u00fcnl\u00fc\u011f\u00fc sa\u011flanm\u0131\u015f, tam manas\u0131yla ba\u011f\u0131ms\u0131z ve \u00f6zg\u00fcr bir Filistin Devleti\u2019nin kurulabilmesi gerekti\u011fine vurgu yapt\u0131.<\/p>\n<p>G\u00f6r\u00fc\u015fmede, T\u00fcrkiye-Endonezya Parlamentolar Aras\u0131 Dostluk Grubu Ba\u015fkan\u0131 AK Parti Kayseri Milletvekili Ay\u015fe B\u00f6h\u00fcrler, AK Parti Yalova Milletvekili Ahmet B\u00fcy\u00fckg\u00fcm\u00fc\u015f, \u0130Y\u0130 Parti Bursa Milletvekili Hasan Tokta\u015f ile T\u00fcrkiye\u2019nin Cakarta B\u00fcy\u00fckel\u00e7isi Talip K\u00fc\u00e7\u00fckcan da yer ald\u0131.<\/p>\n<p>                            <span class=\"detay-foto-editor\">&#13;<br \/>\n                                <a href=\"https:\/\/www.aa.com.tr\/tr\/p\/abonelik-talep-formu\/1001\" target=\"_blank\" style=\"font-size:12px; color:#444; text-decoration:none;\" rel=\"noopener\">&#13;<br \/>\n                                    Anadolu Ajans\u0131 web sitesinde, AA Haber Ak\u0131\u015f Sistemi (HAS) \u00fczerinden abonelere sunulan haberler, \u00f6zetlenerek yay\u0131mlanmaktad\u0131r. <b style=\"color:#1897F7\">Abonelik i\u00e7in l\u00fctfen ileti\u015fime ge\u00e7iniz.<\/b>&#13;<br \/>\n                                <\/a>&#13;<br \/>\n                            <\/span>\n                        <\/div>\n<p><script>\n\t  window.fbAsyncInit = function() {\n\t\tFB.init({\n\t\t  appId: '1855843514662870',\n\t\t  status : true, \/\/ check login status\n\t\t  cookie : true, \/\/ enable cookies to allow the server to access the session\n\t\t  xfbml  : true  \/\/ parse XFBML\n\t\t});\n\t  };<\/p>\n<p>\t  (function() {\n\t\tvar e = document.createElement('script');\n\t\te.src=\"https:\/\/connect.facebook.net\/tr_TR\/all.js\";\n\t\te.async = true;\n\t\tdocument.getElementById('fb-root').appendChild(e);\n\t  }());\n    <\/script><\/p>\n","protected":false},"excerpt":{"rendered":"<p>TBMM Ba\u015fkan\u0131 Numan Kurtulmu\u015f, MIKTA 9. Parlamento Ba\u015fkanlar\u0131 Toplant\u0131s\u0131\u2019na kat\u0131lmak \u00fczere bulundu\u011fu Endonezya\u2019n\u0131n ba\u015fkenti Cakarta&#8217;da, Endonezya Temsilciler Meclisi Ba\u015fkan\u0131 Puan Maharani ile g\u00f6r\u00fc\u015ft\u00fc. G\u00f6r\u00fc\u015fmede, \u0130srail&#8217;in Gazze&#8217;ye y\u00f6nelik sald\u0131r\u0131lar\u0131, k\u00fcresel ve b\u00f6lgesel meselelerin yan\u0131 s\u0131ra T\u00fcrkiye-Endonezya ili\u015fkileri ele al\u0131nd\u0131. Kurtulmu\u015f, d\u00fcnyan\u0131n b\u00fcy\u00fck bir t\u00fcrb\u00fclanstan ge\u00e7ti\u011fini, adil ve hakkaniyetli bir k\u00fcresel sistem kurulamazsa daha \u00e7alkant\u0131l\u0131 g\u00fcnlerin ya\u015fanaca\u011f\u0131n\u0131 [&hellip;]<\/p>\n","protected":false},"author":1,"featured_media":22560,"comment_status":"","ping_status":"","sticky":false,"template":"","format":"standard","meta":[],"categories":[47],"tags":[],"_links":{"self":[{"href":"https:\/\/kraios.app\/news\/wp-json\/wp\/v2\/posts\/22559"}],"collection":[{"href":"https:\/\/kraios.app\/news\/wp-json\/wp\/v2\/posts"}],"about":[{"href":"https:\/\/kraios.app\/news\/wp-json\/wp\/v2\/types\/post"}],"author":[{"embeddable":true,"href":"https:\/\/kraios.app\/news\/wp-json\/wp\/v2\/users\/1"}],"replies":[{"embeddable":true,"href":"https:\/\/kraios.app\/news\/wp-json\/wp\/v2\/comments?post=22559"}],"version-history":[{"count":0,"href":"https:\/\/kraios.app\/news\/wp-json\/wp\/v2\/posts\/22559\/revisions"}],"wp:featuredmedia":[{"embeddable":true,"href":"https:\/\/kraios.app\/news\/wp-json\/wp\/v2\/media\/22560"}],"wp:attachment":[{"href":"https:\/\/kraios.app\/news\/wp-json\/wp\/v2\/media?parent=22559"}],"wp:term":[{"taxonomy":"category","embeddable":true,"href":"https:\/\/kraios.app\/news\/wp-json\/wp\/v2\/categories?post=22559"},{"taxonomy":"post_tag","embeddable":true,"href":"https:\/\/kraios.app\/news\/wp-json\/wp\/v2\/tags?post=22559"}],"curies":[{"name":"wp","href":"https:\/\/api.w.org\/{rel}","templated":true}]}}