{"id":22551,"date":"2023-11-20T22:10:18","date_gmt":"2023-11-20T22:10:18","guid":{"rendered":"https:\/\/kraios.app\/news\/siyaset\/2023\/11\/20\/tbmm-baskani-kurtulmustan-dunya-cocuk-haklari-gunu-paylasimi\/"},"modified":"2023-11-20T22:10:18","modified_gmt":"2023-11-20T22:10:18","slug":"tbmm-baskani-kurtulmustan-dunya-cocuk-haklari-gunu-paylasimi","status":"publish","type":"post","link":"https:\/\/kraios.app\/news\/siyaset\/2023\/11\/20\/tbmm-baskani-kurtulmustan-dunya-cocuk-haklari-gunu-paylasimi\/","title":{"rendered":"TBMM Ba\u015fkan\u0131 Kurtulmu\u015f&#8217;tan D\u00fcnya \u00c7ocuk Haklar\u0131 G\u00fcn\u00fc payla\u015f\u0131m\u0131"},"content":{"rendered":"<p><\/p>\n<div>\n<p>Kurtulmu\u015f, 20 Kas\u0131m D\u00fcnya \u00c7ocuk Haklar\u0131 G\u00fcn\u00fc dolay\u0131s\u0131yla sosyal medyadan yapt\u0131\u011f\u0131 payla\u015f\u0131mda, d\u00fcnyan\u0131n d\u00f6rt bir yan\u0131nda korumas\u0131z, sava\u015f ma\u011fduru, yoksullukla m\u00fccadele eden, vatanlar\u0131ndan kopar\u0131lm\u0131\u015f \u00e7ocuklar\u0131n varl\u0131\u011f\u0131n\u0131n herkesi derinden yaralad\u0131\u011f\u0131n\u0131 belirtti.<\/p>\n<p>\u00c7ocuklar\u0131n korunma, beslenme, e\u011fitim ve ya\u015fam gibi en temel haklar\u0131n\u0131n temini i\u00e7in k\u00fcresel \u00f6l\u00e7ekte bir\u00e7ok mekanizman\u0131n hayata ge\u00e7irildi\u011fine i\u015faret eden Kurtulmu\u015f, modern d\u00fcnyan\u0131n zay\u0131flara kar\u015f\u0131 g\u00f6sterdi\u011fi tarafl\u0131, vurdumduymaz, merhametsiz tutumun en \u00e7ok \u00e7ocuklar\u0131 etkiledi\u011fini, \u00e7ocuklar\u0131n bedenlerinde ve zihinlerinde onar\u0131lmas\u0131 imkans\u0131z derin yaralar a\u00e7t\u0131\u011f\u0131n\u0131 bildirdi.<\/p>\n<blockquote class=\"twitter-tweet\">\n<p dir=\"ltr\" lang=\"tr\">Bug\u00fcn, 20 Kas\u0131m D\u00fcnya \u00c7ocuk Haklar\u0131 G\u00fcn\u00fc.<\/p>\n<p>1989 y\u0131l\u0131nda \u00c7ocuk Haklar\u0131na Dair S\u00f6zle\u015fme&#8217;nin Birle\u015fmi\u015f Milletler Genel Kurulu\u2019nda kabul edilmesi m\u00fcnasebetiyle kutlanmas\u0131 gereken bir g\u00fcnde, d\u00fcnyan\u0131n d\u00f6rt bir yan\u0131nda korumas\u0131z, sava\u015f ma\u011fduru, yoksullukla m\u00fccadele eden, vatanlar\u0131ndan\u2026<\/p>\n<p>\u2014 Numan Kurtulmu\u015f (@NumanKurtulmus) <a href=\"https:\/\/twitter.com\/NumanKurtulmus\/status\/1726490868448657735?ref_src=twsrc%5Etfw\">November 20, 2023<\/a><\/p><\/blockquote>\n<p>TBMM Ba\u015fkan\u0131 Kurtulmu\u015f, \u015funlar\u0131 kaydetti:<\/p>\n<p>&#8220;Medeniyetimiz bizleri, merhamete en \u00e7ok ihtiya\u00e7 duyan \u00e7ocuklar\u0131n her \u015fart alt\u0131nda korunup g\u00f6zetilmesi, yaralar\u0131n\u0131n sar\u0131lmas\u0131, y\u00fcklerinin hafifletilmesi hususlar\u0131nda \u00f6\u011f\u00fctler ve sorumlu tutar. Atalar\u0131m\u0131z, vak\u0131flar\u0131n\u0131, kurumlar\u0131n\u0131 ve sosyal ya\u015fam\u0131n\u0131 tarih boyunca bu do\u011frultuda kurgulam\u0131\u015f, \u00e7ocu\u011fun \u00fcst\u00fcn yarar\u0131 ilkesini daima g\u00f6zetmi\u015ftir. \u00c7ocuklar\u0131m\u0131za hak ettikleri, \u00e7i\u00e7eklerle bezeli, sokaklar\u0131nda g\u00fcl\u00fcc\u00fcklerin yank\u0131land\u0131\u011f\u0131, kalpleri gibi tertemiz bir d\u00fcnya kurmak zorunday\u0131z. Bu bilin\u00e7le takatimizin sonuna kadar \u00e7al\u0131\u015faca\u011f\u0131z. Filistin&#8217;de, Gazze&#8217;de ve d\u00fcnyan\u0131n her yerinde \u00e7elik tellerle \u00f6r\u00fcl\u00fc s\u0131n\u0131rlar\u0131n ard\u0131nda ne\u015feyle keder, oyunla sava\u015f, hayatla \u00f6l\u00fcm aras\u0131nda s\u0131k\u0131\u015fm\u0131\u015f t\u00fcm \u00e7ocuklar\u0131m\u0131z\u0131n g\u00f6zlerinden \u00f6p\u00fcyor, kay\u0131plar\u0131m\u0131z\u0131 rahmetle an\u0131yorum.&#8221;<\/p>\n<p>                            <span class=\"detay-foto-editor\">&#13;<br \/>\n                                <a href=\"https:\/\/www.aa.com.tr\/tr\/p\/abonelik-talep-formu\/1001\" target=\"_blank\" style=\"font-size:12px; color:#444; text-decoration:none;\" rel=\"noopener\">&#13;<br \/>\n                                    Anadolu Ajans\u0131 web sitesinde, AA Haber Ak\u0131\u015f Sistemi (HAS) \u00fczerinden abonelere sunulan haberler, \u00f6zetlenerek yay\u0131mlanmaktad\u0131r. <b style=\"color:#1897F7\">Abonelik i\u00e7in l\u00fctfen ileti\u015fime ge\u00e7iniz.<\/b>&#13;<br \/>\n                                <\/a>&#13;<br \/>\n                            <\/span>\n                        <\/div>\n<p><script async src=\"\/\/platform.twitter.com\/widgets.js\" charset=\"utf-8\"><\/script><script>\n\t  window.fbAsyncInit = function() {\n\t\tFB.init({\n\t\t  appId: '1855843514662870',\n\t\t  status : true, \/\/ check login status\n\t\t  cookie : true, \/\/ enable cookies to allow the server to access the session\n\t\t  xfbml  : true  \/\/ parse XFBML\n\t\t});\n\t  };<\/p>\n<p>\t  (function() {\n\t\tvar e = document.createElement('script');\n\t\te.src=\"https:\/\/connect.facebook.net\/tr_TR\/all.js\";\n\t\te.async = true;\n\t\tdocument.getElementById('fb-root').appendChild(e);\n\t  }());\n    <\/script><\/p>\n","protected":false},"excerpt":{"rendered":"<p>Kurtulmu\u015f, 20 Kas\u0131m D\u00fcnya \u00c7ocuk Haklar\u0131 G\u00fcn\u00fc dolay\u0131s\u0131yla sosyal medyadan yapt\u0131\u011f\u0131 payla\u015f\u0131mda, d\u00fcnyan\u0131n d\u00f6rt bir yan\u0131nda korumas\u0131z, sava\u015f ma\u011fduru, yoksullukla m\u00fccadele eden, vatanlar\u0131ndan kopar\u0131lm\u0131\u015f \u00e7ocuklar\u0131n varl\u0131\u011f\u0131n\u0131n herkesi derinden yaralad\u0131\u011f\u0131n\u0131 belirtti. \u00c7ocuklar\u0131n korunma, beslenme, e\u011fitim ve ya\u015fam gibi en temel haklar\u0131n\u0131n temini i\u00e7in k\u00fcresel \u00f6l\u00e7ekte bir\u00e7ok mekanizman\u0131n hayata ge\u00e7irildi\u011fine i\u015faret eden Kurtulmu\u015f, modern d\u00fcnyan\u0131n zay\u0131flara kar\u015f\u0131 [&hellip;]<\/p>\n","protected":false},"author":1,"featured_media":22552,"comment_status":"","ping_status":"","sticky":false,"template":"","format":"standard","meta":[],"categories":[47],"tags":[],"_links":{"self":[{"href":"https:\/\/kraios.app\/news\/wp-json\/wp\/v2\/posts\/22551"}],"collection":[{"href":"https:\/\/kraios.app\/news\/wp-json\/wp\/v2\/posts"}],"about":[{"href":"https:\/\/kraios.app\/news\/wp-json\/wp\/v2\/types\/post"}],"author":[{"embeddable":true,"href":"https:\/\/kraios.app\/news\/wp-json\/wp\/v2\/users\/1"}],"replies":[{"embeddable":true,"href":"https:\/\/kraios.app\/news\/wp-json\/wp\/v2\/comments?post=22551"}],"version-history":[{"count":0,"href":"https:\/\/kraios.app\/news\/wp-json\/wp\/v2\/posts\/22551\/revisions"}],"wp:featuredmedia":[{"embeddable":true,"href":"https:\/\/kraios.app\/news\/wp-json\/wp\/v2\/media\/22552"}],"wp:attachment":[{"href":"https:\/\/kraios.app\/news\/wp-json\/wp\/v2\/media?parent=22551"}],"wp:term":[{"taxonomy":"category","embeddable":true,"href":"https:\/\/kraios.app\/news\/wp-json\/wp\/v2\/categories?post=22551"},{"taxonomy":"post_tag","embeddable":true,"href":"https:\/\/kraios.app\/news\/wp-json\/wp\/v2\/tags?post=22551"}],"curies":[{"name":"wp","href":"https:\/\/api.w.org\/{rel}","templated":true}]}}