{"id":22510,"date":"2023-11-20T12:09:06","date_gmt":"2023-11-20T12:09:06","guid":{"rendered":"https:\/\/kraios.app\/news\/siyaset\/2023\/11\/20\/tbmm-baskani-kurtulmustan-mikta-toplantisinda-iklim-degisikligi-mesaji\/"},"modified":"2023-11-20T12:09:06","modified_gmt":"2023-11-20T12:09:06","slug":"tbmm-baskani-kurtulmustan-mikta-toplantisinda-iklim-degisikligi-mesaji","status":"publish","type":"post","link":"https:\/\/kraios.app\/news\/siyaset\/2023\/11\/20\/tbmm-baskani-kurtulmustan-mikta-toplantisinda-iklim-degisikligi-mesaji\/","title":{"rendered":"TBMM Ba\u015fkan\u0131 Kurtulmu\u015f&#8217;tan MIKTA Toplant\u0131s\u0131&#8217;nda iklim de\u011fi\u015fikli\u011fi mesaj\u0131"},"content":{"rendered":"<p><\/p>\n<div>\n<p>TBMM Ba\u015fkan\u0131 Numan Kurtulmu\u015f, Endonezya Temsilciler Meclisinin ev sahipli\u011finde ba\u015fkent Cakarta\u2019da d\u00fczenlenen, Meksika, Endonezya, G\u00fcney Kore, T\u00fcrkiye ve Avustralya&#8217;n\u0131n olu\u015fturdu\u011fu MIKTA\u2019n\u0131n 9\u2019uncu Parlamento Ba\u015fkanlar\u0131 Toplant\u0131s\u0131\u2019n\u0131n &#8220;Taahh\u00fct ve Sorumluluklar\u0131n \u00d6tesinde \u0130klim Eylemleri&#8221; ba\u015fl\u0131kl\u0131 oturumunda konu\u015ftu.<\/p>\n<p>\u0130klim de\u011fi\u015fikli\u011fi konusunun, insan yap\u0131m\u0131 bir felaket oldu\u011funu ve bu felakete kar\u015f\u0131 hen\u00fcz yeterince fark\u0131ndal\u0131k sa\u011flanamad\u0131\u011f\u0131n\u0131 belirten Kurtulmu\u015f, &#8220;Nas\u0131l sava\u015flar, \u00e7at\u0131\u015fmalar ve ter\u00f6r, bedelini \u00e7ocuklar\u0131n, ya\u015fl\u0131lar\u0131n, kad\u0131nlar\u0131n, hastalar\u0131n \u00f6dedi\u011fi bir husussa iklim de\u011fi\u015fikli\u011fi sonucu ortaya \u00e7\u0131kan felaketlerin hemen bir\u00e7o\u011funda da maalesef \u00e7ok ciddi \u015fekilde bu kesimlerin etkilendi\u011fini g\u00f6r\u00fcyoruz.\u201d diye konu\u015ftu.<\/p>\n<p>Bug\u00fcn d\u00fcnyadaki \u00f6nemli konulardan birinin, \u201csessiz \u00f6l\u00fcm\u201d denilebilecek iklim de\u011fi\u015fikli\u011finden kaynaklanan sorunlar oldu\u011funa dikkati \u00e7eken Kurtulmu\u015f, \u201cSon y\u0131llarda hepimizin sonu\u00e7lar\u0131n\u0131 giderek daha fazla hissetti\u011fi iklim de\u011fi\u015fikli\u011fi ve beraberinde getirdi\u011fi olumsuzluklar, s\u0131n\u0131r tan\u0131mayan, geli\u015fmi\u015flik d\u00fczeylerinden ba\u011f\u0131ms\u0131z, dil, din, \u0131rk ve renk fark etmeksizin insanl\u0131\u011f\u0131n t\u00fcm fertlerini etkileyen bir \u00f6zelli\u011fe sahiptir. \u0130klim de\u011fi\u015fikli\u011finin yak\u0131c\u0131 ve y\u0131k\u0131c\u0131 sonu\u00e7lar\u0131 art\u0131k bir \u00f6ng\u00f6r\u00fc olmaktan \u00e7\u0131km\u0131\u015ft\u0131r. Bundan 10-20 sene evvel konu\u015ftu\u011fumuz konular\u0131n ne yaz\u0131k ki bug\u00fcn fazlas\u0131yla ger\u00e7ekle\u015fti\u011fini g\u00f6r\u00fcyoruz.\u201d \u015feklinde konu\u015ftu.<\/p>\n<p>Kurtulmu\u015f, iklim de\u011fi\u015fikli\u011finin bir sebep de\u011fil sonu\u00e7 oldu\u011funa dikkati \u00e7ekerek, \u015funlar\u0131 kaydetti:<\/p>\n<p>&#8220;Son iki as\u0131rda de\u011ferleriyle, kurumlar\u0131yla, kurulu\u015flar\u0131yla d\u00fcnyay\u0131 y\u00f6neten bir zihniyetin, \u00f6zellikle vah\u015fi kapitalizm diyebilece\u011fimiz, d\u00fcnyan\u0131n b\u00fct\u00fcn nimetlerini s\u00f6m\u00fcrme hem de \u015fimdi t\u00fcketme insiyak\u0131yla hareket eden zihniyetin bug\u00fcn d\u00fcnyadaki iklim de\u011fi\u015fikli\u011finin arkas\u0131ndaki ana neden oldu\u011funu da g\u00f6r\u00fcyoruz. Bug\u00fcnk\u00fc refahlar\u0131n\u0131 di\u011fer \u00fclkeleri ve do\u011fay\u0131 insafs\u0131zca s\u00f6m\u00fcrmelerine bor\u00e7lu olanlar\u0131n, bug\u00fcn ortaya \u00e7\u0131kan iklim krizinin diyetini di\u011fer \u00fclkelere \u00f6detme gayretlerinin de hakkaniyetli olmad\u0131\u011f\u0131n\u0131n alt\u0131n\u0131 \u00e7izmek isterim.<\/p>\n<p>\u015eunu rahatl\u0131kla s\u00f6yleyebiliriz ki d\u00fcnyay\u0131 babas\u0131n\u0131n mal\u0131 gibi g\u00f6renlerin, d\u00fcnyay\u0131 kendilerine miras b\u0131rak\u0131lm\u0131\u015f bir m\u00fclk olarak g\u00f6renlerin, d\u00fcnyan\u0131n b\u00fct\u00fcn nimetlerinden istifade etmek ve buna ba\u011fl\u0131 olarak a\u015f\u0131r\u0131 bir \u015fekilde d\u00fcnyay\u0131 t\u00fcketme h\u0131rslar\u0131 bug\u00fcn geldi\u011fimiz noktan\u0131n en temel nedenlerinden birisidir.&#8221;<\/p>\n<p><img decoding=\"async\" alt=\"\" src=\"https:\/\/www.aa.com.tr\/uploads\/userFiles\/79121245-49cb-4f77-bd45-d9d308a833b3\/04_2023%2F02_Kasim%2F06%2FAA-32970859.jpg\"\/><\/p>\n<h3>&#8220;\u0130klim krizi ve ye\u015fil kalk\u0131nma konusundaki tecr\u00fcbemizi d\u00fcnyan\u0131n geri kalan\u0131yla payla\u015fmaya haz\u0131r\u0131z\u201d<\/h3>\n<p>T\u00fcrkiye\u2019nin iklim de\u011fi\u015fikli\u011fi konusunda yeni ve adil bir d\u00fcnyan\u0131n kurulabilmesi i\u00e7in gayret sarf etti\u011fini belirten Kurtulmu\u015f, s\u00f6zlerini \u015f\u00f6yle s\u00fcrd\u00fcrd\u00fc:<\/p>\n<p>&#8220;T\u00fcrkiye, 2053 net s\u0131f\u0131r emisyon ve ye\u015fil kalk\u0131nma hedefleri ile Say\u0131n Cumhurba\u015fkan\u0131m\u0131z Recep Tayyip Erdo\u011fan\u2019\u0131n \u00f6nderli\u011finde bu alana dair \u00f6nemli at\u0131l\u0131mlarda bulunmu\u015f ve bulunmaya devam edecektir. BM \u0130klim De\u011fi\u015fikli\u011fi \u00c7er\u00e7eve S\u00f6zle\u015fmesi ve Paris Antla\u015fmas\u0131 ile uluslararas\u0131 sorumluluk alan T\u00fcrkiye, ayn\u0131 zamanda yenilenebilir enerji, ye\u015fil d\u00f6n\u00fc\u015f\u00fcm, d\u00fc\u015f\u00fck karbonlu teknolojilerin kullan\u0131m\u0131 ve \u00e7evreyle dost \u015fehirlerin kurulabilmesi i\u00e7in de \u015fehir politikalar\u0131n\u0131 revize etmektedir.<\/p>\n<p>Cumhurba\u015fkan\u0131m\u0131z\u0131n e\u015fi Say\u0131n Emine Erdo\u011fan Han\u0131mefendi&#8217;nin himayelerinde y\u00fcr\u00fct\u00fclen S\u0131f\u0131r At\u0131k Projesi, 2017 y\u0131l\u0131ndan itibaren hem yasal d\u00fczenlemeler hem de yaratt\u0131\u011f\u0131 fark\u0131ndal\u0131k ile \u00fclkemiz ekonomisine \u00f6nemli katk\u0131da bulunmu\u015ftur. Daha da \u00f6nemlisi, \u00e7ok ciddi oranda sera gaz\u0131n\u0131n sal\u0131n\u0131m\u0131 engellenmi\u015ftir. S\u0131f\u0131r At\u0131k Projesi&#8217;nin BM Genel Kurulunda 105 \u00fclkeden destek almas\u0131, s\u00f6z konusu projenin \u00fclkemiz s\u0131n\u0131rlar\u0131n\u0131 a\u015farak k\u00fcresel bir proje olma potansiyeli ta\u015f\u0131d\u0131\u011f\u0131n\u0131 da g\u00f6stermektedir.<\/p>\n<p>Uluslararas\u0131 politikan\u0131n pek \u00e7ok alan\u0131nda oldu\u011fu gibi iklim krizi ve ye\u015fil kalk\u0131nma konusunda da edindi\u011fimiz tecr\u00fcbeyi d\u00fcnyan\u0131n geri kalan\u0131yla payla\u015fmaya ve bu konuda at\u0131lacak \u00f6nc\u00fc ad\u0131mlarda yer almaya haz\u0131r oldu\u011fumuzu bir kere daha ifade etmek isterim.\u201d<\/p>\n<p><img decoding=\"async\" alt=\"\" src=\"https:\/\/www.aa.com.tr\/uploads\/userFiles\/79121245-49cb-4f77-bd45-d9d308a833b3\/04_2023%2F02_Kasim%2F06%2FAA-32970857.jpg\"\/><\/p>\n<h3>&#8220;Gen\u00e7ler, kendilerini \u00fclkelerini terk etmek mecburiyetinde hissetmemeli&#8221;<\/h3>\n<p>TBMM Ba\u015fkan\u0131 Kurtulmu\u015f, toplant\u0131 kapsam\u0131ndaki \u201cGen\u00e7li\u011fin G\u00fcc\u00fcnden Yararlanmak: Daha \u0130yi Bir Gelecek&#8221; ba\u015fl\u0131kl\u0131 oturumda yapt\u0131\u011f\u0131 konu\u015fmada da d\u00fcnya n\u00fcfusunun y\u00fczde 16\u2019s\u0131n\u0131 olu\u015fturan gen\u00e7lerin her alanda daha ileriye gitmesini temin etmenin, ba\u015fta parlamentolar olmak \u00fczere siyaset kurumunun temel vazifesi oldu\u011funu s\u00f6yledi.<\/p>\n<p>D\u00fcnyan\u0131n gen\u00e7ler i\u00e7in adil bir d\u00fczen sa\u011flamaktan uzak oldu\u011funu belirten Kurtulmu\u015f, k\u00fcresel boyutta \u015fahit olunan yoksulluk, e\u015fitsizlik, \u0131rk\u00e7\u0131l\u0131k, yabanc\u0131 d\u00fc\u015fmanl\u0131\u011f\u0131, d\u00fczensiz g\u00f6\u00e7ler ve sava\u015flar gibi problemlerin, d\u00fcnya gen\u00e7li\u011finin \u00f6n\u00fcndeki en b\u00fcy\u00fck sorunlar olarak durdu\u011funu vurgulad\u0131.<\/p>\n<p>\u00dclkeler aras\u0131ndaki gelir e\u015fitsizli\u011fi ile refah\u0131n hakkaniyetli \u015fekilde da\u011f\u0131t\u0131lamamas\u0131n\u0131n gen\u00e7lerin \u00f6n\u00fcndeki problemlerden biri oldu\u011funa i\u015faret eden Kurtulmu\u015f, k\u00fcresel sistemin \u00f6nleyemedi\u011fi sava\u015flar ve istikrars\u0131zl\u0131klar nedeniyle son y\u0131llarda ya\u015fanan k\u00fcresel d\u00fczensiz g\u00f6\u00e7 ve s\u0131\u011f\u0131nmac\u0131 sorununun da bir di\u011fer mesele oldu\u011funu belirtti.<\/p>\n<p>TBMM Ba\u015fkan\u0131 Kurtulmu\u015f, \u015f\u00f6yle devam etti:<\/p>\n<p>\u201c\u00d6zellikle d\u00fcnyan\u0131n \u00f6nemli \u00fclkelerinin Orta Do\u011fu ve Asya&#8217;da sebep olduklar\u0131 siyasi krizler ve uzun istikrars\u0131zl\u0131k d\u00f6nemleri, bu b\u00f6lgelerde ya\u015fayan gen\u00e7 neslin hayat\u0131nda derin yaralar a\u00e7\u0131yor ve aile b\u00fct\u00fcnl\u00fcklerinin bozulmas\u0131na sebebiyet veriyor. Bu da ka\u00e7\u0131n\u0131lmaz olarak hayatta kalmak i\u00e7in, kendilerine bir istikbal kurabilmek i\u00e7in m\u00fcreffeh g\u00f6rd\u00fckleri \u00fclkelere do\u011fru b\u00fct\u00fcn tehlikeleri, tehditleri g\u00f6ze alarak g\u00f6\u00e7 etmelerini ortaya \u00e7\u0131kar\u0131yor. Bu konuda yap\u0131lmas\u0131 gereken, kaynak \u00fclkelerde gerekli siyasi, ekonomik, sosyal ve k\u00fclt\u00fcrel \u015fartlar\u0131n olu\u015fturulmas\u0131 ve g\u00fcvenli\u011fin tesisi i\u00e7in destek olmakt\u0131r. Gen\u00e7ler, kendilerini \u00fclkelerini terk etmek mecburiyetinde hissetmemeli ve \u00fclkelerinde hem bireysel kariyerlerini ilerletmek hem de \u00fclkelerinin geli\u015fmesine katk\u0131 sunmak imkan\u0131na kavu\u015fmal\u0131d\u0131r.&#8221;<\/p>\n<p>Gen\u00e7lerin en derinden etkilendi\u011fi hususlardan bir di\u011ferinin de ayr\u0131mc\u0131l\u0131k ve \u0131rk\u00e7\u0131l\u0131k gibi ayr\u0131\u015ft\u0131r\u0131c\u0131 ak\u0131mlar\u0131n son y\u0131llarda artan endi\u015fe verici y\u00fckseli\u015fi oldu\u011funa dikkati \u00e7eken Kurtulmu\u015f, \u00f6zellikle Bat\u0131l\u0131 \u00fclkelerde son d\u00f6nemlerde adeta \u201c\u00f6teki\u201d olarak hayatlar\u0131na devam etmek zorunda b\u0131rak\u0131lan, fiziki ve psikolojik \u015fiddetin hedefi haline getirilen gen\u00e7lerin say\u0131s\u0131n\u0131n giderek artt\u0131\u011f\u0131n\u0131 dile getirdi.<\/p>\n<p>Kurtulmu\u015f, hastal\u0131kl\u0131 zihinlerden t\u00fcreyen bu anlay\u0131\u015flar\u0131n \u00f6n\u00fcnde hep beraber durmak gerekti\u011fini vurgulad\u0131.<\/p>\n<p>TBMM Ba\u015fkan\u0131 Kurtulmu\u015f, \u201c\u015e\u00fcphesiz gen\u00e7lerimizin kar\u015f\u0131 kar\u015f\u0131ya kald\u0131\u011f\u0131 problemleri bertaraf etmek i\u00e7in uluslararas\u0131 camiaya, devletlerimize, parlamentolar\u0131m\u0131za, sivil toplum kurulu\u015flar\u0131m\u0131za ve toplumun daha bir\u00e7ok akt\u00f6r\u00fcne \u00f6nemli sorumluluklar d\u00fc\u015fmektedir. Bir\u00e7ok alanda at\u0131labilecek say\u0131s\u0131z ad\u0131mlar vard\u0131r ancak kanaatimce en \u00f6nemli ad\u0131mlardan birisi, en mikro d\u00fczeyden ba\u015flamam\u0131z gereken, aile kurumunun g\u00fc\u00e7lendirilmesi olacakt\u0131r.\u201d dedi.<\/p>\n<p>T\u00fcrkiye\u2019de gen\u00e7lere y\u00f6nelik hizmetleri anlatan Kurtulmu\u015f, 30 olan se\u00e7ilme ya\u015f\u0131n\u0131n \u00f6nce 25\u2019e, ard\u0131ndan da 18\u2019e indirildi\u011fini, \u015fu anda TBMM\u2019nin b\u00f6lgedeki ve Avrupa\u2019daki en gen\u00e7 meclislerden biri oldu\u011funu s\u00f6yledi.<\/p>\n<p>Kurtulmu\u015f, &#8220;Yap\u0131lan en b\u00fcy\u00fck yat\u0131r\u0131m\u0131n gen\u00e7li\u011fe yap\u0131lan yat\u0131r\u0131m oldu\u011funun fark\u0131nday\u0131z. Bu nedenle \u00fclkemizin kaynaklar\u0131n\u0131 her zaman gen\u00e7lerin lehine harcad\u0131k ve harcamaya devam edece\u011fiz.&#8221; diye konu\u015ftu.<\/p>\n<p>MIKTA \u00fcyesi \u00fclkeler aras\u0131ndaki i\u015fbirli\u011fine ve uyuma b\u00fcy\u00fck \u00f6nem verdiklerini dile getiren Kurtulmu\u015f, mevcut sorunlar\u0131n \u00e7\u00f6z\u00fcm\u00fcne y\u00f6nelik bilgi ve tecr\u00fcbe payla\u015f\u0131m\u0131n\u0131n gen\u00e7lere daha adil ve bar\u0131\u015f\u00e7\u0131l bir gelecek b\u0131rakmak ad\u0131na \u00f6nemli oldu\u011funa y\u00fcrekten inand\u0131\u011f\u0131n\u0131 s\u00f6zlerine ekledi.<\/p>\n<p>Oturumlara T\u00fcrkiye-Endonezya Parlamentolar Aras\u0131 Dostluk Grubu Ba\u015fkan\u0131 AK Parti Kayseri Milletvekili Ay\u015fe B\u00f6h\u00fcrler, AK Parti Yalova Milletvekili Ahmet B\u00fcy\u00fckg\u00fcm\u00fc\u015f, \u0130Y\u0130 Parti Bursa Milletvekili Hasan Tokta\u015f ile T\u00fcrkiye\u2019nin Cakarta B\u00fcy\u00fckel\u00e7isi Talip K\u00fc\u00e7\u00fckcan da kat\u0131ld\u0131.<\/p>\n<h3>TBMM Ba\u015fkan\u0131 Kurtulmu\u015f, Endonezya Devlet Ba\u015fkan\u0131 Widodo\u2019nun davetine kat\u0131ld\u0131<\/h3>\n<p>Kurtulmu\u015f, oturumlar\u0131n ard\u0131ndan toplant\u0131n\u0131n yap\u0131ld\u0131\u011f\u0131 salondan Endonezya Temsilciler Meclisi Ba\u015fkan\u0131 Puan Maharani, G\u00fcney Kore Ulusal Meclis Ba\u015fkan\u0131 Kim Jin-pyo, Meksika ve Avustralya&#8217;n\u0131n parlamento temsilcileriyle Endonezya Devlet Ba\u015fkanl\u0131\u011f\u0131 Saray\u0131&#8217;na ge\u00e7ti.<\/p>\n<p>TBMM Ba\u015fkan\u0131 Kurtulmu\u015f, Endonezya Devlet Ba\u015fkan\u0131 Joko Widodo\u2019nun toplant\u0131 kapsam\u0131nda Meclis Ba\u015fkanlar\u0131 onuruna verdi\u011fi davete kat\u0131ld\u0131.<\/p>\n<p>Endonezya Devlet Ba\u015fkan\u0131 Widodo\u2019nun MIKTA \u00fcyesi \u00fclkelerin parlamento ve heyet ba\u015fkanlar\u0131yla yapt\u0131\u011f\u0131 g\u00f6r\u00fc\u015fme, bas\u0131na kapal\u0131 ger\u00e7ekle\u015fti.<\/p>\n<p>                            <span class=\"detay-foto-editor\">&#13;<br \/>\n                                <a href=\"https:\/\/www.aa.com.tr\/tr\/p\/abonelik-talep-formu\/1001\" target=\"_blank\" style=\"font-size:12px; color:#444; text-decoration:none;\" rel=\"noopener\">&#13;<br \/>\n                                    Anadolu Ajans\u0131 web sitesinde, AA Haber Ak\u0131\u015f Sistemi (HAS) \u00fczerinden abonelere sunulan haberler, \u00f6zetlenerek yay\u0131mlanmaktad\u0131r. <b style=\"color:#1897F7\">Abonelik i\u00e7in l\u00fctfen ileti\u015fime ge\u00e7iniz.<\/b>&#13;<br \/>\n                                <\/a>&#13;<br \/>\n                            <\/span>\n                        <\/div>\n<p><script>\n\t  window.fbAsyncInit = function() {\n\t\tFB.init({\n\t\t  appId: '1855843514662870',\n\t\t  status : true, \/\/ check login status\n\t\t  cookie : true, \/\/ enable cookies to allow the server to access the session\n\t\t  xfbml  : true  \/\/ parse XFBML\n\t\t});\n\t  };<\/p>\n<p>\t  (function() {\n\t\tvar e = document.createElement('script');\n\t\te.src=\"https:\/\/connect.facebook.net\/tr_TR\/all.js\";\n\t\te.async = true;\n\t\tdocument.getElementById('fb-root').appendChild(e);\n\t  }());\n    <\/script><\/p>\n","protected":false},"excerpt":{"rendered":"<p>TBMM Ba\u015fkan\u0131 Numan Kurtulmu\u015f, Endonezya Temsilciler Meclisinin ev sahipli\u011finde ba\u015fkent Cakarta\u2019da d\u00fczenlenen, Meksika, Endonezya, G\u00fcney Kore, T\u00fcrkiye ve Avustralya&#8217;n\u0131n olu\u015fturdu\u011fu MIKTA\u2019n\u0131n 9\u2019uncu Parlamento Ba\u015fkanlar\u0131 Toplant\u0131s\u0131\u2019n\u0131n &#8220;Taahh\u00fct ve Sorumluluklar\u0131n \u00d6tesinde \u0130klim Eylemleri&#8221; ba\u015fl\u0131kl\u0131 oturumunda konu\u015ftu. \u0130klim de\u011fi\u015fikli\u011fi konusunun, insan yap\u0131m\u0131 bir felaket oldu\u011funu ve bu felakete kar\u015f\u0131 hen\u00fcz yeterince fark\u0131ndal\u0131k sa\u011flanamad\u0131\u011f\u0131n\u0131 belirten Kurtulmu\u015f, &#8220;Nas\u0131l sava\u015flar, \u00e7at\u0131\u015fmalar [&hellip;]<\/p>\n","protected":false},"author":1,"featured_media":22511,"comment_status":"","ping_status":"","sticky":false,"template":"","format":"standard","meta":[],"categories":[47],"tags":[],"_links":{"self":[{"href":"https:\/\/kraios.app\/news\/wp-json\/wp\/v2\/posts\/22510"}],"collection":[{"href":"https:\/\/kraios.app\/news\/wp-json\/wp\/v2\/posts"}],"about":[{"href":"https:\/\/kraios.app\/news\/wp-json\/wp\/v2\/types\/post"}],"author":[{"embeddable":true,"href":"https:\/\/kraios.app\/news\/wp-json\/wp\/v2\/users\/1"}],"replies":[{"embeddable":true,"href":"https:\/\/kraios.app\/news\/wp-json\/wp\/v2\/comments?post=22510"}],"version-history":[{"count":0,"href":"https:\/\/kraios.app\/news\/wp-json\/wp\/v2\/posts\/22510\/revisions"}],"wp:featuredmedia":[{"embeddable":true,"href":"https:\/\/kraios.app\/news\/wp-json\/wp\/v2\/media\/22511"}],"wp:attachment":[{"href":"https:\/\/kraios.app\/news\/wp-json\/wp\/v2\/media?parent=22510"}],"wp:term":[{"taxonomy":"category","embeddable":true,"href":"https:\/\/kraios.app\/news\/wp-json\/wp\/v2\/categories?post=22510"},{"taxonomy":"post_tag","embeddable":true,"href":"https:\/\/kraios.app\/news\/wp-json\/wp\/v2\/tags?post=22510"}],"curies":[{"name":"wp","href":"https:\/\/api.w.org\/{rel}","templated":true}]}}