{"id":22500,"date":"2023-11-20T10:06:16","date_gmt":"2023-11-20T10:06:16","guid":{"rendered":"https:\/\/kraios.app\/news\/siyaset\/2023\/11\/20\/tbmm-dilekce-komisyonuna-7-ayda-5-bin-basvuru\/"},"modified":"2023-11-20T10:06:16","modified_gmt":"2023-11-20T10:06:16","slug":"tbmm-dilekce-komisyonuna-7-ayda-5-bin-basvuru","status":"publish","type":"post","link":"https:\/\/kraios.app\/news\/siyaset\/2023\/11\/20\/tbmm-dilekce-komisyonuna-7-ayda-5-bin-basvuru\/","title":{"rendered":"TBMM Dilek\u00e7e Komisyonuna 7 ayda 5 bin ba\u015fvuru"},"content":{"rendered":"<p><\/p>\n<div>\n<p>Vatanda\u015flar\u0131n parlamentoya iletti\u011fi dilek ve \u015fikayetleri inceleyen TBMM Dilek\u00e7e Komisyonuna, 28. D\u00f6nem&#8217;in ba\u015flang\u0131c\u0131 olan 15 May\u0131s&#8217;tan bu yana 4 bin 817 ba\u015fvuru yap\u0131ld\u0131.<\/p>\n<p>Dilek\u00e7e Komisyonu Ba\u015fkanl\u0131k Divan\u0131, ger\u00e7ekle\u015ftirdi\u011fi toplant\u0131larda 4 bin 275 dilek\u00e7e hakk\u0131nda karar verdi. Mevzuata uygun olmayan ya da m\u00fckerrer ba\u015fvurular i\u015flemden kald\u0131r\u0131l\u0131rken, baz\u0131 dilek\u00e7elerin incelemesi devam ediyor.<\/p>\n<p>Komisyona gelen ba\u015fvurular\u0131n ilk s\u0131ras\u0131nda yakla\u015f\u0131k 1800 dilek\u00e7e ile &#8220;\u00e7evre y\u00f6netimi&#8221; yer ald\u0131. \u0130kinci s\u0131rada, 780 ba\u015fvuru ile \u00e7al\u0131\u015fma hayat\u0131 ve emeklilikle ilgili konular, \u00fc\u00e7\u00fcnc\u00fc s\u0131rada 575 dilek\u00e7e ile adalet hizmetleri bulunuyor. Ba\u015fvuru say\u0131s\u0131na g\u00f6re s\u0131ralama, askeri i\u015flemler, \u015fehircilik (konut-bar\u0131nma), e\u011fitim hizmetleri, sosyal hizmetler, mahalli hizmetler, sa\u011fl\u0131k hizmetleri ile vergi ve mali hizmetler olarak devam ediyor.<\/p>\n<p>Dilek\u00e7e Komisyonuna bu d\u00f6nemde en \u00e7ok ba\u015fvuru \u0130stanbul&#8217;dan yap\u0131ld\u0131. 1347 ki\u015fi ya da kurumun komisyona ba\u015fvurdu\u011fu \u0130stanbul&#8217;u, 482 dilek\u00e7e ile Ankara, 264 dilek\u00e7e ile \u0130zmir takip ediyor. Bursa, Antalya, Kocaeli, Konya, Kayseri, Adana ve Mersin de en \u00e7ok ba\u015fvuru yap\u0131lan di\u011fer iller olarak listede yer ald\u0131.<\/p>\n<h3>&#8220;Komisyonun 140 y\u0131ll\u0131k ge\u00e7mi\u015fi ve ar\u015fivi var&#8221;<\/h3>\n<p>TBMM Dilek\u00e7e Komisyonu Ba\u015fkan\u0131 ve AK Parti Adana Milletvekili Sunay Karam\u0131k, komisyonun tarih\u00e7esi, yap\u0131s\u0131 ve i\u015fleyi\u015fine ili\u015fkin AA muhabirine bilgi verdi.<\/p>\n<p>Dilek\u00e7e Komisyonunun, Osmanl\u0131 d\u00f6neminden beri faaliyet g\u00f6sterdi\u011fini, 140 y\u0131ll\u0131k bir ge\u00e7mi\u015fe ve ar\u015five sahip oldu\u011funu belirten Karam\u0131k, ilk olarak 1876 tarihli Kanuni Esasi&#8217;de, daha sonra 1924, 1961, 1982 anayasalar\u0131nda da yer alan Dilek\u00e7e Komisyonunun Meclisi Mebusandaki ad\u0131n\u0131n &#8220;Arzuhal Enc\u00fcmeni&#8221;, B\u00fcy\u00fck Millet Meclisindeki ad\u0131n\u0131n da &#8220;\u0130stida Enc\u00fcmeni&#8221; oldu\u011funu aktard\u0131.<\/p>\n<p>TBMM&#8217;ye bireysel ba\u015fvuru yap\u0131labilen \u00fc\u00e7 komisyondan biri olduklar\u0131n\u0131 anlatan Karam\u0131k, &#8220;Bulundu\u011fum her ortamda Dilek\u00e7e Komisyonundan bahsediyorum. \u00d6zellikle gen\u00e7lerin, kad\u0131nlar\u0131n bu demokratik hakk\u0131 kullanmalar\u0131n\u0131 \u00f6neriyorum. \u00c7\u00fcnk\u00fc gen\u00e7ler ve kad\u0131nlardan az dilek\u00e7e al\u0131yoruz. Buras\u0131 demokrasinin ger\u00e7ekle\u015fti\u011fi bir ortam. Vatanda\u015f fikrini, \u00f6nerisini, \u015fikayetini, isteklerini dilek\u00e7e yoluyla bildirerek asl\u0131nda \u00fclke y\u00f6netimine kat\u0131lm\u0131\u015f oluyor.&#8221; diye konu\u015ftu.<\/p>\n<p>TBMM 28. D\u00f6nem 2. Yasama Y\u0131l\u0131&#8217;nda olduklar\u0131n\u0131 an\u0131msatan Karam\u0131k, \u015fu ana kadar 4 bin 817 ba\u015fvuru ald\u0131klar\u0131n\u0131; bu d\u00f6nemde en \u00e7ok iklim de\u011fi\u015fikli\u011fi kanun tasla\u011f\u0131 g\u00fcndemde oldu\u011fu i\u00e7in \u00e7evre y\u00f6netimiyle ilgili dilek\u00e7elerin ba\u015f\u0131 \u00e7ekti\u011fini s\u00f6yledi. Dilek\u00e7eleri, \u0130\u00e7t\u00fcz\u00fck \u00e7er\u00e7evesinde de\u011ferlendirdiklerini ifade eden Karam\u0131k, \u015f\u00f6yle konu\u015ftu:<\/p>\n<p>&#8220;Bizim en \u00e7ok ho\u015fumuza giden \u015fey, bir dilek\u00e7eyi sonu\u00e7land\u0131rmam\u0131z ve vatanda\u015f\u0131m\u0131z\u0131n sorununu \u00e7\u00f6zmemiz. Bug\u00fcn i\u015fleme ald\u0131\u011f\u0131m\u0131z bir dilek\u00e7enin sonu\u00e7land\u0131\u011f\u0131n\u0131 g\u00f6rd\u00fck, \u00e7ok ho\u015fumuza gitti. Bir okulun d\u0131\u015f kap\u0131s\u0131ndan yabanc\u0131lar\u0131n giri\u015f \u00e7\u0131k\u0131\u015f yapt\u0131\u011f\u0131n\u0131, bunun da bir g\u00fcvenlik endi\u015fesi oldu\u011fu y\u00f6n\u00fcnde \u015fikayet gelmi\u015fti. Biz de bunu ilgili kuruma ilettik ve kap\u0131n\u0131n daha ileriye ta\u015f\u0131nmas\u0131n\u0131 sa\u011flad\u0131k. Bunun gibi \u00e7\u00f6z\u00fcmlere ula\u015ft\u0131\u011f\u0131m\u0131zda ger\u00e7ekten motivasyonumuz art\u0131yor. Sinop&#8217;un bir k\u00f6y\u00fcnden bir ba\u015fvuru gelmi\u015fti. Dilek\u00e7e o kadar umutsuzlukla yaz\u0131lm\u0131\u015ft\u0131 ki &#8216;ben bunu yaz\u0131yorum ama siz hi\u00e7 ilgilenmeyeceksiniz, konuyu ilgililere aktarmayacaks\u0131n\u0131z, bu sorun \u00e7\u00f6z\u00fcme ula\u015fmayacak ama ben yine de size yaz\u0131yorum. K\u00f6y\u00fcn yollar\u0131 k\u00f6t\u00fc, ula\u015f\u0131mda \u00e7ok s\u0131k\u0131nt\u0131 \u00e7ekiyoruz&#8217; diye. Ben de ba\u015fvurucuyu telefonla arad\u0131m, inanamad\u0131. Ger\u00e7ekten Meclisten, Dilek\u00e7e Komisyonundan arand\u0131\u011f\u0131na inanamad\u0131. \u00c7ok ho\u015funa gitti. Konunun direkt Valili\u011fe iletildi\u011fini, ilgili kurumlar\u0131n konuyla ilgili \u00e7al\u0131\u015fmalar yapt\u0131\u011f\u0131n\u0131 kendisine ilettim. Ger\u00e7ekten o da mutlu oldu, biz de mutlu olduk.&#8221;<\/p>\n<h3>Stadyumun zemininden \u015fikayet etti<\/h3>\n<p>Karam\u0131k, Komisyona her d\u00f6nem ilgin\u00e7 ya da g\u00fcl\u00fcmseten ba\u015fvurular\u0131n da geldi\u011fini s\u00f6yledi.<\/p>\n<p>Trendyol S\u00fcper Lig&#8217;de m\u00fccadele eden bir tak\u0131m\u0131n taraftar\u0131n\u0131n Komisyona yapt\u0131\u011f\u0131 ba\u015fvurudan bahseden Karam\u0131k, &#8220;Tak\u0131m\u0131n ma\u00e7lar\u0131n\u0131 oynad\u0131\u011f\u0131 stadyumun zemininden \u015fikayet ediyordu. San\u0131r\u0131m bu sorunun \u015fehrin tak\u0131m\u0131n\u0131n performans\u0131n\u0131 etkiledi\u011fini ve bir an \u00f6nce zeminin d\u00fczeltilmesini istiyordu. Bir vatanda\u015f\u0131m\u0131z da MOBESE kay\u0131tlar\u0131ndan kaybolan kedisinin aranmas\u0131n\u0131 istiyor. Banyosunun tavan\u0131n\u0131n akt\u0131\u011f\u0131ndan \u015fikayet eden bir dilek\u00e7e sahibi de kom\u015fusunu mahkemeye verdi\u011fini ama mahkemenin \u00e7ok uzad\u0131\u011f\u0131n\u0131, bunun h\u0131zland\u0131rmam\u0131z\u0131 talep ediyor.&#8221; ifadelerini kulland\u0131.<\/p>\n<p>\u00dcniversitelerden mezun olanlar\u0131n sadece mezun olduklar\u0131 b\u00f6l\u00fcmlerde istihdam edilmesinin zorunlu olmas\u0131, \u0130stanbul&#8217;da simit sat\u0131\u015f\u0131 yap\u0131lan tezgahlar\u0131n hijyenik olmad\u0131\u011f\u0131 i\u00e7in denetimlerin artt\u0131r\u0131lmas\u0131 gibi dilek\u00e7eler de ald\u0131klar\u0131n\u0131 aktaran Karam\u0131k, \u015funlar\u0131 kaydetti:<\/p>\n<p>&#8220;G\u00fcl\u00fcmseten dilek\u00e7eler her konuda her yerden geliyor. Bir di\u011fer dilek\u00e7e sahibi camilerden g\u00fcn\u00fcn her saatinde istifade edilmesi i\u00e7in her g\u00fcn bir caminin n\u00f6bet\u00e7i olarak a\u00e7\u0131k tutulmas\u0131n\u0131 istiyor. Cezaevlerinden \u00f6zellikle nakille ilgili \u00e7ok dilek\u00e7e al\u0131yoruz ama bu defa cezaevinden gelen bir dilek\u00e7ede, cezaevinde muhabbet ku\u015flar\u0131 ve kafes say\u0131s\u0131n\u0131n artt\u0131r\u0131lmas\u0131 isteniyor.&#8221;<\/p>\n<p>                            <span class=\"detay-foto-editor\">&#13;<br \/>\n                                <a href=\"https:\/\/www.aa.com.tr\/tr\/p\/abonelik-talep-formu\/1001\" target=\"_blank\" style=\"font-size:12px; color:#444; text-decoration:none;\" rel=\"noopener\">&#13;<br \/>\n                                    Anadolu Ajans\u0131 web sitesinde, AA Haber Ak\u0131\u015f Sistemi (HAS) \u00fczerinden abonelere sunulan haberler, \u00f6zetlenerek yay\u0131mlanmaktad\u0131r. <b style=\"color:#1897F7\">Abonelik i\u00e7in l\u00fctfen ileti\u015fime ge\u00e7iniz.<\/b>&#13;<br \/>\n                                <\/a>&#13;<br \/>\n                            <\/span>\n                        <\/div>\n<p><script>\n\t  window.fbAsyncInit = function() {\n\t\tFB.init({\n\t\t  appId: '1855843514662870',\n\t\t  status : true, \/\/ check login status\n\t\t  cookie : true, \/\/ enable cookies to allow the server to access the session\n\t\t  xfbml  : true  \/\/ parse XFBML\n\t\t});\n\t  };<\/p>\n<p>\t  (function() {\n\t\tvar e = document.createElement('script');\n\t\te.src=\"https:\/\/connect.facebook.net\/tr_TR\/all.js\";\n\t\te.async = true;\n\t\tdocument.getElementById('fb-root').appendChild(e);\n\t  }());\n    <\/script><\/p>\n","protected":false},"excerpt":{"rendered":"<p>Vatanda\u015flar\u0131n parlamentoya iletti\u011fi dilek ve \u015fikayetleri inceleyen TBMM Dilek\u00e7e Komisyonuna, 28. D\u00f6nem&#8217;in ba\u015flang\u0131c\u0131 olan 15 May\u0131s&#8217;tan bu yana 4 bin 817 ba\u015fvuru yap\u0131ld\u0131. Dilek\u00e7e Komisyonu Ba\u015fkanl\u0131k Divan\u0131, ger\u00e7ekle\u015ftirdi\u011fi toplant\u0131larda 4 bin 275 dilek\u00e7e hakk\u0131nda karar verdi. Mevzuata uygun olmayan ya da m\u00fckerrer ba\u015fvurular i\u015flemden kald\u0131r\u0131l\u0131rken, baz\u0131 dilek\u00e7elerin incelemesi devam ediyor. Komisyona gelen ba\u015fvurular\u0131n ilk s\u0131ras\u0131nda [&hellip;]<\/p>\n","protected":false},"author":1,"featured_media":22501,"comment_status":"","ping_status":"","sticky":false,"template":"","format":"standard","meta":[],"categories":[47],"tags":[],"_links":{"self":[{"href":"https:\/\/kraios.app\/news\/wp-json\/wp\/v2\/posts\/22500"}],"collection":[{"href":"https:\/\/kraios.app\/news\/wp-json\/wp\/v2\/posts"}],"about":[{"href":"https:\/\/kraios.app\/news\/wp-json\/wp\/v2\/types\/post"}],"author":[{"embeddable":true,"href":"https:\/\/kraios.app\/news\/wp-json\/wp\/v2\/users\/1"}],"replies":[{"embeddable":true,"href":"https:\/\/kraios.app\/news\/wp-json\/wp\/v2\/comments?post=22500"}],"version-history":[{"count":0,"href":"https:\/\/kraios.app\/news\/wp-json\/wp\/v2\/posts\/22500\/revisions"}],"wp:featuredmedia":[{"embeddable":true,"href":"https:\/\/kraios.app\/news\/wp-json\/wp\/v2\/media\/22501"}],"wp:attachment":[{"href":"https:\/\/kraios.app\/news\/wp-json\/wp\/v2\/media?parent=22500"}],"wp:term":[{"taxonomy":"category","embeddable":true,"href":"https:\/\/kraios.app\/news\/wp-json\/wp\/v2\/categories?post=22500"},{"taxonomy":"post_tag","embeddable":true,"href":"https:\/\/kraios.app\/news\/wp-json\/wp\/v2\/tags?post=22500"}],"curies":[{"name":"wp","href":"https:\/\/api.w.org\/{rel}","templated":true}]}}